{"id":712735,"date":"2026-03-10T16:48:00","date_gmt":"2026-03-10T20:48:00","guid":{"rendered":"https:\/\/unifranz.edu.bo\/?p=712735"},"modified":"2026-03-10T16:48:42","modified_gmt":"2026-03-10T20:48:42","slug":"diseno-grafico-y-cultura-sostenible-creatividad-al-servicio-del-cambio-social","status":"publish","type":"post","link":"https:\/\/unifranz.edu.bo\/pt\/blog\/diseno-grafico-y-cultura-sostenible-creatividad-al-servicio-del-cambio-social\/","title":{"rendered":"Dise\u00f1o gr\u00e1fico y cultura sostenible: creatividad al servicio del cambio social"},"content":{"rendered":"<p>El dise\u00f1o gr\u00e1fico ha dejado de ser \u00fanicamente una disciplina asociada a la est\u00e9tica para consolidarse como una herramienta estrat\u00e9gica de transformaci\u00f3n social. En un contexto marcado por la crisis clim\u00e1tica, la sobreinformaci\u00f3n y los desaf\u00edos culturales contempor\u00e1neos, la comunicaci\u00f3n visual se posiciona como un motor capaz de influir en comportamientos, fortalecer identidades locales y promover una cultura sostenible.<\/p>\n\n\n\n<blockquote class=\"wp-block-quote is-layout-flow wp-block-quote-is-layout-flow\">\n<p>\u201cEl arte y el dise\u00f1o van de la mano con las causas sociales. Siempre han acompa\u00f1ado las luchas desde el inicio de la historia\u201d, afirm\u00f3 Jorge Gamboa, dise\u00f1ador mexicano reconocido internacionalmente por su ic\u00f3nico cartel Planet or Plastic?, durante su participaci\u00f3n en la Bienal del Cartel Bolivia (BICeB\u00e9). Para el creador, la imagen tiene la capacidad de \u201chacer visible lo invisible\u201d y convertirse en catalizador de conciencia colectiva.<\/p>\n<\/blockquote>\n\n\n\n<p>Su obra m\u00e1s emblem\u00e1tica \u2014una bolsa de pl\u00e1stico convertida en iceberg\u2014 fue portada de National Geographic y se transform\u00f3 en s\u00edmbolo global contra la contaminaci\u00f3n oce\u00e1nica. \u201cSi una imagen logra que alguien piense dos veces antes de usar una botella pl\u00e1stica, ya provoc\u00f3 un cambio\u201d, sostuvo Gamboa, al destacar el poder inmediato del lenguaje visual.<\/p>\n\n\n\n<blockquote class=\"wp-block-quote is-layout-flow wp-block-quote-is-layout-flow\">\n<p>Desde esta perspectiva, el dise\u00f1o gr\u00e1fico no solo comunica: construye narrativas que inciden en decisiones individuales y din\u00e1micas sociales. En palabras de Iyorbanka Cuiza, directora de la carrera de Dise\u00f1o Gr\u00e1fico y Producci\u00f3n Crossmedia de la Universidad Franz Tamayo (Unifranz), \u201cel dise\u00f1o gr\u00e1fico no solo se trata de hacer cosas llamativas o bonitas; es una herramienta fundamental de comunicaci\u00f3n visual que influye en c\u00f3mo entendemos y reaccionamos ante el mundo\u201d. En una \u201cera visual\u201d, a\u00f1ade, prescindir del dise\u00f1o ser\u00eda como \u201cnavegar sin br\u00fajula en un mar de confusi\u00f3n\u201d.<\/p>\n<\/blockquote>\n\n\n\n<p>La sostenibilidad cultural tambi\u00e9n se construye desde la identidad. Alejandro Bay\u00e1, docente de la misma carrera, subraya que el dise\u00f1o \u201cpotencia un mundo mucho m\u00e1s organizado\u201d al crear flujos y conexiones que permiten a las personas relacionarse con plataformas, mensajes y entornos de manera clara y funcional. En ese ordenamiento visual tambi\u00e9n se fortalece el sentido de pertenencia y la apropiaci\u00f3n cultural.<\/p>\n\n\n\n<p>Un ejemplo concreto de c\u00f3mo la creatividad universitaria puede convertirse en acci\u00f3n social es la campa\u00f1a <em>Salva su historia<\/em>, desarrollada por estudiantes de Unifranz. La iniciativa abord\u00f3 problem\u00e1ticas como el sharenting, el ciberacoso y el insomnio digital a trav\u00e9s de experiencias inmersivas, ilustraciones con realidad aumentada y narrativas interactivas.<\/p>\n\n\n\n<blockquote class=\"wp-block-quote is-layout-flow wp-block-quote-is-layout-flow\">\n<p>\u201cEl sharenting es una problem\u00e1tica social. Como los ni\u00f1os a\u00fan no pueden decidir sobre su historia, propusimos ilustraciones que invitan a los padres a reflexionar sobre lo que publican\u201d, explic\u00f3 la estudiante Rizely Huaman. La campa\u00f1a integr\u00f3 adem\u00e1s cuentos did\u00e1cticos y espacios de expresi\u00f3n art\u00edstica para promover el autocuidado infantil, demostrando que el dise\u00f1o puede educar y generar impacto tangible.<\/p>\n<\/blockquote>\n\n\n\n<p>En otra iniciativa, estudiantes de la carrera dise\u00f1aron manuales de identidad corporativa y propuestas de packaging para 15 emprendimientos bolivianos en alianza con organizaciones sociales. El proyecto fortaleci\u00f3 marcas locales y contribuy\u00f3 a reducir la contaminaci\u00f3n visual gen\u00e9rica, reafirmando que el dise\u00f1o estrat\u00e9gico tambi\u00e9n impulsa econom\u00edas sostenibles.<\/p>\n\n\n\n<blockquote class=\"wp-block-quote is-layout-flow wp-block-quote-is-layout-flow\">\n<p>Para Gamboa, la clave est\u00e1 en la autenticidad y la conexi\u00f3n con el entorno. \u201cCuando quieras dar un mensaje fuerte y eficaz, s\u00e9 lo m\u00e1s honesto posible. La conexi\u00f3n con tu entorno es la forma m\u00e1s sincera de comunicar\u201d, recomend\u00f3 a los j\u00f3venes dise\u00f1adores. En tiempos de crisis ambiental y transformaci\u00f3n digital, esa honestidad creativa se convierte en una forma de resistencia y propuesta.<\/p>\n<\/blockquote>\n\n\n\n<p>As\u00ed, el dise\u00f1o gr\u00e1fico emerge como un idioma universal que articula cultura, tecnolog\u00eda e innovaci\u00f3n con prop\u00f3sito social. Desde campa\u00f1as ambientales hasta proyectos educativos y emprendimientos locales, la creatividad visual demuestra que puede ser una fuerza transformadora. M\u00e1s que una profesi\u00f3n, el dise\u00f1o es hoy una pr\u00e1ctica cultural capaz de imaginar futuros m\u00e1s conscientes, inclusivos y sostenibles.<\/p>","protected":false},"excerpt":{"rendered":"<p>El dise\u00f1o gr\u00e1fico evoluciona como herramienta estrat\u00e9gica para comunicar sostenibilidad e impulsar cambios sociales.<\/p>","protected":false},"author":49,"featured_media":712736,"comment_status":"open","ping_status":"open","sticky":false,"template":"","format":"standard","meta":{"_acf_changed":false,"footnotes":""},"categories":[60],"tags":[11569,12116,414,5544,53,1422,681,124,4838,242],"class_list":["post-712735","post","type-post","status-publish","format-standard","has-post-thumbnail","hentry","category-blog","tag-calidad-academica-2","tag-cultura-sostenible","tag-diseno-grafico","tag-ecologia","tag-educacion","tag-innovacion-en-educacion","tag-redes-sociales","tag-salud","tag-sostenibilidad","tag-unifranz"],"acf":[],"_links":{"self":[{"href":"https:\/\/unifranz.edu.bo\/pt\/wp-json\/wp\/v2\/posts\/712735","targetHints":{"allow":["GET"]}}],"collection":[{"href":"https:\/\/unifranz.edu.bo\/pt\/wp-json\/wp\/v2\/posts"}],"about":[{"href":"https:\/\/unifranz.edu.bo\/pt\/wp-json\/wp\/v2\/types\/post"}],"author":[{"embeddable":true,"href":"https:\/\/unifranz.edu.bo\/pt\/wp-json\/wp\/v2\/users\/49"}],"replies":[{"embeddable":true,"href":"https:\/\/unifranz.edu.bo\/pt\/wp-json\/wp\/v2\/comments?post=712735"}],"version-history":[{"count":1,"href":"https:\/\/unifranz.edu.bo\/pt\/wp-json\/wp\/v2\/posts\/712735\/revisions"}],"predecessor-version":[{"id":712739,"href":"https:\/\/unifranz.edu.bo\/pt\/wp-json\/wp\/v2\/posts\/712735\/revisions\/712739"}],"wp:featuredmedia":[{"embeddable":true,"href":"https:\/\/unifranz.edu.bo\/pt\/wp-json\/wp\/v2\/media\/712736"}],"wp:attachment":[{"href":"https:\/\/unifranz.edu.bo\/pt\/wp-json\/wp\/v2\/media?parent=712735"}],"wp:term":[{"taxonomy":"category","embeddable":true,"href":"https:\/\/unifranz.edu.bo\/pt\/wp-json\/wp\/v2\/categories?post=712735"},{"taxonomy":"post_tag","embeddable":true,"href":"https:\/\/unifranz.edu.bo\/pt\/wp-json\/wp\/v2\/tags?post=712735"}],"curies":[{"name":"wp","href":"https:\/\/api.w.org\/{rel}","templated":true}]}}