{"id":712689,"date":"2026-03-09T17:46:45","date_gmt":"2026-03-09T21:46:45","guid":{"rendered":"https:\/\/unifranz.edu.bo\/?p=712689"},"modified":"2026-03-09T17:47:53","modified_gmt":"2026-03-09T21:47:53","slug":"juventud-y-liderazgo-sostenible-historias-de-jovenes-que-rompen-paradigmas","status":"publish","type":"post","link":"https:\/\/unifranz.edu.bo\/pt\/blog\/juventud-y-liderazgo-sostenible-historias-de-jovenes-que-rompen-paradigmas\/","title":{"rendered":"Juventud y liderazgo sostenible: historias de j\u00f3venes que rompen paradigmas"},"content":{"rendered":"<p>En un contexto global marcado por la crisis clim\u00e1tica y la urgencia de transformar los modelos de desarrollo, la juventud universitaria emerge como un actor estrat\u00e9gico en la construcci\u00f3n de soluciones sostenibles. Desde Bolivia, estudiantes de distintas carreras est\u00e1n demostrando que la innovaci\u00f3n con prop\u00f3sito puede nacer en el aula y escalar hacia redes internacionales.\u00a0<\/p>\n\n\n\n<p>La Universidad Franz Tamayo (Unifranz), a trav\u00e9s de iniciativas como el Futures Week y su ecosistema de laboratorios y proyectos integradores, se ha convertido en un semillero de liderazgo juvenil con impacto ambiental y social.<\/p>\n\n\n\n<blockquote class=\"wp-block-quote is-layout-flow wp-block-quote-is-layout-flow\">\n<p>Uno de los casos m\u00e1s emblem\u00e1ticos es el de Grecia Bello, ingeniera de 24 a\u00f1os y coordinadora del Fab Lab Santa Cruz de Unifranz. Su proyecto Arakuaa \u2014\u201cconocimiento\u201d en guaran\u00ed\u2014 es una m\u00e1quina capaz de transformar pl\u00e1stico reciclado en fibras textiles sostenibles. Inspirada en la cosmovisi\u00f3n de la comunidad Isose\u00f1a Guaran\u00ed y desarrollada junto a un equipo multidisciplinario, la tecnolog\u00eda no solo aborda la contaminaci\u00f3n por PET, sino que propone una alternativa de materia prima para pueblos afectados por incendios forestales y escasez de recursos naturales.<\/p>\n<\/blockquote>\n\n\n\n<p>Construida en madera y decorada con s\u00edmbolos guaran\u00edes, Arakuaa encarna una visi\u00f3n de innovaci\u00f3n con identidad. El proyecto fue presentado en el Fab24 en M\u00e9xico y despert\u00f3 inter\u00e9s en pa\u00edses como Francia, Espa\u00f1a y Portugal. Hoy avanza hacia un modelo open source para democratizar su r\u00e9plica internacional. \u201cQueremos co-crear con las comunidades y darles el cr\u00e9dito que les corresponde\u201d, ha enfatizado Bello, reflejando un liderazgo que integra tecnolog\u00eda, \u00e9tica y colaboraci\u00f3n intercultural.<\/p>\n\n\n\n<blockquote class=\"wp-block-quote is-layout-flow wp-block-quote-is-layout-flow\">\n<p>En paralelo, desde la carrera de Ingenier\u00eda de Sistemas, Alison G\u00f3mez, Roberto Tito y Elder Guti\u00e9rrez desarrollaron el \u201cExtrusor Verde\u201d, una m\u00e1quina que convierte botellas PET en filamento para impresoras 3D. La iniciativa reduce residuos pl\u00e1sticos y abarata costos de producci\u00f3n tecnol\u00f3gica, demostrando que la econom\u00eda circular puede implementarse desde el \u00e1mbito universitario. Su prototipo, surgido en el programa de Proyectos Integradores, evidencia el valor del \u201caprender haciendo\u201d como metodolog\u00eda formativa para el cambio.<\/p>\n<\/blockquote>\n\n\n\n<p>Estos liderazgos no surgen en aislamiento. Espacios como el Futures Week de Unifranz \u2014organizado en alianza con The Millennium Project y la Red Iberoamericana de Prospectiva (RIBER)\u2014 consolidan un laboratorio vivo donde estudiantes, autoridades y expertos internacionales co-crean soluciones alineadas con los Objetivos de Desarrollo Sostenible (ODS). En su octava versi\u00f3n, el evento reuni\u00f3 a j\u00f3venes que trabajaron en propuestas sobre movilidad sostenible, energ\u00edas renovables, salud urbana y transformaci\u00f3n digital, bajo la premisa de que \u201cel futuro no se pronostica, se construye\u201d.<\/p>\n\n\n\n<p>El enfoque dialoga con los planteamientos de UNESCO-IESALC, que promueve la educaci\u00f3n superior como catalizador del desarrollo sostenible. A trav\u00e9s de iniciativas como el Bootcamp \u201cEcologizar con Ciencia, Tecnolog\u00eda e Innovaci\u00f3n\u201d, desarrollado junto a la Oficina de las Naciones Unidas para la Cooperaci\u00f3n Sur-Sur, 250 estudiantes del Sur Global dise\u00f1aron soluciones tecnol\u00f3gicas con impacto clim\u00e1tico. Seg\u00fan Francesc Pedr\u00f3, director de UNESCO-IESALC, \u201clos j\u00f3venes son socios esenciales para forjar un futuro m\u00e1s justo, innovador y sostenible\u201d, siempre que cuenten con capacidades y redes de apoyo.<\/p>\n\n\n\n<blockquote class=\"wp-block-quote is-layout-flow wp-block-quote-is-layout-flow\">\n<p>La participaci\u00f3n de UNESCO-IESALC en la Cumbre de la Juventud del Banco Mundial 2025 reforz\u00f3 esta visi\u00f3n: las universidades son laboratorios donde la ciencia, la tecnolog\u00eda y la innovaci\u00f3n se convierten en herramientas para enfrentar desaf\u00edos globales. Redes como BIBO (Better Innovation, Better Outcomes) impulsan precisamente el liderazgo juvenil en la transformaci\u00f3n de los sistemas de educaci\u00f3n superior.<\/p>\n<\/blockquote>\n\n\n\n<p>En ese cruce entre lo local y lo global, el liderazgo de j\u00f3venes como Grecia Bello adquiere una dimensi\u00f3n estrat\u00e9gica. Desde el Fab Lab Santa Cruz, espacio que coordina, se articulan saberes tecnol\u00f3gicos con identidad cultural, emprendimiento y colaboraci\u00f3n internacional. El laboratorio no solo fabrica prototipos: forma l\u00edderes capaces de dialogar con comunidades ind\u00edgenas, participar en foros internacionales y liberar conocimiento para el mundo.<\/p>\n\n\n\n<p>Las historias de Arakuaa y del Extrusor Verde evidencian que la sostenibilidad no es un discurso abstracto, sino una pr\u00e1ctica concreta que integra innovaci\u00f3n, conciencia ambiental y responsabilidad social. Son ejemplos de una generaci\u00f3n que no espera heredar el futuro, sino que decide dise\u00f1arlo.<\/p>\n\n\n\n<blockquote class=\"wp-block-quote is-layout-flow wp-block-quote-is-layout-flow\">\n<p>En tiempos donde la acci\u00f3n clim\u00e1tica exige soluciones urgentes y colaborativas, la juventud universitaria boliviana demuestra que el liderazgo sostenible se construye con conocimiento, redes y prop\u00f3sito. Desde el aula hasta los escenarios internacionales, estos estudiantes rompen paradigmas y confirman que el cambio comienza cuando la educaci\u00f3n inspira a transformar la realidad.<\/p>\n<\/blockquote>","protected":false},"excerpt":{"rendered":"<p>J\u00f3venes universitarios desarrollan soluciones sostenibles que integran tecnolog\u00eda, reciclaje y liderazgo ambiental.<\/p>","protected":false},"author":49,"featured_media":712690,"comment_status":"open","ping_status":"open","sticky":false,"template":"","format":"standard","meta":{"_acf_changed":false,"footnotes":""},"categories":[60],"tags":[11569,4836,5390,332,1422,4838,6442,218,11118,242],"class_list":["post-712689","post","type-post","status-publish","format-standard","has-post-thumbnail","hentry","category-blog","tag-calidad-academica-2","tag-crisis-climatica","tag-fablab-santa-cruz","tag-futures-week","tag-innovacion-en-educacion","tag-sostenibilidad","tag-stem","tag-tecnologia","tag-unesco-iesalc-2","tag-unifranz"],"acf":[],"_links":{"self":[{"href":"https:\/\/unifranz.edu.bo\/pt\/wp-json\/wp\/v2\/posts\/712689","targetHints":{"allow":["GET"]}}],"collection":[{"href":"https:\/\/unifranz.edu.bo\/pt\/wp-json\/wp\/v2\/posts"}],"about":[{"href":"https:\/\/unifranz.edu.bo\/pt\/wp-json\/wp\/v2\/types\/post"}],"author":[{"embeddable":true,"href":"https:\/\/unifranz.edu.bo\/pt\/wp-json\/wp\/v2\/users\/49"}],"replies":[{"embeddable":true,"href":"https:\/\/unifranz.edu.bo\/pt\/wp-json\/wp\/v2\/comments?post=712689"}],"version-history":[{"count":1,"href":"https:\/\/unifranz.edu.bo\/pt\/wp-json\/wp\/v2\/posts\/712689\/revisions"}],"predecessor-version":[{"id":712691,"href":"https:\/\/unifranz.edu.bo\/pt\/wp-json\/wp\/v2\/posts\/712689\/revisions\/712691"}],"wp:featuredmedia":[{"embeddable":true,"href":"https:\/\/unifranz.edu.bo\/pt\/wp-json\/wp\/v2\/media\/712690"}],"wp:attachment":[{"href":"https:\/\/unifranz.edu.bo\/pt\/wp-json\/wp\/v2\/media?parent=712689"}],"wp:term":[{"taxonomy":"category","embeddable":true,"href":"https:\/\/unifranz.edu.bo\/pt\/wp-json\/wp\/v2\/categories?post=712689"},{"taxonomy":"post_tag","embeddable":true,"href":"https:\/\/unifranz.edu.bo\/pt\/wp-json\/wp\/v2\/tags?post=712689"}],"curies":[{"name":"wp","href":"https:\/\/api.w.org\/{rel}","templated":true}]}}