{"id":712682,"date":"2026-03-09T17:33:03","date_gmt":"2026-03-09T21:33:03","guid":{"rendered":"https:\/\/unifranz.edu.bo\/?p=712682"},"modified":"2026-03-09T17:34:02","modified_gmt":"2026-03-09T21:34:02","slug":"como-acompanar-a-un-ser-querido-tras-un-trauma-claves-para-brindar-apoyo-emocional","status":"publish","type":"post","link":"https:\/\/unifranz.edu.bo\/pt\/blog\/como-acompanar-a-un-ser-querido-tras-un-trauma-claves-para-brindar-apoyo-emocional\/","title":{"rendered":"C\u00f3mo acompa\u00f1ar a un ser querido tras un trauma: claves para brindar apoyo emocional"},"content":{"rendered":"<p>Un evento traum\u00e1tico no solo impacta a quien lo vive directamente, sino tambi\u00e9n a su entorno m\u00e1s cercano. Accidentes, p\u00e9rdidas repentinas, violencia o enfermedades graves pueden alterar profundamente la estabilidad emocional de una persona, afectando su comportamiento, sus v\u00ednculos y su manera de enfrentar la vida cotidiana. En ese escenario, saber c\u00f3mo acompa\u00f1ar a un ser querido se convierte en una tarea tan sensible como necesaria.<\/p>\n\n\n\n<p>Desde la psicolog\u00eda, el primer paso es comprender que el trauma no se manifiesta de una sola forma. Cambios bruscos de \u00e1nimo, irritabilidad, problemas de sue\u00f1o, dificultad para concentrarse, retraimiento social o una sensaci\u00f3n persistente de angustia son algunas de las se\u00f1ales m\u00e1s frecuentes.&nbsp;<\/p>\n\n\n\n<blockquote class=\"wp-block-quote is-layout-flow wp-block-quote-is-layout-flow\">\n<p>Para Ver\u00f3nica Tapias Nacif, psic\u00f3loga del Gabinete de la Universidad Franz Tamayo (Unifranz), el acompa\u00f1amiento comienza con una actitud b\u00e1sica pero decisiva: la escucha activa. \u201cEscuchar, validar emociones y no juzgar son los primeros pasos para ayudar a alguien que atraviesa una situaci\u00f3n traum\u00e1tica\u201d, explica.<\/p>\n<\/blockquote>\n\n\n\n<p>Tapias advierte que uno de los errores m\u00e1s comunes es minimizar el dolor o intentar ofrecer soluciones r\u00e1pidas. \u201cFrases como \u2018todo va a pasar\u2019 pueden generar m\u00e1s distancia. Lo importante es mostrar inter\u00e9s genuino y permitir que la persona se exprese a su ritmo\u201d, se\u00f1ala. En situaciones de alto riesgo emocional, como ideas suicidas, la especialista enfatiza que no se debe dejar sola a la persona y que es fundamental buscar ayuda profesional de inmediato.<\/p>\n\n\n\n<p>Esta mirada coincide con las recomendaciones de Mayo Clinic, que subraya la importancia de distinguir entre reacciones normales tras un evento traum\u00e1tico y trastornos que requieren intervenci\u00f3n especializada, como el estr\u00e9s postraum\u00e1tico. La instituci\u00f3n m\u00e9dica indica que no se deben imponer plazos de recuperaci\u00f3n ni forzar conversaciones, ya que cada proceso es \u00fanico y necesita respeto por los tiempos individuales.<\/p>\n\n\n\n<p><strong>Primeros auxilios psicol\u00f3gicos: estar presentes sin invadir<\/strong><\/p>\n\n\n\n<p>En contextos de crisis emocional, los llamados primeros auxilios psicol\u00f3gicos se presentan como una herramienta de apoyo inmediato. No buscan reemplazar la terapia, sino ofrecer contenci\u00f3n, calma y orientaci\u00f3n en los momentos iniciales posteriores al trauma. Diversos estudios respaldados por la Organizaci\u00f3n Mundial de la Salud (OMS) y publicaciones acad\u00e9micas como el Journal of Mental Health Counseling se\u00f1alan que estas intervenciones tempranas ayudan a reducir el estr\u00e9s agudo y previenen la cronificaci\u00f3n del malestar psicol\u00f3gico.<\/p>\n\n\n\n<p>Entre las acciones m\u00e1s recomendadas se encuentran: permanecer cerca sin ser invasivos, escuchar sin interrumpir, validar las emociones, evitar juicios o reproches, y facilitar el acceso a una red de apoyo y a profesionales de la salud mental. Estos gestos simples pueden restablecer, al menos parcialmente, la sensaci\u00f3n de seguridad que suele perderse tras un evento traum\u00e1tico.<\/p>\n\n\n\n<p><strong>El rol de la familia y la importancia del autocuidado<\/strong><\/p>\n\n\n\n<blockquote class=\"wp-block-quote is-layout-flow wp-block-quote-is-layout-flow\">\n<p>El acompa\u00f1amiento no es una tarea individual. La familia cumple un papel central en el proceso de recuperaci\u00f3n emocional. Carmen Aguilera, docente de la carrera de Psicolog\u00eda de Unifranz, explica que la salud debe abordarse de manera integral. \u201cEl paciente no es solo una enfermedad o un diagn\u00f3stico; es un ser biopsicosocial, y su entorno tambi\u00e9n se ve emocionalmente afectado\u201d, afirma.<\/p>\n<\/blockquote>\n\n\n\n<p>La acad\u00e9mica se\u00f1ala que, en muchos casos, la persona que atraviesa un trauma puede sentir culpa por el impacto que su situaci\u00f3n genera en su familia, lo que incrementa su malestar. Por ello, recomienda que el apoyo psicol\u00f3gico incluya tambi\u00e9n al entorno cercano, ayudando a comprender y afrontar el proceso de manera m\u00e1s objetiva y emp\u00e1tica.<\/p>\n\n\n\n<p>Acompa\u00f1ar a alguien que ha vivido un trauma tambi\u00e9n implica cuidarse a uno mismo. Reconocer los propios l\u00edmites, buscar espacios de descanso y acudir a apoyo profesional cuando el desgaste emocional es alto es fundamental para sostener el acompa\u00f1amiento en el tiempo. El autocuidado no debilita el apoyo; por el contrario, lo hace posible.<\/p>\n\n\n\n<p>En definitiva, acompa\u00f1ar tras un trauma requiere informaci\u00f3n, sensibilidad y presencia. Escuchar, validar y buscar ayuda especializada cuando es necesario puede transformar el dolor en un proceso de recuperaci\u00f3n m\u00e1s humano y compartido.<\/p>","protected":false},"excerpt":{"rendered":"<p>El apoyo familiar, la escucha y la empat\u00eda son fundamentales para acompa\u00f1ar a una persona que atraviesa un trauma o crisis emocional.<\/p>","protected":false},"author":49,"featured_media":712683,"comment_status":"open","ping_status":"open","sticky":false,"template":"","format":"standard","meta":{"_acf_changed":false,"footnotes":""},"categories":[60],"tags":[8732,11569,11555,1422,10867,240,2944,3160,242,12104],"class_list":["post-712682","post","type-post","status-publish","format-standard","has-post-thumbnail","hentry","category-blog","tag-autocuidado","tag-calidad-academica-2","tag-depresion-2","tag-innovacion-en-educacion","tag-oms-2","tag-psicologia","tag-salud-mental","tag-traumas","tag-unifranz","tag-validacion"],"acf":[],"_links":{"self":[{"href":"https:\/\/unifranz.edu.bo\/pt\/wp-json\/wp\/v2\/posts\/712682","targetHints":{"allow":["GET"]}}],"collection":[{"href":"https:\/\/unifranz.edu.bo\/pt\/wp-json\/wp\/v2\/posts"}],"about":[{"href":"https:\/\/unifranz.edu.bo\/pt\/wp-json\/wp\/v2\/types\/post"}],"author":[{"embeddable":true,"href":"https:\/\/unifranz.edu.bo\/pt\/wp-json\/wp\/v2\/users\/49"}],"replies":[{"embeddable":true,"href":"https:\/\/unifranz.edu.bo\/pt\/wp-json\/wp\/v2\/comments?post=712682"}],"version-history":[{"count":1,"href":"https:\/\/unifranz.edu.bo\/pt\/wp-json\/wp\/v2\/posts\/712682\/revisions"}],"predecessor-version":[{"id":712684,"href":"https:\/\/unifranz.edu.bo\/pt\/wp-json\/wp\/v2\/posts\/712682\/revisions\/712684"}],"wp:featuredmedia":[{"embeddable":true,"href":"https:\/\/unifranz.edu.bo\/pt\/wp-json\/wp\/v2\/media\/712683"}],"wp:attachment":[{"href":"https:\/\/unifranz.edu.bo\/pt\/wp-json\/wp\/v2\/media?parent=712682"}],"wp:term":[{"taxonomy":"category","embeddable":true,"href":"https:\/\/unifranz.edu.bo\/pt\/wp-json\/wp\/v2\/categories?post=712682"},{"taxonomy":"post_tag","embeddable":true,"href":"https:\/\/unifranz.edu.bo\/pt\/wp-json\/wp\/v2\/tags?post=712682"}],"curies":[{"name":"wp","href":"https:\/\/api.w.org\/{rel}","templated":true}]}}