{"id":712653,"date":"2026-03-06T19:27:56","date_gmt":"2026-03-06T23:27:56","guid":{"rendered":"https:\/\/unifranz.edu.bo\/?p=712653"},"modified":"2026-03-09T15:29:50","modified_gmt":"2026-03-09T19:29:50","slug":"ela-una-enfermedad-silenciosa-que-apaga-los-musculos-pero-no-la-conciencia","status":"publish","type":"post","link":"https:\/\/unifranz.edu.bo\/pt\/blog\/ela-una-enfermedad-silenciosa-que-apaga-los-musculos-pero-no-la-conciencia\/","title":{"rendered":"ELA,\u00a0 una enfermedad silenciosa que apaga los m\u00fasculos, pero no la conciencia"},"content":{"rendered":"<p>La esclerosis lateral amiotr\u00f3fica (ELA) es una enfermedad neurodegenerativa progresiva que destruye las neuronas encargadas de controlar los movimientos del cuerpo. Aunque no tiene cura, el diagn\u00f3stico temprano, la atenci\u00f3n m\u00e9dica multidisciplinaria y el acompa\u00f1amiento familiar pueden mejorar la calidad de vida de quienes la padecen.<\/p>\n\n\n\n<blockquote class=\"wp-block-quote is-layout-flow wp-block-quote-is-layout-flow\">\n<p>\u201cEl deterioro de estas neuronas provoca que se pierda gradualmente la conexi\u00f3n entre el sistema nervioso y los m\u00fasculos, lo que impide caminar, hablar, comer y, en fases avanzadas, respirar\u201d, explica Jos\u00e9 Antonio Montecinos Molina, docente de la carrera de Medicina en la Universidad Franz Tamayo (Unifranz).<\/p>\n<\/blockquote>\n\n\n\n<p>El especialista se\u00f1ala que se trata de un proceso progresivo en el que las fibras musculares dejan de recibir est\u00edmulos nerviosos, lo que genera debilidad, atrofia muscular y par\u00e1lisis.<\/p>\n\n\n\n<p>En la misma l\u00ednea, Gabriel Mendoza, tambi\u00e9n docente de Medicina, a\u00f1ade que la ELA es \u201cuna enfermedad neurodegenerativa progresiva e irreversible, donde se produce la degeneraci\u00f3n y muerte de las neuronas motoras que controlan los m\u00fasculos voluntarios\u201d.<\/p>\n\n\n\n<p><strong>Una historia que visibiliza la enfermedad<\/strong><\/p>\n\n\n\n<p>El actor estadounidense Eric Dane, recordado por su papel en la serie Grey\u2019s Anatomy, sorprendi\u00f3 al p\u00fablico cuando revel\u00f3 que hab\u00eda sido diagnosticado con esclerosis lateral amiotr\u00f3fica (ELA). Su testimonio conmovi\u00f3 a seguidores y colegas, porque mostr\u00f3 el lado m\u00e1s humano de un actor acostumbrado a representar historias intensas, pero que ahora deb\u00eda escribir una propia.<\/p>\n\n\n\n<p>Lejos de ocultar su situaci\u00f3n, Dane decidi\u00f3 hablar p\u00fablicamente sobre la enfermedad y continuar con sus proyectos profesionales el mayor tiempo posible. Su historia se convirti\u00f3 en un recordatorio de que la ELA puede afectar a cualquier persona y que, pese a su dureza, muchos pacientes buscan seguir activos, conectados con su familia y con aquello que les da sentido.&nbsp;&nbsp;<\/p>\n\n\n\n<p>Su fallecimiento volvi\u00f3 a poner el foco sobre este padecimiento poco frecuente, pero devastador, que afecta a miles de personas en el mundo. La ELA no compromete la conciencia ni la capacidad intelectual en la mayor\u00eda de los casos, pero limita cada vez m\u00e1s la movilidad, el habla y, en etapas avanzadas, la respiraci\u00f3n.<\/p>\n\n\n\n<p><strong>Causas y factores de riesgo<\/strong><\/p>\n\n\n\n<p>La ciencia a\u00fan no ha identificado una causa \u00fanica que explique la aparici\u00f3n de la ELA. En la mayor\u00eda de los casos se presenta de forma espor\u00e1dica, es decir, sin antecedentes familiares.<\/p>\n\n\n\n<blockquote class=\"wp-block-quote is-layout-flow wp-block-quote-is-layout-flow\">\n<p>\u201cEntre el 90 % y el 95 % de los casos son espor\u00e1dicos y el resto corresponde a formas hereditarias\u201d, detalla Montecinos. Seg\u00fan el especialista, la enfermedad podr\u00eda desarrollarse por la interacci\u00f3n entre factores gen\u00e9ticos y ambientales.<\/p>\n<\/blockquote>\n\n\n\n<p>Algunos estudios han se\u00f1alado posibles variables de riesgo, como la exposici\u00f3n a metales pesados, pesticidas, tabaquismo, neurotoxinas o actividades con alto riesgo de conmociones cerebrales. La enfermedad suele aparecer entre los 40 y 70 a\u00f1os.<\/p>\n\n\n\n<p>Mendoza coincide en que la mayor\u00eda de los casos surgen sin antecedentes familiares. \u201cLa ELA espor\u00e1dica puede aparecer en cualquier persona y se desconocen los factores exactos que la desencadenan\u201d, afirma.<\/p>\n\n\n\n<p><strong>Se\u00f1ales tempranas y diagn\u00f3stico<\/strong><\/p>\n\n\n\n<p>Detectar la ELA en etapas iniciales puede resultar complejo, ya que los s\u00edntomas suelen aparecer de forma gradual.<\/p>\n\n\n\n<p>Los primeros signos incluyen debilidad muscular en manos o piernas, torpeza al caminar, calambres frecuentes o dificultad para hablar y tragar. Con el avance de la enfermedad tambi\u00e9n pueden presentarse espasmos musculares, p\u00e9rdida de fuerza y ca\u00eddas frecuentes.<\/p>\n\n\n\n<p>\u201cEl diagn\u00f3stico es fundamentalmente cl\u00ednico y se apoya en estudios como la electromiograf\u00eda y la resonancia magn\u00e9tica\u201d, explica Montecinos.<\/p>\n\n\n\n<p>En algunos pacientes tambi\u00e9n pueden aparecer cambios cognitivos. Seg\u00fan el especialista, entre el 30 % y el 50 % de las personas diagnosticadas presentan alg\u00fan grado de deterioro cognitivo durante la evoluci\u00f3n de la enfermedad.<\/p>\n\n\n\n<p><strong>Vivir con ELA: el reto de mantener la calidad de vida<\/strong><\/p>\n\n\n\n<p>Aunque actualmente no existe una cura para la esclerosis lateral amiotr\u00f3fica, el tratamiento se centra en mejorar la calidad de vida del paciente.<\/p>\n\n\n\n<blockquote class=\"wp-block-quote is-layout-flow wp-block-quote-is-layout-flow\">\n<p>\u201cEl manejo debe ser integral, multidisciplinario y comenzar desde el momento del diagn\u00f3stico\u201d, se\u00f1ala Montecinos, quien destaca la importancia de la coordinaci\u00f3n entre neur\u00f3logos, fisioterapeutas, nutricionistas y especialistas en cuidados respiratorios.<\/p>\n<\/blockquote>\n\n\n\n<p>La fisioterapia, el apoyo psicol\u00f3gico y el control nutricional ayudan a reducir complicaciones y mantener la movilidad el mayor tiempo posible.<\/p>\n\n\n\n<p>Para Mendoza, el enfoque actual busca acompa\u00f1ar al paciente y a su familia en todo el proceso. \u201cAunque la ELA es una enfermedad devastadora, no se trata de desahuciar al paciente. El objetivo es maximizar las oportunidades de bienestar y calidad de vida\u201d, afirma.<\/p>\n\n\n\n<p>Tambi\u00e9n advierte sobre la importancia de apoyar a los cuidadores, quienes suelen enfrentar una gran carga f\u00edsica y emocional durante el cuidado prolongado de la persona enferma.<\/p>\n\n\n\n<p><strong>Investigaci\u00f3n y esperanza cient\u00edfica<\/strong><\/p>\n\n\n\n<p>La investigaci\u00f3n cient\u00edfica contin\u00faa avanzando en la b\u00fasqueda de nuevos tratamientos. Una de las l\u00edneas m\u00e1s prometedoras es el estudio de terapias con c\u00e9lulas madre, que podr\u00edan ofrecer alternativas para enfermedades neurodegenerativas.<\/p>\n\n\n\n<p>Si bien a\u00fan se encuentran en fase de investigaci\u00f3n, estos estudios abren nuevas posibilidades para comprender mejor la enfermedad y desarrollar tratamientos m\u00e1s eficaces en el futuro. Mientras tanto, especialistas coinciden en que la informaci\u00f3n, el diagn\u00f3stico oportuno y el acompa\u00f1amiento m\u00e9dico siguen siendo las principales herramientas para enfrentar la esclerosis lateral amiotr\u00f3fica.<\/p>","protected":false},"excerpt":{"rendered":"<p>La ELA es una enfermedad neurodegenerativa progresiva que afecta los m\u00fasculos. El diagn\u00f3stico temprano y la atenci\u00f3n m\u00e9dica ayudan a mejorar la calidad de vida.<\/p>","protected":false},"author":50,"featured_media":712681,"comment_status":"open","ping_status":"open","sticky":false,"template":"","format":"standard","meta":{"_acf_changed":false,"footnotes":""},"categories":[60],"tags":[53,8682,8684,1422,7764,49,124,242],"class_list":["post-712653","post","type-post","status-publish","format-standard","has-post-thumbnail","hentry","category-blog","tag-educacion","tag-ela","tag-esclerosis-lateral-amiotrofica","tag-innovacion-en-educacion","tag-investigacion-cientifica","tag-medicina","tag-salud","tag-unifranz"],"acf":[],"_links":{"self":[{"href":"https:\/\/unifranz.edu.bo\/pt\/wp-json\/wp\/v2\/posts\/712653","targetHints":{"allow":["GET"]}}],"collection":[{"href":"https:\/\/unifranz.edu.bo\/pt\/wp-json\/wp\/v2\/posts"}],"about":[{"href":"https:\/\/unifranz.edu.bo\/pt\/wp-json\/wp\/v2\/types\/post"}],"author":[{"embeddable":true,"href":"https:\/\/unifranz.edu.bo\/pt\/wp-json\/wp\/v2\/users\/50"}],"replies":[{"embeddable":true,"href":"https:\/\/unifranz.edu.bo\/pt\/wp-json\/wp\/v2\/comments?post=712653"}],"version-history":[{"count":1,"href":"https:\/\/unifranz.edu.bo\/pt\/wp-json\/wp\/v2\/posts\/712653\/revisions"}],"predecessor-version":[{"id":712655,"href":"https:\/\/unifranz.edu.bo\/pt\/wp-json\/wp\/v2\/posts\/712653\/revisions\/712655"}],"wp:featuredmedia":[{"embeddable":true,"href":"https:\/\/unifranz.edu.bo\/pt\/wp-json\/wp\/v2\/media\/712681"}],"wp:attachment":[{"href":"https:\/\/unifranz.edu.bo\/pt\/wp-json\/wp\/v2\/media?parent=712653"}],"wp:term":[{"taxonomy":"category","embeddable":true,"href":"https:\/\/unifranz.edu.bo\/pt\/wp-json\/wp\/v2\/categories?post=712653"},{"taxonomy":"post_tag","embeddable":true,"href":"https:\/\/unifranz.edu.bo\/pt\/wp-json\/wp\/v2\/tags?post=712653"}],"curies":[{"name":"wp","href":"https:\/\/api.w.org\/{rel}","templated":true}]}}