{"id":712630,"date":"2026-03-06T17:39:43","date_gmt":"2026-03-06T21:39:43","guid":{"rendered":"https:\/\/unifranz.edu.bo\/?p=712630"},"modified":"2026-03-06T17:39:46","modified_gmt":"2026-03-06T21:39:46","slug":"educacion-online-y-movilidad-social-estudiar-sin-dejar-de-trabajar-para-transformar-el-futuro","status":"publish","type":"post","link":"https:\/\/unifranz.edu.bo\/pt\/blog\/educacion-online-y-movilidad-social-estudiar-sin-dejar-de-trabajar-para-transformar-el-futuro\/","title":{"rendered":"Educaci\u00f3n online y movilidad social: estudiar sin dejar de trabajar para transformar el futuro"},"content":{"rendered":"<p>Para muchos trabajadores bolivianos, la universidad fue durante a\u00f1os una meta postergada. No por falta de inter\u00e9s, sino por horarios r\u00edgidos, responsabilidades familiares o la necesidad inmediata de generar ingresos. Hoy, la educaci\u00f3n online y semipresencial se ha convertido en un puente concreto hacia la movilidad social, permitiendo que empleados, emprendedores y j\u00f3venes de \u00e1reas rurales avancen profesionalmente sin abandonar sus actividades diarias.<\/p>\n\n\n\n<blockquote class=\"wp-block-quote is-layout-flow wp-block-quote-is-layout-flow\">\n<p>David Tonconi Flores, auxiliar de oficina en una empresa financiera, lo resume con una frase directa: \u201cNo pierdan tiempo. No pierdan tiempo porque el tiempo pas\u00f3 r\u00e1pido\u201d. Actualmente estudia Contadur\u00eda P\u00fablica en Unifranz Online, motivado por el deseo de escalar profesionalmente dentro del sector financiero.<\/p>\n<\/blockquote>\n\n\n\n<p>En su caso, la flexibilidad ha sido determinante. \u201cVoy escuchando, camino hacia el trabajo, los audiolibros y ya despu\u00e9s en la noche veo el contenido te\u00f3rico\u201d, explica. Esa combinaci\u00f3n entre recursos digitales y organizaci\u00f3n personal le permite cumplir con su jornada laboral y avanzar en sus estudios. M\u00e1s a\u00fan, asegura que el proceso ha impactado en su desempe\u00f1o profesional. \u201cMe ha hecho m\u00e1s eficiente, m\u00e1s completo. La disciplina y el orden que tenemos que tener lo aplico en mi trabajo\u201d.<\/p>\n\n\n\n<p>La educaci\u00f3n online no solo facilita el acceso, sino que modifica h\u00e1bitos. El estudiante ya no depende exclusivamente de un aula f\u00edsica; transforma tiempos muertos en espacios productivos y convierte la autogesti\u00f3n en una competencia clave.<\/p>\n\n\n\n<blockquote class=\"wp-block-quote is-layout-flow wp-block-quote-is-layout-flow\">\n<p>Para Francisco S\u00e1nchez, de 34 a\u00f1os y oriundo de la provincia Tapacar\u00ed, el cambio tiene un componente simb\u00f3lico. \u201cTal vez nosotros, como de \u00e1reas rurales, hab\u00edamos considerado que la universidad era solo para los que tienen plata. Pero viendo la realidad no es tanto as\u00ed\u201d, reflexiona.<\/p>\n<\/blockquote>\n\n\n\n<p>Casado y padre de un hijo, trabaja en Cochabamba para una fundaci\u00f3n de ayuda humanitaria, con un horario de 8:30 a 17:30. Su rutina no le impedir\u00e1 concluir Ingenier\u00eda Comercial en Unifranz Online. \u201cSaco el tiempo en las noches para poder estudiar\u201d, afirma. La modalidad semipresencial le permiti\u00f3 retomar un sue\u00f1o largamente postergado: \u201cSiempre pensaba encontrar una universidad que tenga un sistema que me permita trabajar y estudiar\u201d.<\/p>\n\n\n\n<blockquote class=\"wp-block-quote is-layout-flow wp-block-quote-is-layout-flow\">\n<p>Su meta es emprender. \u201cMi sue\u00f1o es tener un emprendimiento y generar mi propio ingreso, ser el gerente de mi empresa\u201d. La educaci\u00f3n, en este caso, no es solo una aspiraci\u00f3n acad\u00e9mica, sino una herramienta para generar independencia econ\u00f3mica y liderazgo.<\/p>\n<\/blockquote>\n\n\n\n<p>Esa misma l\u00f3gica impulsa a Gean Carlos Zavala, de 32 a\u00f1os, quien combina la gesti\u00f3n de su negocio familiar \u2014una tienda llamada \u201cLa cazuela de la abuela\u201d\u2014 con la carrera de Publicidad y Marketing en Unifranz Online. Su jornada transcurre entre clientes, proveedores y estrategias comerciales improvisadas. Cuando hay un espacio libre, abre la plataforma virtual y avanza en sus talleres.<\/p>\n\n\n\n<figure class=\"wp-block-embed is-type-video is-provider-youtube wp-block-embed-youtube wp-embed-aspect-16-9 wp-has-aspect-ratio\"><div class=\"wp-block-embed__wrapper\">\n<iframe loading=\"lazy\" title=\"Educaci\u00f3n online y movilidad social: estudiar sin dejar de trabajar para transformar el futuro\" width=\"500\" height=\"281\" src=\"https:\/\/www.youtube.com\/embed\/OOTN10YqW6Y?feature=oembed\" frameborder=\"0\" allow=\"accelerometer; autoplay; clipboard-write; encrypted-media; gyroscope; picture-in-picture; web-share\" referrerpolicy=\"strict-origin-when-cross-origin\" allowfullscreen><\/iframe>\n<\/div><\/figure>\n\n\n\n<blockquote class=\"wp-block-quote is-layout-flow wp-block-quote-is-layout-flow\">\n<p>\u201cEstaba buscando una modalidad que se ajuste a no dejar de trabajar para seguir estudiando\u201d, cuenta. Lo que encontr\u00f3 fue una din\u00e1mica que integra teor\u00eda y pr\u00e1ctica. \u201cActualmente estamos aplicando los conocimientos a trav\u00e9s de publicaciones en redes sociales, videos y el manejo de la marca\u201d, explica.<\/p>\n<\/blockquote>\n\n\n\n<p>En su experiencia, los talleres presenciales cumplen una funci\u00f3n clave: \u201cTe ayudan a solidificar el conocimiento que tienes en plataforma, pero tambi\u00e9n la retroalimentaci\u00f3n de los docentes es muy pr\u00e1ctica\u201d. La educaci\u00f3n deja de ser abstracta y se convierte en una herramienta inmediata para fortalecer el negocio.<\/p>\n\n\n\n<p>Las historias de David, Francisco y Gean comparten un denominador com\u00fan: la universidad dej\u00f3 de ser un espacio exclusivo para quienes pueden dedicarle tiempo completo. La flexibilidad horaria, el acceso a audiolibros, plataformas amigables y encuentros presenciales estrat\u00e9gicos permiten compatibilizar estudio, empleo y familia.<\/p>\n\n\n\n<p>Pero el impacto va m\u00e1s all\u00e1 de la organizaci\u00f3n del tiempo. En cada testimonio aparece la idea de crecimiento personal y profesional. David habla de eficiencia; Francisco, de romper barreras culturales; Gean, de potenciar su emprendimiento sin descuidar su familia.<\/p>\n\n\n\n<p>En Bolivia, donde muchos j\u00f3venes ingresan temprano al mercado laboral, la educaci\u00f3n online se posiciona como una alternativa que democratiza oportunidades. Permite que un auxiliar financiero aspire a cargos superiores, que un trabajador de una fundaci\u00f3n proyecte su propia empresa y que un comerciante fortalezca su marca con estrategias profesionales.<\/p>\n\n\n\n<blockquote class=\"wp-block-quote is-layout-flow wp-block-quote-is-layout-flow\">\n<p>\u201cNo lo pensemos dos veces, arriesgaremos porque el que no arriesga no gana\u201d, aconseja David. Su mensaje sintetiza el esp\u00edritu de esta nueva generaci\u00f3n de estudiantes: trabajadores que no esperan condiciones ideales, sino que reorganizan su realidad para avanzar.<\/p>\n<\/blockquote>\n\n\n\n<p>Unifranz Online, en este contexto, se convierte en una herramienta de movilidad social. No reemplaza el esfuerzo, pero elimina barreras hist\u00f3ricas como la distancia, los horarios inflexibles o la incompatibilidad con el empleo. Y en esa combinaci\u00f3n entre disciplina personal y tecnolog\u00eda educativa, miles de historias comienzan a cambiar de rumbo.<\/p>","protected":false},"excerpt":{"rendered":"<p>La educaci\u00f3n online permite a trabajadores bolivianos estudiar sin dejar de trabajar, abriendo oportunidades de movilidad social, crecimiento profesional y emprendimiento<\/p>","protected":false},"author":49,"featured_media":712631,"comment_status":"open","ping_status":"open","sticky":false,"template":"","format":"standard","meta":{"_acf_changed":false,"footnotes":""},"categories":[60],"tags":[11569,10636,1566,174,1422,12095,218,1592,242,7071],"class_list":["post-712630","post","type-post","status-publish","format-standard","has-post-thumbnail","hentry","category-blog","tag-calidad-academica-2","tag-contaduria-publica-2","tag-empleo","tag-ingenieria-comercial","tag-innovacion-en-educacion","tag-movilidad-social","tag-tecnologia","tag-trabajo","tag-unifranz","tag-unifranz-online"],"acf":[],"_links":{"self":[{"href":"https:\/\/unifranz.edu.bo\/pt\/wp-json\/wp\/v2\/posts\/712630","targetHints":{"allow":["GET"]}}],"collection":[{"href":"https:\/\/unifranz.edu.bo\/pt\/wp-json\/wp\/v2\/posts"}],"about":[{"href":"https:\/\/unifranz.edu.bo\/pt\/wp-json\/wp\/v2\/types\/post"}],"author":[{"embeddable":true,"href":"https:\/\/unifranz.edu.bo\/pt\/wp-json\/wp\/v2\/users\/49"}],"replies":[{"embeddable":true,"href":"https:\/\/unifranz.edu.bo\/pt\/wp-json\/wp\/v2\/comments?post=712630"}],"version-history":[{"count":1,"href":"https:\/\/unifranz.edu.bo\/pt\/wp-json\/wp\/v2\/posts\/712630\/revisions"}],"predecessor-version":[{"id":712635,"href":"https:\/\/unifranz.edu.bo\/pt\/wp-json\/wp\/v2\/posts\/712630\/revisions\/712635"}],"wp:featuredmedia":[{"embeddable":true,"href":"https:\/\/unifranz.edu.bo\/pt\/wp-json\/wp\/v2\/media\/712631"}],"wp:attachment":[{"href":"https:\/\/unifranz.edu.bo\/pt\/wp-json\/wp\/v2\/media?parent=712630"}],"wp:term":[{"taxonomy":"category","embeddable":true,"href":"https:\/\/unifranz.edu.bo\/pt\/wp-json\/wp\/v2\/categories?post=712630"},{"taxonomy":"post_tag","embeddable":true,"href":"https:\/\/unifranz.edu.bo\/pt\/wp-json\/wp\/v2\/tags?post=712630"}],"curies":[{"name":"wp","href":"https:\/\/api.w.org\/{rel}","templated":true}]}}