{"id":712605,"date":"2026-03-05T18:28:15","date_gmt":"2026-03-05T22:28:15","guid":{"rendered":"https:\/\/unifranz.edu.bo\/?p=712605"},"modified":"2026-03-10T15:59:28","modified_gmt":"2026-03-10T19:59:28","slug":"alianza-entre-el-seduca-y-unifranz-impulsa-el-fortalecimiento-de-la-calidad-educativa-en-santa-cruz","status":"publish","type":"post","link":"https:\/\/unifranz.edu.bo\/pt\/blog\/alianza-entre-el-seduca-y-unifranz-impulsa-el-fortalecimiento-de-la-calidad-educativa-en-santa-cruz\/","title":{"rendered":"Alianza entre el Seduca y Unifranz impulsa el fortalecimiento de la calidad educativa en Santa Cruz"},"content":{"rendered":"<p>Frente a los desaf\u00edos que enfrenta el sistema educativo \u2014especialmente en comprensi\u00f3n lectora y razonamiento l\u00f3gico-matem\u00e1tico\u2014 el Servicio Departamental de Educaci\u00f3n (Seduca) Santa Cruz, la Universidad Franz Tamayo, Unifranz, la Fundaci\u00f3n Pati\u00f1o y la Fundaci\u00f3n Educacional San Agust\u00edn (FESA) firmaron un convenio interinstitucional que busca impulsar iniciativas conjuntas para fortalecer la calidad educativa en el departamento.<\/p>\n\n\n\n<p>La alianza abre la puerta a una serie de acciones orientadas a mejorar los procesos de aprendizaje en las aulas. Es decir, la alianza con el Seduca permitir\u00e1 que docentes de colegios fiscales y privados se capaciten en Unifranz.<\/p>\n\n\n\n<blockquote class=\"wp-block-quote is-layout-flow wp-block-quote-is-layout-flow\">\n<p>\u201cEntendemos que juntos tenemos que ir aportando a la calidad educativa y es por ello que firmamos un convenio con Unifranz. Este es un paso significativo para el sistema educativo del departamento\u201d, destac\u00f3 Nelson Alc\u00f3cer, director del Seduca en Santa Cruz.<\/p>\n<\/blockquote>\n\n\n\n<p>Como parte de las acciones contempladas en el convenio, este a\u00f1o se desarrollar\u00e1 la segunda edici\u00f3n de las Olimpiadas STEM+ en el departamento cruce\u00f1o. Se trata de una iniciativa que promueve el aprendizaje basado en ciencia, tecnolog\u00eda, ingenier\u00eda y matem\u00e1ticas, mediante metodolog\u00edas orientadas a fortalecer el pensamiento cr\u00edtico, la creatividad y la resoluci\u00f3n de problemas.<\/p>\n\n\n\n<p>El proyecto permitir\u00e1 evaluar habilidades acad\u00e9micas, fortalecer capacidades docentes y promover que los estudiantes desarrollen soluciones a problemas reales de su entorno. Seg\u00fan Alcocer, estas iniciativas permitir\u00e1n identificar y trabajar sobre las principales debilidades del sistema educativo.<\/p>\n\n\n\n<figure class=\"wp-block-embed is-type-video is-provider-youtube wp-block-embed-youtube wp-embed-aspect-16-9 wp-has-aspect-ratio\"><div class=\"wp-block-embed__wrapper\">\n<iframe loading=\"lazy\" title=\"Seduca y Unifranz impulsan el fortalecimiento de la calidad educativa en Santa Cruz\" width=\"500\" height=\"281\" src=\"https:\/\/www.youtube.com\/embed\/6CCfvFjC02U?feature=oembed\" frameborder=\"0\" allow=\"accelerometer; autoplay; clipboard-write; encrypted-media; gyroscope; picture-in-picture; web-share\" referrerpolicy=\"strict-origin-when-cross-origin\" allowfullscreen><\/iframe>\n<\/div><\/figure>\n\n\n\n<p><strong>Metodolog\u00edas para resolver problemas reales<\/strong><\/p>\n\n\n\n<p>Desde la Fundaci\u00f3n Pati\u00f1o, que acompa\u00f1a el desarrollo metodol\u00f3gico del proyecto, destacaron la importancia de trabajar de manera cercana con docentes y estudiantes. La metodolog\u00eda STEM+ permite integrar distintas \u00e1reas del conocimiento para abordar desaf\u00edos del contexto real.<\/p>\n\n\n\n<blockquote class=\"wp-block-quote is-layout-flow wp-block-quote-is-layout-flow\">\n<p>\u201cEste convenio significa abrir paso a seguir trabajando por la educaci\u00f3n de una manera muy cercana con los profesores para lograr sinergias y contribuir a una excelente educaci\u00f3n de j\u00f3venes estudiantes\u201d, se\u00f1al\u00f3 Olivia Fern\u00e1ndez, encargada de educaci\u00f3n de la Fundaci\u00f3n Pati\u00f1o.<\/p>\n<\/blockquote>\n\n\n\n<p>Adem\u00e1s, el enfoque busca impulsar la creatividad y la innovaci\u00f3n entre los estudiantes. Busca potenciar en los j\u00f3venes las ideas que han venido generando para convertirlas en prototipos que den soluci\u00f3n a problemas del entorno.<\/p>\n\n\n\n<p>Para la Fundaci\u00f3n Educacional San Agust\u00edn (FESA), las Olimpiadas STEM tambi\u00e9n representan una oportunidad para reducir las brechas educativas.<\/p>\n\n\n\n<blockquote class=\"wp-block-quote is-layout-flow wp-block-quote-is-layout-flow\">\n<p>\u201cLas Olimpiadas STEM+ vienen a resolver un problema de brechas en educaci\u00f3n. Buscan dar oportunidades a estudiantes que no siempre tienen las mismas condiciones\u201d, explic\u00f3 Roberto Figueroa, director ejecutivo de FESA.<\/p>\n<\/blockquote>\n\n\n\n<p>La colaboraci\u00f3n entre instituciones es clave para lograr resultados sostenibles. Los problemas de la educaci\u00f3n no pueden resolverse \u00fanicamente desde el sector p\u00fablico; necesitan tambi\u00e9n la participaci\u00f3n del sector privado.<\/p>\n\n\n\n<p>\u201cUno de los grandes desaf\u00edos es motivar a m\u00e1s j\u00f3venes a seguir carreras cient\u00edficas. \u201cExiste un d\u00e9ficit de estudiantes que deciden seguir carreras ligadas a las ciencias, y ese es un problema que debemos resolver\u201d, indic\u00f3 Figueroa.<\/p>\n\n\n\n<figure class=\"wp-block-image size-large\"><img loading=\"lazy\" decoding=\"async\" width=\"1024\" height=\"576\" src=\"https:\/\/unifranz.edu.bo\/wp-content\/uploads\/2026\/03\/SED-SA7-03MAR26-46-1024x576.jpg\" alt=\"\" class=\"wp-image-712607\" srcset=\"https:\/\/unifranz.edu.bo\/wp-content\/uploads\/2026\/03\/SED-SA7-03MAR26-46-1024x576.jpg 1024w, https:\/\/unifranz.edu.bo\/wp-content\/uploads\/2026\/03\/SED-SA7-03MAR26-46-300x169.jpg 300w, https:\/\/unifranz.edu.bo\/wp-content\/uploads\/2026\/03\/SED-SA7-03MAR26-46-768x432.jpg 768w, https:\/\/unifranz.edu.bo\/wp-content\/uploads\/2026\/03\/SED-SA7-03MAR26-46-1536x864.jpg 1536w, https:\/\/unifranz.edu.bo\/wp-content\/uploads\/2026\/03\/SED-SA7-03MAR26-46-2048x1152.jpg 2048w, https:\/\/unifranz.edu.bo\/wp-content\/uploads\/2026\/03\/SED-SA7-03MAR26-46-18x10.jpg 18w\" sizes=\"auto, (max-width: 1024px) 100vw, 1024px\" \/><\/figure>\n\n\n\n<p><strong>Alianza p\u00fablico-privada para transformar la educaci\u00f3n<\/strong><\/p>\n\n\n\n<p>Desde Unifranz, la firma del convenio refleja el compromiso de la universidad con la transformaci\u00f3n educativa y el impulso de alianzas que generen impacto en la sociedad. La autoridad destac\u00f3 que la colaboraci\u00f3n entre instituciones p\u00fablicas y privadas es clave para impulsar cambios estructurales en la educaci\u00f3n.<\/p>\n\n\n\n<blockquote class=\"wp-block-quote is-layout-flow wp-block-quote-is-layout-flow\">\n<p>\u201cEs una demostraci\u00f3n de c\u00f3mo la Universidad Franz Tamayo es una universidad de puertas abiertas, con un solo prop\u00f3sito: transformar la educaci\u00f3n en Bolivia. Pero eso no lo podemos hacer solos, necesitamos alianzas\u201d, expres\u00f3 Carlos Dabdoub, vicerrector de la sede Santa Cruz.<\/p>\n<\/blockquote>\n\n\n\n<p>Con esta alianza, instituciones educativas, fundaciones y autoridades departamentales apuestan por trabajar de manera conjunta para enfrentar los desaf\u00edos del aprendizaje, fortalecer las habilidades cient\u00edficas y tecnol\u00f3gicas de los estudiantes y contribuir al desarrollo educativo de Santa Cruz.<\/p>","protected":false},"excerpt":{"rendered":"<p>Frente a los desaf\u00edos que enfrenta el sistema educativo \u2014especialmente en comprensi\u00f3n lectora y razonamiento l\u00f3gico-matem\u00e1tico\u2014 el Servicio Departamental de Educaci\u00f3n (Seduca) Santa Cruz, la Universidad Franz Tamayo, Unifranz, la Fundaci\u00f3n Pati\u00f1o y la Fundaci\u00f3n Educacional San Agust\u00edn (FESA) firmaron un convenio interinstitucional que busca impulsar iniciativas conjuntas para fortalecer la calidad educativa en el &hellip; <a href=\"https:\/\/unifranz.edu.bo\/pt\/blog\/alianza-entre-el-seduca-y-unifranz-impulsa-el-fortalecimiento-de-la-calidad-educativa-en-santa-cruz\/\">Continued<\/a><\/p>","protected":false},"author":33,"featured_media":712606,"comment_status":"open","ping_status":"open","sticky":false,"template":"","format":"standard","meta":{"_acf_changed":false,"footnotes":""},"categories":[60,2576],"tags":[1422,242,3624],"class_list":["post-712605","post","type-post","status-publish","format-standard","has-post-thumbnail","hentry","category-blog","category-unifranz-santa-cruz","tag-innovacion-en-educacion","tag-unifranz","tag-unifranz-santa-cruz"],"acf":[],"_links":{"self":[{"href":"https:\/\/unifranz.edu.bo\/pt\/wp-json\/wp\/v2\/posts\/712605","targetHints":{"allow":["GET"]}}],"collection":[{"href":"https:\/\/unifranz.edu.bo\/pt\/wp-json\/wp\/v2\/posts"}],"about":[{"href":"https:\/\/unifranz.edu.bo\/pt\/wp-json\/wp\/v2\/types\/post"}],"author":[{"embeddable":true,"href":"https:\/\/unifranz.edu.bo\/pt\/wp-json\/wp\/v2\/users\/33"}],"replies":[{"embeddable":true,"href":"https:\/\/unifranz.edu.bo\/pt\/wp-json\/wp\/v2\/comments?post=712605"}],"version-history":[{"count":2,"href":"https:\/\/unifranz.edu.bo\/pt\/wp-json\/wp\/v2\/posts\/712605\/revisions"}],"predecessor-version":[{"id":712729,"href":"https:\/\/unifranz.edu.bo\/pt\/wp-json\/wp\/v2\/posts\/712605\/revisions\/712729"}],"wp:featuredmedia":[{"embeddable":true,"href":"https:\/\/unifranz.edu.bo\/pt\/wp-json\/wp\/v2\/media\/712606"}],"wp:attachment":[{"href":"https:\/\/unifranz.edu.bo\/pt\/wp-json\/wp\/v2\/media?parent=712605"}],"wp:term":[{"taxonomy":"category","embeddable":true,"href":"https:\/\/unifranz.edu.bo\/pt\/wp-json\/wp\/v2\/categories?post=712605"},{"taxonomy":"post_tag","embeddable":true,"href":"https:\/\/unifranz.edu.bo\/pt\/wp-json\/wp\/v2\/tags?post=712605"}],"curies":[{"name":"wp","href":"https:\/\/api.w.org\/{rel}","templated":true}]}}