{"id":712598,"date":"2026-03-05T17:42:14","date_gmt":"2026-03-05T21:42:14","guid":{"rendered":"https:\/\/unifranz.edu.bo\/?p=712598"},"modified":"2026-03-05T17:43:00","modified_gmt":"2026-03-05T21:43:00","slug":"cholets-la-feria-16-de-julio-y-el-teleferico-impulsan-el-potencial-turistico-de-el-alto","status":"publish","type":"post","link":"https:\/\/unifranz.edu.bo\/pt\/blog\/cholets-la-feria-16-de-julio-y-el-teleferico-impulsan-el-potencial-turistico-de-el-alto\/","title":{"rendered":"\u201cCholets\u201d, la feria 16 de Julio y el telef\u00e9rico impulsan el potencial tur\u00edstico de El Alto"},"content":{"rendered":"<p>En su aniversario, El Alto no solo celebra su fundaci\u00f3n como la ciudad m\u00e1s joven de Bolivia, sino que reafirma su identidad como un destino tur\u00edstico emergente con sello propio. Din\u00e1mica, profundamente cultural y resiliente, la urbe alte\u00f1a comienza a posicionarse como un laboratorio de innovaci\u00f3n urbana y cultural capaz de atraer visitantes nacionales e internacionales en busca de experiencias aut\u00e9nticas.<\/p>\n\n\n\n<blockquote class=\"wp-block-quote is-layout-flow wp-block-quote-is-layout-flow\">\n<p>Para Claudia Cadena, directora de la carrera de Administraci\u00f3n de Hoteler\u00eda y Turismo de la Universidad Franz Tamayo (Unifranz), el potencial tur\u00edstico de El Alto radica precisamente en esa identidad singular. \u201cLa ciudad de El Alto es considerada como la ciudad m\u00e1s joven de Bolivia, es din\u00e1mica y profundamente cultural. Presenta oportunidades tur\u00edsticas \u00fanicas, posee un alto potencial en turismo cultural y urbano, destacando la identidad aymara, sus festividades, la arquitectura y la parte comercial como la feria 16 de Julio\u201d, afirma.<\/p>\n<\/blockquote>\n\n\n\n<p>La identidad aymara, visible en la vestimenta, la gastronom\u00eda, la m\u00fasica y las pr\u00e1cticas comunitarias, constituye uno de los principales activos de la ciudad. A ello se suma una arquitectura que ha captado la atenci\u00f3n internacional: los llamados \u201ccholets\u201d, edificaciones de colores intensos y dise\u00f1os geom\u00e9tricos impulsadas por el arquitecto Freddy Mamani, que se han convertido en \u00edconos del orgullo alte\u00f1o y en un atractivo para el turismo arquitect\u00f3nico y fotogr\u00e1fico.<\/p>\n\n\n\n<blockquote class=\"wp-block-quote is-layout-flow wp-block-quote-is-layout-flow\">\n<p>Seg\u00fan Cadena, esta combinaci\u00f3n de tradici\u00f3n y modernidad permite proyectar a El Alto como un destino con narrativa propia. \u201cLa ciudad puede consolidarse como un destino aut\u00e9ntico, creativo y con fuerte identidad propia, a partir de su fuerza cultural, su resiliencia hist\u00f3rica y su crecimiento urbano\u201d, sostiene.<\/p>\n<\/blockquote>\n\n\n\n<p>El aniversario de la ciudad, celebrado cada 6 de marzo, abre una oportunidad estrat\u00e9gica para transformar la efem\u00e9ride en una plataforma de promoci\u00f3n sostenible. Para la acad\u00e9mica, no se trata solo de organizar actos protocolares, sino de dise\u00f1ar una agenda integral que articule a los distintos actores locales.<\/p>\n\n\n\n<blockquote class=\"wp-block-quote is-layout-flow wp-block-quote-is-layout-flow\">\n<p>\u201cEl aniversario puede transformarse en una plataforma estrat\u00e9gica de promoci\u00f3n si se estructura una agenda tur\u00edstica organizada, articulando instituciones, emprendimientos y comunidad. Esto permitir\u00eda posicionar a El Alto como destino cultural, promoviendo un turismo responsable y sostenible a largo plazo\u201d, explica.<\/p>\n<\/blockquote>\n\n\n\n<figure class=\"wp-block-embed is-type-video is-provider-youtube wp-block-embed-youtube wp-embed-aspect-16-9 wp-has-aspect-ratio\"><div class=\"wp-block-embed__wrapper\">\n<iframe loading=\"lazy\" title=\"\u201cCholets\u201d, la feria 16 de Julio y el telef\u00e9rico impulsan el potencial tur\u00edstico de El Alto\" width=\"500\" height=\"281\" src=\"https:\/\/www.youtube.com\/embed\/Hdhksn8OKSU?feature=oembed\" frameborder=\"0\" allow=\"accelerometer; autoplay; clipboard-write; encrypted-media; gyroscope; picture-in-picture; web-share\" referrerpolicy=\"strict-origin-when-cross-origin\" allowfullscreen><\/iframe>\n<\/div><\/figure>\n\n\n\n<p>En ese sentido, plantea la necesidad de un trabajo coordinado entre el gobierno municipal, universidades, operadores tur\u00edsticos y organizaciones culturales. \u201cSe deber\u00eda articular gobierno municipal, universidades, operadores tur\u00edsticos y organizaciones culturales, posicionando a El Alto como ciudad de innovaci\u00f3n cultural y orgullo ancestral. Si se planifica con visi\u00f3n a largo plazo, el aniversario puede convertirse en una marca ciudad que impulse el desarrollo econ\u00f3mico local\u201d, enfatiza.<\/p>\n\n\n\n<p>Tres circuitos destacan con mayor potencial de crecimiento. El primero es el circuito arquitect\u00f3nico de los \u201ccholets\u201d y el legado de Freddy Mamani, que permite recorrer salones de eventos, galer\u00edas y espacios que combinan cosmovisi\u00f3n andina con dise\u00f1o contempor\u00e1neo. El segundo es el sistema de telef\u00e9ricos que conecta diferentes zonas de El Alto con La Paz, no solo como medio de transporte, sino como experiencia tur\u00edstica con vistas privilegiadas del altiplano y la Cordillera Real. El tercero es la emblem\u00e1tica feria 16 de Julio, considerada una de las m\u00e1s grandes de Sudam\u00e9rica, donde convergen comercio popular, gastronom\u00eda, tecnolog\u00eda y pr\u00e1cticas culturales.<\/p>\n\n\n\n<p>A estos circuitos se suman festividades tradicionales, danzas folkl\u00f3ricas y manifestaciones como las luchas de cholitas, que ofrecen experiencias culturales vivas y diferenciadas frente a destinos m\u00e1s convencionales.<\/p>\n\n\n\n<blockquote class=\"wp-block-quote is-layout-flow wp-block-quote-is-layout-flow\">\n<p>El desaf\u00edo, advierte Cadena, es apostar por un modelo de turismo sostenible que fortalezca la econom\u00eda local sin desvirtuar la identidad comunitaria. La promoci\u00f3n de productos artesanales, textiles y gastron\u00f3micos puede impulsar la econom\u00eda circular, mientras que la planificaci\u00f3n urbana y ambiental debe acompa\u00f1ar el crecimiento de visitantes.<\/p>\n<\/blockquote>\n\n\n\n<p>En su aniversario, El Alto tiene la oportunidad de redefinir su narrativa: pasar de ser vista \u00fanicamente como ciudad comercial y combativa a consolidarse como destino cultural emergente de Bolivia. Su altitud, su historia de lucha social, su arquitectura vibrante y su energ\u00eda emprendedora conforman una propuesta tur\u00edstica distinta, aut\u00e9ntica y con potencial de expansi\u00f3n.<\/p>\n\n\n\n<p>Convertir esa riqueza en estrategia depender\u00e1 de la articulaci\u00f3n institucional y de una visi\u00f3n de largo plazo. Si logra hacerlo, El Alto no solo celebrar\u00e1 a\u00f1os de fundaci\u00f3n, sino que marcar\u00e1 un nuevo cap\u00edtulo como capital de innovaci\u00f3n cultural y turismo urbano en el pa\u00eds.<\/p>","protected":false},"excerpt":{"rendered":"<p>El Alto fortalece su potencial tur\u00edstico con los \u201ccholets\u201d, la feria 16 de Julio y el telef\u00e9rico, atractivos que combinan cultura aymara, arquitectura innovadora y comercio popular.<\/p>","protected":false},"author":49,"featured_media":712600,"comment_status":"open","ping_status":"open","sticky":false,"template":"","format":"standard","meta":{"_acf_changed":false,"footnotes":""},"categories":[60],"tags":[581,11569,7588,617,47,7590,1422,12088,88,242],"class_list":["post-712598","post","type-post","status-publish","format-standard","has-post-thumbnail","hentry","category-blog","tag-administracion-de-hoteleria-y-turismo","tag-calidad-academica-2","tag-cholets","tag-cultura","tag-el-alto","tag-identidad-altena","tag-innovacion-en-educacion","tag-teleferico","tag-turismo","tag-unifranz"],"acf":[],"_links":{"self":[{"href":"https:\/\/unifranz.edu.bo\/pt\/wp-json\/wp\/v2\/posts\/712598","targetHints":{"allow":["GET"]}}],"collection":[{"href":"https:\/\/unifranz.edu.bo\/pt\/wp-json\/wp\/v2\/posts"}],"about":[{"href":"https:\/\/unifranz.edu.bo\/pt\/wp-json\/wp\/v2\/types\/post"}],"author":[{"embeddable":true,"href":"https:\/\/unifranz.edu.bo\/pt\/wp-json\/wp\/v2\/users\/49"}],"replies":[{"embeddable":true,"href":"https:\/\/unifranz.edu.bo\/pt\/wp-json\/wp\/v2\/comments?post=712598"}],"version-history":[{"count":1,"href":"https:\/\/unifranz.edu.bo\/pt\/wp-json\/wp\/v2\/posts\/712598\/revisions"}],"predecessor-version":[{"id":712601,"href":"https:\/\/unifranz.edu.bo\/pt\/wp-json\/wp\/v2\/posts\/712598\/revisions\/712601"}],"wp:featuredmedia":[{"embeddable":true,"href":"https:\/\/unifranz.edu.bo\/pt\/wp-json\/wp\/v2\/media\/712600"}],"wp:attachment":[{"href":"https:\/\/unifranz.edu.bo\/pt\/wp-json\/wp\/v2\/media?parent=712598"}],"wp:term":[{"taxonomy":"category","embeddable":true,"href":"https:\/\/unifranz.edu.bo\/pt\/wp-json\/wp\/v2\/categories?post=712598"},{"taxonomy":"post_tag","embeddable":true,"href":"https:\/\/unifranz.edu.bo\/pt\/wp-json\/wp\/v2\/tags?post=712598"}],"curies":[{"name":"wp","href":"https:\/\/api.w.org\/{rel}","templated":true}]}}