{"id":712593,"date":"2026-03-05T17:30:06","date_gmt":"2026-03-05T21:30:06","guid":{"rendered":"https:\/\/unifranz.edu.bo\/?p=712593"},"modified":"2026-03-10T16:47:35","modified_gmt":"2026-03-10T20:47:35","slug":"vapeo-y-cavidad-bucal-el-dano-silencioso-que-preocupa-a-odontologos","status":"publish","type":"post","link":"https:\/\/unifranz.edu.bo\/pt\/blog\/vapeo-y-cavidad-bucal-el-dano-silencioso-que-preocupa-a-odontologos\/","title":{"rendered":"Especialistas de Unifranz ven que el vapeo provoca un da\u00f1o silencioso en la cavidad bucal"},"content":{"rendered":"<p>El vapeo se ha popularizado en los \u00faltimos a\u00f1os, especialmente entre j\u00f3venes, bajo la idea de que es una alternativa menos da\u00f1ina que el cigarrillo tradicional. Sin embargo, desde el \u00e1mbito odontol\u00f3gico, cada vez m\u00e1s estudios <strong>advierten que el uso de cigarrillos electr\u00f3nicos puede generar m\u00faltiples efectos negativos en la cavidad bucal<\/strong>, desde inflamaciones en las enc\u00edas hasta alteraciones en el microbioma oral.<\/p>\n\n\n\n<p>El doctor Eduardo Mancilla, docente de Periodoncia en la Cl\u00ednica Odontol\u00f3gica de la Universidad Franz Tamayo (Unifranz) sede La Paz, explica que el vapeo no es un h\u00e1bito inofensivo. \u201cEst\u00e1 comprobado que causa da\u00f1o a nivel periodontal y dental. Hablamos de<strong> gingivitis y periodontitis en las enc\u00edas, adem\u00e1s de caries y otras alteraciones en los dientes<\/strong>\u201d, se\u00f1ala.<\/p>\n\n\n\n<p>Seg\u00fan el especialista, <strong>uno de los principales factores de riesgo presentes en los cigarrillos electr\u00f3nicos es la nicotina<\/strong>, una sustancia que afecta a nivel celular y que puede provocar m\u00faltiples alteraciones en los tejidos de la cavidad bucal. \u201cLa evidencia cient\u00edfica muestra que el da\u00f1o es comparable al del tabaco. La nicotina causa da\u00f1os tremendos\u201d, advierte.<\/p>\n\n\n\n<p>A esto se suman los qu\u00edmicos y saborizantes utilizados en los dispositivos de vapeo. Aunque muchas veces se presentan como inofensivos, diversos estudios demuestran que pueden desencadenar otros problemas dentales como el aumento de la biopel\u00edcula (la placa bacteriana que se acumula en los dientes) y cambios en el microbioma bucal, lo que favorece la aparici\u00f3n de enfermedades orales.<\/p>\n\n\n\n<blockquote class=\"wp-block-quote is-layout-flow wp-block-quote-is-layout-flow\">\n<p>\u201cLos saborizantes que contienen estos dispositivos pueden provocar una mayor acumulaci\u00f3n de biopel\u00edcula y alterar el equilibrio natural de bacterias en la boca. El da\u00f1o est\u00e1 disimulado, pero sigue estando presente\u201d, explica Mancilla.<\/p>\n<\/blockquote>\n\n\n\n<p>Entre las se\u00f1ales de alerta que podr\u00edan indicar afectaciones por vapeo se encuentran <strong>cambios en el color de los dientes, manchas oscuras, fracturas dentales o enc\u00edas con tonalidad p\u00e1lida<\/strong>. Estos signos pueden reflejar alteraciones en la salud bucal que requieren evaluaci\u00f3n profesional.<\/p>\n\n\n\n<p>El especialista tambi\u00e9n advierte que el vapeo puede incrementar el riesgo de enfermedades periodontales o agravar condiciones preexistentes. Los qu\u00edmicos presentes en los dispositivos, sumados al calor que generan, <strong>pueden acentuar el da\u00f1o en los tejidos blandos de la boca<\/strong>. \u201cSi ya existe un problema previo, el vapeo puede complicarlo a\u00fan m\u00e1s\u201d, afirma.<\/p>\n\n\n\n<figure class=\"wp-block-embed is-type-video is-provider-youtube wp-block-embed-youtube wp-embed-aspect-16-9 wp-has-aspect-ratio\"><div class=\"wp-block-embed__wrapper\">\n<iframe loading=\"lazy\" title=\"El vapeo tiene consecuencias negativas para la salud bucal #unifranzlapaz #universidadinnovadora\" width=\"500\" height=\"281\" src=\"https:\/\/www.youtube.com\/embed\/GFPyITzjzs0?feature=oembed\" frameborder=\"0\" allow=\"accelerometer; autoplay; clipboard-write; encrypted-media; gyroscope; picture-in-picture; web-share\" referrerpolicy=\"strict-origin-when-cross-origin\" allowfullscreen><\/iframe>\n<\/div><\/figure>\n\n\n\n<p>Asimismo, se\u00f1ala que uno de los mayores desaf\u00edos actuales en odontolog\u00eda es la detecci\u00f3n temprana de <strong>enfermedades graves como el c\u00e1ncer bucal<\/strong>. En ese contexto, h\u00e1bitos como el vapeo o el consumo de tabaco aumentan el riesgo de desarrollar este tipo de patolog\u00edas.<\/p>\n\n\n\n<p>Frente a estos nuevos h\u00e1bitos y desaf\u00edos para la salud bucal, la formaci\u00f3n de futuros odont\u00f3logos cobra un rol importante. En la carrera de Odontolog\u00eda de Unifranz, <strong>los estudiantes aprenden a identificar y diagnosticar este tipo de alteraciones desde las primeras etapas de su formaci\u00f3n cl\u00ednica<\/strong>.<\/p>\n\n\n\n<p>Durante su pr\u00e1ctica en la Cl\u00ednica Odontol\u00f3gica, <strong>los estudiantes eval\u00faan de manera integral el estado de dientes, enc\u00edas y tejidos orales de los pacientes.<\/strong> A partir de la historia cl\u00ednica y la observaci\u00f3n de signos espec\u00edficos, pueden clasificar los niveles de riesgo y detectar posibles da\u00f1os asociados a h\u00e1bitos como el vapeo.<\/p>\n\n\n\n<p>Este proceso se enmarca en el modelo educativo pr\u00e1ctico de la universidad, conocido como \u201cAprender Haciendo\u201d, que <strong>permite a los estudiantes trasladar la teor\u00eda al contexto cl\u00ednico real desde etapas tempranas de su formaci\u00f3n<\/strong>. \u201cEl paciente llega a la cl\u00ednica y los estudiantes comienzan a observar signos de da\u00f1o. La teor\u00eda se vuelve pr\u00e1ctica de inmediato\u201d, explica Mancilla.<\/p>\n\n\n\n<p>Adem\u00e1s del an\u00e1lisis odontol\u00f3gico, la formaci\u00f3n enfatiza una mirada integral del paciente, considerando m\u00faltiples factores que pueden estar relacionados con la salud bucal. \u201cEl estudiante debe ver al paciente como un todo, no solamente la cavidad bucal\u201d, a\u00f1ade el docente.<\/p>\n\n\n\n<p>Finalmente, el especialista recomienda a los j\u00f3venes evitar el consumo de cigarrillos electr\u00f3nicos. <strong>Aunque muchas personas creen que no generan consecuencias, los efectos de la nicotina y de los qu\u00edmicos presentes en estos dispositivos pueden afectar distintos sistemas del organismo<\/strong>. \u201cEs como jugar a la ruleta rusa. Tal vez no veas el da\u00f1o de inmediato, pero puede aparecer con el tiempo y complicar tu salud\u201d, remarca.<\/p>\n\n\n\n<p>La Cl\u00ednica Odontol\u00f3gica de Unifranz La Paz, ubicada en la avenida Landaeta, brinda atenci\u00f3n a la poblaci\u00f3n con el acompa\u00f1amiento permanente de docentes especialistas y estudiantes en formaci\u00f3n. El centro cuenta con equipamiento moderno y trabaja de manera integrada con otras \u00e1reas de salud para ofrecer un enfoque integral en el cuidado del paciente.<\/p>","protected":false},"excerpt":{"rendered":"<p>El consumo de cigarrillos electr\u00f3nicos puede generar da\u00f1os silenciosos en enc\u00edas, dientes y tejidos orales, alertan especialistas en salud bucal.<\/p>","protected":false},"author":56,"featured_media":712594,"comment_status":"open","ping_status":"open","sticky":false,"template":"","format":"standard","meta":{"_acf_changed":false,"footnotes":""},"categories":[60],"tags":[12085,12083,12084,210,12082,242,12042,9398,12081],"class_list":["post-712593","post","type-post","status-publish","format-standard","has-post-thumbnail","hentry","category-blog","tag-cavidadbucal","tag-cigarrilloselectronicos","tag-gingivitis","tag-innovacion","tag-saludbucal","tag-unifranz","tag-universidadinnovadora","tag-vapeadores","tag-vapeo"],"acf":[],"_links":{"self":[{"href":"https:\/\/unifranz.edu.bo\/pt\/wp-json\/wp\/v2\/posts\/712593","targetHints":{"allow":["GET"]}}],"collection":[{"href":"https:\/\/unifranz.edu.bo\/pt\/wp-json\/wp\/v2\/posts"}],"about":[{"href":"https:\/\/unifranz.edu.bo\/pt\/wp-json\/wp\/v2\/types\/post"}],"author":[{"embeddable":true,"href":"https:\/\/unifranz.edu.bo\/pt\/wp-json\/wp\/v2\/users\/56"}],"replies":[{"embeddable":true,"href":"https:\/\/unifranz.edu.bo\/pt\/wp-json\/wp\/v2\/comments?post=712593"}],"version-history":[{"count":3,"href":"https:\/\/unifranz.edu.bo\/pt\/wp-json\/wp\/v2\/posts\/712593\/revisions"}],"predecessor-version":[{"id":712738,"href":"https:\/\/unifranz.edu.bo\/pt\/wp-json\/wp\/v2\/posts\/712593\/revisions\/712738"}],"wp:featuredmedia":[{"embeddable":true,"href":"https:\/\/unifranz.edu.bo\/pt\/wp-json\/wp\/v2\/media\/712594"}],"wp:attachment":[{"href":"https:\/\/unifranz.edu.bo\/pt\/wp-json\/wp\/v2\/media?parent=712593"}],"wp:term":[{"taxonomy":"category","embeddable":true,"href":"https:\/\/unifranz.edu.bo\/pt\/wp-json\/wp\/v2\/categories?post=712593"},{"taxonomy":"post_tag","embeddable":true,"href":"https:\/\/unifranz.edu.bo\/pt\/wp-json\/wp\/v2\/tags?post=712593"}],"curies":[{"name":"wp","href":"https:\/\/api.w.org\/{rel}","templated":true}]}}