{"id":712584,"date":"2026-03-05T14:17:14","date_gmt":"2026-03-05T18:17:14","guid":{"rendered":"https:\/\/unifranz.edu.bo\/?p=712584"},"modified":"2026-03-09T14:23:40","modified_gmt":"2026-03-09T18:23:40","slug":"reconocimiento-excelencia-en-investigacion-unifranz-el-alto","status":"publish","type":"post","link":"https:\/\/unifranz.edu.bo\/pt\/unifranzelalto\/reconocimiento-excelencia-en-investigacion-unifranz-el-alto\/","title":{"rendered":"Excelencia en Investigaci\u00f3n: Docentes y estudiantes de Unifranz El Alto son reconocidos por su aporte a la ciencia"},"content":{"rendered":"<p>\u00bfC\u00f3mo se cura una enfermedad que pocos comprenden? \u00bfC\u00f3mo se dise\u00f1a la tecnolog\u00eda que facilitar\u00e1 la vida de miles? Las respuestas no siempre est\u00e1n en los libros, sino en la curiosidad de estudiantes y docentes que se atreven a buscar respuestas. En el campus acad\u00e9mico de Universidad Franz Tamayo (Unifranz) El Alto, la investigaci\u00f3n dej\u00f3 de ser una tarea acad\u00e9mica para convertirse en un motor de transformaci\u00f3n social.<\/p>\n\n\n\n<p>Recientemente, Unifranz El Alto celebr\u00f3 el evento \u00abM\u00e9rito a la Excelencia en Investigaci\u00f3n\u00bb, una gala que premi\u00f3 a quienes llevan el conocimiento boliviano a escenarios globales. Fueron m\u00e1s de 100 los galardonados, demostrando el potencial de El Alto en la generaci\u00f3n de conocimiento, constituy\u00e9ndose como la sede con m\u00e1s investigaciones realizadas de Unifranz.<\/p>\n\n\n\n<p>\u201cLlevamos a cabo nuestro evento de reconocimiento m\u00e9dico a la excelencia en investigaci\u00f3n, con el prop\u00f3sito de destacar a todos los docentes y estudiantes que hayan logrado generar art\u00edculos y\/o publicaciones en revistas indexadas y participar en eventos nacionales e internacionales\u201d, afirm\u00f3 Damian Bertiz, docente investigador de Unifranz El Alto. &nbsp;<\/p>\n\n\n\n<p><strong>Ciencia alte\u00f1a que cruza fronteras<\/strong><\/p>\n\n\n\n<p>El potencial investigador de la sede se refleja en hitos que resuenan en el exterior. Por ejemplo, Carla Larrea y Mireya Pereira, docentes de la carrera de Odontolog\u00eda de Unifranz El Alto, obtuvieron el segundo y tercer lugar en el concurso de la Sociedad Boliviana para la Investigaci\u00f3n Oral y Craneofacial (\u201cIADR\u201d por sus siglas en ingl\u00e9s). Larrea desarroll\u00f3 un asistente inteligente con IA generativa para prevenir la caries infantil y Pereira present\u00f3 un caso cl\u00ednico.<\/p>\n\n\n\n<p>Asimismo, la psicolog\u00eda boliviana lleg\u00f3 a Brasil de la mano de Eliana Exalto, directora de la carrera de Psicolog\u00eda. Su trabajo sobre investigaciones clave sobre habilidades blandas se public\u00f3 en la revista de la Universidad Federal de Goi\u00e1s, demostrando que el an\u00e1lisis del comportamiento humano en El Alto tiene validez internacional.<\/p>\n\n\n\n<p><strong>Innovaci\u00f3n desde las aulas<\/strong><\/p>\n\n\n\n<p>Los estudiantes no se quedan atr\u00e1s. En las Jornadas de Investigaci\u00f3n, el talento joven present\u00f3 soluciones reales a problemas complejos. Algunos casos destacados fueron:<\/p>\n\n\n\n<p><strong>Ingenier\u00eda de Sistemas:<\/strong> Crearon una pr\u00f3tesis de mano electr\u00f3nica que utiliza visi\u00f3n artificial para imitar movimientos.<\/p>\n\n\n\n<p><strong>Medicina:<\/strong> Estudiaron la fisiolog\u00eda en la altura, analizando la saturaci\u00f3n de ox\u00edgeno en j\u00f3venes a m\u00e1s de 4.150 msnm.<\/p>\n\n\n\n<p><strong>Enfermer\u00eda:<\/strong> Investigaron el S\u00edndrome de Burnout en el personal de salud para mejorar las condiciones laborales del sector.<\/p>\n\n\n\n<p>\u00abDesde El Alto se puede realizar investigaci\u00f3n de alto impacto y publicar en revistas internacionales. Es para m\u00ed un placer poder pertenecer a este grupo \u00edntegro de personas, de investigadores, que estamos llevando a cabo un trabajo arduo que hoy da sus frutos\u00bb, afirm\u00f3 Andrea Monta\u00f1o, docente de Odontolog\u00eda reconocida en el evento.<\/p>\n\n\n\n<p>Por su parte, Aldo Ayala, docente de la carrera de Medicina de Unifranz El Alto, consider\u00f3 que el reconocimiento es bastante valioso, tomando en cuenta que \u201cla investigaci\u00f3n es un pilar fundamental para lograr el aprendizaje significativo y eso fortalece el producto que genera la universidad\u201d.&nbsp;<\/p>\n\n\n\n<p>Para Dami\u00e1n Bertiz, docente investigador de Unifranz El Alto, el objetivo es \u00abdevolver a la sociedad\u00bb lo que se genera en las aulas. Esta visi\u00f3n es compartida por estudiantes como Alison Pacheco (Medicina) y Jhonny Saca (Derecho), quienes coinciden en que investigar es la mejor forma de hallar soluciones a las problem\u00e1ticas sociales actuales.<\/p>\n\n\n\n<p>En ese contexto, el reconocimiento obtenido por estudiantes y docentes refleja el esp\u00edritu transformador de Unifranz: formar profesionales capaces de generar conocimiento, innovar en su campo y aportar a la salud y bienestar de la sociedad boliviana.<\/p>\n\n\n\n<figure class=\"wp-block-embed is-type-video is-provider-youtube wp-block-embed-youtube wp-embed-aspect-16-9 wp-has-aspect-ratio\"><div class=\"wp-block-embed__wrapper\">\n<iframe loading=\"lazy\" title=\"PREMIACI\u00d3N A ESTUDIANTES Y DOCENTES INVESTIGADORES\" width=\"500\" height=\"281\" src=\"https:\/\/www.youtube.com\/embed\/NMxuyRGuifc?feature=oembed\" frameborder=\"0\" allow=\"accelerometer; autoplay; clipboard-write; encrypted-media; gyroscope; picture-in-picture; web-share\" referrerpolicy=\"strict-origin-when-cross-origin\" allowfullscreen><\/iframe>\n<\/div><\/figure>","protected":false},"excerpt":{"rendered":"<p>\u00bfC\u00f3mo se cura una enfermedad que pocos comprenden? \u00bfC\u00f3mo se dise\u00f1a la tecnolog\u00eda que facilitar\u00e1 la vida de miles? Las respuestas no siempre est\u00e1n en los libros, sino en la curiosidad de estudiantes y docentes que se atreven a buscar respuestas. En el campus acad\u00e9mico de Universidad Franz Tamayo (Unifranz) El Alto, la investigaci\u00f3n dej\u00f3 &hellip; <a href=\"https:\/\/unifranz.edu.bo\/pt\/unifranzelalto\/reconocimiento-excelencia-en-investigacion-unifranz-el-alto\/\">Continued<\/a><\/p>","protected":false},"author":25,"featured_media":712585,"comment_status":"open","ping_status":"open","sticky":false,"template":"","format":"standard","meta":{"_acf_changed":false,"footnotes":""},"categories":[11083,60,1636,2402,1782,10374],"tags":[53,47,386,1422,268,242],"class_list":["post-712584","post","type-post","status-publish","format-standard","has-post-thumbnail","hentry","category-unifranzelalto","category-blog","category-investigacion","category-jornadas-unifranz-de-investigacion","category-unifranz","category-unifranz-el-alto","tag-educacion","tag-el-alto","tag-estudiantes","tag-innovacion-en-educacion","tag-investigacion","tag-unifranz"],"acf":[],"_links":{"self":[{"href":"https:\/\/unifranz.edu.bo\/pt\/wp-json\/wp\/v2\/posts\/712584","targetHints":{"allow":["GET"]}}],"collection":[{"href":"https:\/\/unifranz.edu.bo\/pt\/wp-json\/wp\/v2\/posts"}],"about":[{"href":"https:\/\/unifranz.edu.bo\/pt\/wp-json\/wp\/v2\/types\/post"}],"author":[{"embeddable":true,"href":"https:\/\/unifranz.edu.bo\/pt\/wp-json\/wp\/v2\/users\/25"}],"replies":[{"embeddable":true,"href":"https:\/\/unifranz.edu.bo\/pt\/wp-json\/wp\/v2\/comments?post=712584"}],"version-history":[{"count":2,"href":"https:\/\/unifranz.edu.bo\/pt\/wp-json\/wp\/v2\/posts\/712584\/revisions"}],"predecessor-version":[{"id":712674,"href":"https:\/\/unifranz.edu.bo\/pt\/wp-json\/wp\/v2\/posts\/712584\/revisions\/712674"}],"wp:featuredmedia":[{"embeddable":true,"href":"https:\/\/unifranz.edu.bo\/pt\/wp-json\/wp\/v2\/media\/712585"}],"wp:attachment":[{"href":"https:\/\/unifranz.edu.bo\/pt\/wp-json\/wp\/v2\/media?parent=712584"}],"wp:term":[{"taxonomy":"category","embeddable":true,"href":"https:\/\/unifranz.edu.bo\/pt\/wp-json\/wp\/v2\/categories?post=712584"},{"taxonomy":"post_tag","embeddable":true,"href":"https:\/\/unifranz.edu.bo\/pt\/wp-json\/wp\/v2\/tags?post=712584"}],"curies":[{"name":"wp","href":"https:\/\/api.w.org\/{rel}","templated":true}]}}