{"id":71258,"date":"2021-10-01T05:31:27","date_gmt":"2021-10-01T09:31:27","guid":{"rendered":"https:\/\/unifranz.edu.bo\/?p=71258"},"modified":"2021-10-07T06:47:56","modified_gmt":"2021-10-07T10:47:56","slug":"cuatro-historias-de-luchadores-pacenos","status":"publish","type":"post","link":"https:\/\/unifranz.edu.bo\/pt\/la-paz\/cuatro-historias-de-luchadores-pacenos\/","title":{"rendered":"Cuatro historias de luchadores pace\u00f1os"},"content":{"rendered":"<p><em><span style=\"color: #000000;\">La pandemia del COVID 19 ha generado cambios trascendentales en la forma que vemos el mundo. Desde la zozobra de marzo de 2020 hasta la motivaci\u00f3n de una nueva presencialidad en septiembre de 2021, los dos extremos han sido escenario para reflejar la capacidad innata de mujeres y hombres que luchan desde diferentes \u00e1mbitos para salir adelante.<\/span><\/em><\/p>\n<hr \/>\n<p><span style=\"color: #000000;\">Dos estudiantes y dos profesionales comparten sus historias de fracasos, \u00e9xitos y sobre todo perseverancia para afrontar los nuevos retos surgidos. Por el mes del m\u00e9dico y el estudiante, septiembre, UNIFRANZ destaca a estos j\u00f3venes y profesionales que nos relatan sus vivencias desde el \u00e1mbito laboral y acad\u00e9mico, como tambi\u00e9n sus secretos para brillar en sus rubros.<\/span><\/p>\n<h4><span style=\"color: #000000;\">Ximena Salinas Mart\u00ednez<\/span><\/h4>\n<p><span style=\"color: #000000;\">M\u00e9dico Directora Hospital La Merced<\/span><\/p>\n<figure id=\"attachment_71259\" aria-describedby=\"caption-attachment-71259\" style=\"width: 300px\" class=\"wp-caption alignnone\"><img loading=\"lazy\" decoding=\"async\" class=\"size-medium wp-image-71259\" src=\"https:\/\/unifranz.edu.bo\/wp-content\/uploads\/2021\/10\/1a-300x225.jpg\" alt=\"Ximena Salinas, \u00faltima a la izquierda junto a su equipo de trabajo COVID19.\" width=\"300\" height=\"225\" srcset=\"https:\/\/unifranz.edu.bo\/wp-content\/uploads\/2021\/10\/1a-300x225.jpg 300w, https:\/\/unifranz.edu.bo\/wp-content\/uploads\/2021\/10\/1a-1024x768.jpg 1024w, https:\/\/unifranz.edu.bo\/wp-content\/uploads\/2021\/10\/1a-768x576.jpg 768w, https:\/\/unifranz.edu.bo\/wp-content\/uploads\/2021\/10\/1a-16x12.jpg 16w, https:\/\/unifranz.edu.bo\/wp-content\/uploads\/2021\/10\/1a.jpg 1280w\" sizes=\"auto, (max-width: 300px) 100vw, 300px\" \/><figcaption id=\"caption-attachment-71259\" class=\"wp-caption-text\"><em><span style=\"color: #000000;\">Ximena Salinas, \u00faltima a la izquierda junto a su equipo de trabajo COVID19.<\/span><\/em><\/figcaption><\/figure>\n<p><span style=\"color: #000000;\">\u201cEl servicio p\u00fablico tiene desazones, pero es algo maravilloso y muy lindo. Te permite dar un poco m\u00e1s de ti a la sociedad, saber que vas a dejar a tus hijos y a las pr\u00f3ximas generaciones un mejor espacio\u201d, asegura Ximena Salinas, Directora del Hospital La Merced.<\/span><\/p>\n<p><span style=\"color: #000000;\">Durante 5 a\u00f1os la Doctora Salinas ha estado a la cabeza del Hospital Municipal La Merced, donde vivi\u00f3 la pandemia de primera mano. Ning\u00fan centro de salud en el mundo estaba preparado para un evento de esa magnitud, \u201cnosotros pudimos prepararnos con un maravilloso equipo de trabajo. Nos transformamos en un hospital de atenci\u00f3n exclusiva de Covid\u201d, afirma Salinas. Aprender, adecuarse y redireccionarse se convirti\u00f3 en parte importante del d\u00eda a d\u00eda, mientras se desarrollaban los protocolos adecuados del manejo de pacientes.<\/span><\/p>\n<p><span style=\"color: #000000;\">Ximena descubri\u00f3 su vocaci\u00f3n al servicio p\u00fablico y tambi\u00e9n a la docencia reci\u00e9n salida de UNIFRANZ; sus estudios de especialidad en Salud P\u00fablica en Brasil le dieron la gu\u00eda para convertirse en Gestora de Salud y luego adquirir las competencias para ser Directora del Hospital La Merced y Directora Interina Municipal de Salud.<\/span><\/p>\n<p><span style=\"color: #000000;\">La doctora Salinas destaca la importancia del lado humano en el m\u00e9dico al servicio de la comunidad, se\u00f1alando que \u201clos m\u00e9dicos especializados en salud p\u00fablica vemos a la medicina desde la comunidad. Surge para nosotros el reto de enlazar a la comunidad con la salud de sus habitantes\u201d.<\/span><\/p>\n<p><span style=\"color: #000000;\">Actualmente Salinas trabaja de manera conjunta en la direcci\u00f3n del Hospital La Merced y en la docencia, destaca que en la formaci\u00f3n los estudiantes \u201cno deben conformarse e ir tras el siguiente paso\u201d, manteniendo los ojos siempre abiertos ante nuevas oportunidades de mejora.<\/span><\/p>\n<h4><span style=\"color: #000000;\">Ronald Miranda<\/span><\/h4>\n<p><span style=\"color: #000000;\">Odont\u00f3logo\/ Responsable Departamental del Centro Coordinador de Emergencias en Salud del Sedes La Paz<\/span><\/p>\n<figure id=\"attachment_71260\" aria-describedby=\"caption-attachment-71260\" style=\"width: 300px\" class=\"wp-caption alignnone\"><img loading=\"lazy\" decoding=\"async\" class=\"size-medium wp-image-71260\" src=\"https:\/\/unifranz.edu.bo\/wp-content\/uploads\/2021\/10\/A2-300x199.jpg\" alt=\"Ronald Miranda, en cuclillas de azul en la capacitaci\u00f3n en Jap\u00f3n\" width=\"300\" height=\"199\" srcset=\"https:\/\/unifranz.edu.bo\/wp-content\/uploads\/2021\/10\/A2-300x199.jpg 300w, https:\/\/unifranz.edu.bo\/wp-content\/uploads\/2021\/10\/A2-1024x680.jpg 1024w, https:\/\/unifranz.edu.bo\/wp-content\/uploads\/2021\/10\/A2-768x510.jpg 768w, https:\/\/unifranz.edu.bo\/wp-content\/uploads\/2021\/10\/A2-1536x1020.jpg 1536w, https:\/\/unifranz.edu.bo\/wp-content\/uploads\/2021\/10\/A2-18x12.jpg 18w, https:\/\/unifranz.edu.bo\/wp-content\/uploads\/2021\/10\/A2.jpg 1600w\" sizes=\"auto, (max-width: 300px) 100vw, 300px\" \/><figcaption id=\"caption-attachment-71260\" class=\"wp-caption-text\"><em><span style=\"color: #000000;\">Ronald Miranda, en cuclillas de azul en la capacitaci\u00f3n en Jap\u00f3n<\/span><\/em><\/figcaption><\/figure>\n<p><span style=\"color: #000000;\">\u201cEl liderazgo siempre se desarrolla en la pr\u00e1ctica y no en la teor\u00eda. En la crisis es importante tomar el liderazgo y enfrentarla\u201d, asegura confiado Ronald Miranda, responsable del Centro Coordinador de Emergencias en Salud del Servicio Departamental de Salud &#8211; La Paz. Desde su puesto conoce muy bien las crisis. Graduado como Odont\u00f3logo de UNIFRANZ, desarroll\u00f3 su carrera vinculado al manejo de emergencias m\u00e9dicas, desde municipios, a nivel departamental y ahora apuntando a nivel nacional.<\/span><\/p>\n<p><span style=\"color: #000000;\">Junto a su equipo de trabajo desde 2015 desarroll\u00f3 SUMA 161, como Sistema de Urgencias y Emergencias M\u00e9dicas El Alto, potenciando los alcances y el concepto de la antigua red de ambulancias y emergencias. \u201cTen\u00edamos la inquietud de mejora, porque en Bolivia hay muy pocos que manejan los sistemas de ambulancia, quer\u00edamos aprender m\u00e1s, por lo tanto, solicitamos la cooperaci\u00f3n de Antofagasta, que nos dio un pantallazo de c\u00f3mo ten\u00eda que ser una Red de Emergencias y ambulancias, por lo tanto, empezamos a estudiar, diagnosticar, planificar, organizar, ejecutar y evaluar\u201d, indica Miranda.<\/span><\/p>\n<p><span style=\"color: #000000;\">Estos estudios trajeron resultados, junto a su equipo el Doctor Miranda actualiz\u00f3 la antigua red de ambulancias de El Alto, e innov\u00f3 con la inclusi\u00f3n de <em>big data <\/em>que gestiona los sistemas de emergencia en el municipio. Parte importante de esta antigua red y nuevo servicio, se centr\u00f3 en las ambulancias. Estos veh\u00edculos necesitaban actualizaci\u00f3n en el manejo del mantenimiento preventivo y correctivo del motorizado y de los equipos m\u00e9dicos que compone un ambulancia; con innovaci\u00f3n, el apoyo de estudiantes de ingenier\u00eda y mucho trabajo en equipo, Miranda logr\u00f3 mejorar las ambulancias y recibir meses despu\u00e9s un \u201cenhorabuena\u201d del equipo M\u00e9dico consultor de SAyDES Espa\u00f1a, que vino a Bolivia para capacitar al Doctor Miranda y sus colaboradores, \u201chemos tratado de demostrar a partir de estas actividades que el boliviano tiene iniciativa\u201d, destaca.<\/span><\/p>\n<p><span style=\"color: #000000;\">El a\u00f1o 2017 viaj\u00f3 a Jap\u00f3n para realizar un curso de administraci\u00f3n de emergencias y desastres para pa\u00edses latinoamericanos. Junto a profesionales de la regi\u00f3n en distintas prefecturas japonesas, intercambiando experiencias, habilidades y sobre el \u201c<em>know how<\/em>\u201d para generar buenas pr\u00e1cticas en los servicios de emergencias de Bolivia.<\/span><\/p>\n<p><span style=\"color: #000000;\">El legado del Doctor Miranda puede ser registrado en la creaci\u00f3n a nivel nacional de: Normas de Ambulancias A\u00e9reas y la Norma de Ambulancias Terrestres, Norma Nacional de Caracterizaci\u00f3n del Sistema Nacional de Emergencias en Salud, Resoluciones Administrativas que coadyuvan y fortalecen el sistema de referencia y contrareferencia. \u201cHay que saber crear, no podemos pensar que el libro lo es todo, hay que innovar y crear algo\u201d, reflexiona Miranda al ser consultado sobre las ense\u00f1anzas que rescata de su experiencia, mientras termina su d\u00eda como Responsable Departamental del Centro Coordinador de Emergencias en Salud SEDES La Paz.<\/span><\/p>\n<h4><span style=\"color: #000000;\">Alison Rojas<\/span><\/h4>\n<p><span style=\"color: #000000;\">Periodismo Becaria UNIFRANZ<\/span><\/p>\n<figure id=\"attachment_71261\" aria-describedby=\"caption-attachment-71261\" style=\"width: 300px\" class=\"wp-caption alignnone\"><img loading=\"lazy\" decoding=\"async\" class=\"size-medium wp-image-71261\" src=\"https:\/\/unifranz.edu.bo\/wp-content\/uploads\/2021\/10\/A4-300x225.jpg\" alt=\"Alison Rojas, primera en la foto de izquierda a derecha. Junto a sus compa\u00f1eros de carrera, antes del inicio de la pandemia\" width=\"300\" height=\"225\" srcset=\"https:\/\/unifranz.edu.bo\/wp-content\/uploads\/2021\/10\/A4-300x225.jpg 300w, https:\/\/unifranz.edu.bo\/wp-content\/uploads\/2021\/10\/A4-1024x768.jpg 1024w, https:\/\/unifranz.edu.bo\/wp-content\/uploads\/2021\/10\/A4-768x576.jpg 768w, https:\/\/unifranz.edu.bo\/wp-content\/uploads\/2021\/10\/A4-16x12.jpg 16w, https:\/\/unifranz.edu.bo\/wp-content\/uploads\/2021\/10\/A4.jpg 1032w\" sizes=\"auto, (max-width: 300px) 100vw, 300px\" \/><figcaption id=\"caption-attachment-71261\" class=\"wp-caption-text\"><span style=\"color: #000000;\"><em>Alison Rojas, primera en la foto de izquierda a derecha. Junto a sus compa\u00f1eros de carrera, antes del inicio de la pandemia<\/em><\/span><\/figcaption><\/figure>\n<p><span style=\"color: #000000;\">Alison estudia Periodismo en UNIFRANZ. Encontr\u00f3 su vocaci\u00f3n desde el primer d\u00eda que la Universidad la visit\u00f3 en su colegio, donde tambi\u00e9n descubri\u00f3 su pasi\u00f3n y motivaci\u00f3n por alg\u00fan d\u00eda ser periodista, siguiendo los pasos de su mentor John Arandia. \u201cEs mi pasi\u00f3n desde que la vi, la escuch\u00e9 y la sent\u00ed\u201d, afirma Alison mientras habla emocionada de su carrera.<\/span><\/p>\n<p><span style=\"color: #000000;\">La pandemia cambi\u00f3 su forma de vivir, como a la mayor\u00eda de los habitantes del mundo, \u201cfue un golpe contra la pared\u201d, afirma, para el cual nunca estuvimos preparados. Pero tambi\u00e9n fue un motor para adecuarnos a nuevas formas de vivir, trabajar y estudiar. La pandemia tambi\u00e9n trajo cosas positivas, las familias se unieron m\u00e1s, muchas de ellas llegaron a conocerse como no lo hab\u00edan hecho antes.<\/span><\/p>\n<p><span style=\"color: #000000;\">Los cambios trajeron adecuaciones, \u201cmuchos docentes se han vuelto amigos, consejeros, porque algunas personas no han sabido manejar el encierro. Los docentes y la Universidad nos han brindado ese apoyo\u201d sentencia Alison refiri\u00e9ndose a la mejora en las relaciones docente\/estudiante y a una UNIFRANZ cada vez m\u00e1s comprometida con el bienestar de sus alumnos.<\/span><\/p>\n<p><span style=\"color: #000000;\">Alison este agosto inicia su 6to semestre en UNIFRANZ con la motivaci\u00f3n de su beca, aunque extra\u00f1a la din\u00e1mica de \u201cir a la universidad\u201d, est\u00e1 convencida que este proceso dar\u00e1 en alg\u00fan momento de forma gradual.<\/span><\/p>\n<h4><span style=\"color: #000000;\">Valentina Fern\u00e1ndez<\/span><\/h4>\n<p><span style=\"color: #000000;\">Ingenier\u00eda Econ\u00f3mica\u00a0 Becaria UNIFRANZ<\/span><\/p>\n<p><img loading=\"lazy\" decoding=\"async\" class=\"wp-image-71262 size-medium\" src=\"https:\/\/unifranz.edu.bo\/wp-content\/uploads\/2021\/10\/A5-300x225.jpg\" alt=\"Valentina Fern\u00e1ndez sentada de azul a la izquierda junto a sus compa\u00f1eros, durante su estancia en la Universidad de Boyac\u00e1 en Colombia\" width=\"300\" height=\"225\" srcset=\"https:\/\/unifranz.edu.bo\/wp-content\/uploads\/2021\/10\/A5-300x225.jpg 300w, https:\/\/unifranz.edu.bo\/wp-content\/uploads\/2021\/10\/A5-1024x768.jpg 1024w, https:\/\/unifranz.edu.bo\/wp-content\/uploads\/2021\/10\/A5-768x576.jpg 768w, https:\/\/unifranz.edu.bo\/wp-content\/uploads\/2021\/10\/A5-16x12.jpg 16w, https:\/\/unifranz.edu.bo\/wp-content\/uploads\/2021\/10\/A5.jpg 1280w\" sizes=\"auto, (max-width: 300px) 100vw, 300px\" \/><\/p>\n<p>&nbsp;<\/p>\n<p><span style=\"color: #000000;\">A dos meses de terminar Ingenier\u00eda Econ\u00f3mica, Valentina Fern\u00e1ndez tiene claro d\u00f3nde se ve en cinco a\u00f1os, \u201cquisiera trabajar en el Banco Central o en ASFI [Autoridad de Supervisi\u00f3n del Sistema Financiero], me gusta mucho el sector p\u00fablico\u201d, se\u00f1ala la estudiante que no tiene ning\u00fan reparo en demostrar constantemente su amor por Bolivia.<\/span><\/p>\n<p><span style=\"color: #000000;\">Valentina tiene la esperanza de graduarse por excelencia, su vida acad\u00e9mica est\u00e1 repleta de puntos altos. Actualmente tiene la Beca de Excelencia en UNIFRANZ. Viaj\u00f3 el a\u00f1o 2019 a la Universidad de Boyac\u00e1 en Colombia como parte de un intercambio con la Beca Internacional\u00edzate, y desde hace 3 meses es parte de una agencia de bolsa, donde combina las 8 horas de trabajo con sus estudios.<\/span><\/p>\n<p><span style=\"color: #000000;\">\u00bfC\u00f3mo es posible esta combinaci\u00f3n de trabajo y estudio? \u201cTodo es cuesti\u00f3n de prioridades\u201d, afirma Valentina. Esta mezcla tiene una m\u00e1xima en la estudiante destacada, \u201csi tu priorizas lo que quieres en la vida te va bien y as\u00ed fue mi caso\u201d. Es muy importante indicar que estas dos responsabilidades se encuentran complementadas con su amor por jugar f\u00fatbol, el aprovechamiento de las relaciones sociales y emprendimientos propios. Junto a sus hermanos cre\u00f3 el 2019 Burgoloso, un negocio de hamburguesas que empez\u00f3 como un <em>food truck<\/em> y actualmente se extendi\u00f3 a dos sucursales m\u00e1s en Miraflores y la Zona Sur de La Paz.<\/span><\/p>\n<p><span style=\"color: #000000;\">Valentina se ve en un futuro muy pr\u00f3ximo alistando sus maletas para viajar y continuar con estudios de Postgrado. Tiene la mente puesta en M\u00e9xico o Espa\u00f1a como opciones donde continuar sus estudios. Es consciente que la oportunidad que le dio UNIFRANZ para intercambio en Colombia fue una manera de despertarle una visi\u00f3n m\u00e1s internacional de su profesi\u00f3n, del mundo y su amor por Bolivia.<\/span><\/p>\n<p><span style=\"color: #000000;\">La pandemia tambi\u00e9n trajo adecuaciones para Valentina. Los 15 d\u00edas de cuarentena estricta ordenados por el gobierno nacional, durante el mes de marzo de 2020, fueron vistos por muchos j\u00f3venes como algo temporal, 16 meses despu\u00e9s se ha generado una nueva presencialidad que combina el trabajo y el estudio con el hogar, \u201cfue complicado, pero con el tema de las plataformas se fue dando super bien\u201d se\u00f1ala Valentina, refiri\u00e9ndose a esas primeras semanas, y agrega que \u201ccuando uno quiere, aprende\u201d.<\/span><\/p>\n<p><span style=\"color: #000000;\">Aunque est\u00e1 a unos meses de terminar la universidad, a\u00fan no pierde la esperanza: \u201cSer\u00eda clave volver a lo presencial\u201d, finaliza Valentina.<\/span><\/p>\n<p>&nbsp;<\/p>\n<p><span style=\"color: #000000;\"><strong>Sobre UNIFRANZ<\/strong><\/span><\/p>\n<p><span style=\"color: #000000;\">La Universidad Privada Franz Tamayo \u2013 UNIFRANZ cumpli\u00f3 28 a\u00f1os de trayectoria en educaci\u00f3n superior y mantiene el compromiso de acompa\u00f1ar la evoluci\u00f3n de la sociedad en este mundo globalizado. Su actual modelo pedag\u00f3gico tiene un enfoque por competencias que se apoya en tres pilares: el saber, el saber hacer y el saber ser, a fin de formar profesionales con talento de clase mundial. Igualmente, UNIFRANZ considera vital la internacionalizaci\u00f3n en su visi\u00f3n de una universidad disruptiva y transformadora que apunta a cambiar el modelo educativo en Bolivia. Cuenta con una infraestructura de m\u00e1s 65.000 metros cuadrados construidos en La Paz, El Alto, Cochabamba y Santa Cruz. UNIFRANZ cuenta con la recertificaci\u00f3n de calidad ISO 9001: 2015 y la Certificaci\u00f3n MERCOSUR en sus programas de Medicina y Odontolog\u00eda.<\/span><\/p>\n","protected":false},"excerpt":{"rendered":"<p>La pandemia del COVID 19 ha generado cambios trascendentales en la forma que vemos el mundo. Desde la zozobra de marzo de 2020 hasta la motivaci\u00f3n de una nueva presencialidad en septiembre de 2021, los dos extremos han sido escenario para reflejar la capacidad innata de mujeres y hombres que luchan desde diferentes \u00e1mbitos para &hellip; <a href=\"https:\/\/unifranz.edu.bo\/pt\/la-paz\/cuatro-historias-de-luchadores-pacenos\/\">Continued<\/a><\/p>","protected":false},"author":27,"featured_media":71260,"comment_status":"open","ping_status":"open","sticky":false,"template":"","format":"standard","meta":{"_acf_changed":false,"footnotes":""},"categories":[60,35,318,1004,1608,27,1782],"tags":[188,1422,41,49,278],"class_list":["post-71258","post","type-post","status-publish","format-standard","has-post-thumbnail","hentry","category-blog","category-carreras","category-competencias","category-estudiantes","category-internacionalizacion","category-la-paz","category-unifranz","tag-ingenieria-economica-financiera","tag-innovacion-en-educacion","tag-la-paz","tag-medicina","tag-periodismo"],"acf":[],"_links":{"self":[{"href":"https:\/\/unifranz.edu.bo\/pt\/wp-json\/wp\/v2\/posts\/71258","targetHints":{"allow":["GET"]}}],"collection":[{"href":"https:\/\/unifranz.edu.bo\/pt\/wp-json\/wp\/v2\/posts"}],"about":[{"href":"https:\/\/unifranz.edu.bo\/pt\/wp-json\/wp\/v2\/types\/post"}],"author":[{"embeddable":true,"href":"https:\/\/unifranz.edu.bo\/pt\/wp-json\/wp\/v2\/users\/27"}],"replies":[{"embeddable":true,"href":"https:\/\/unifranz.edu.bo\/pt\/wp-json\/wp\/v2\/comments?post=71258"}],"version-history":[{"count":2,"href":"https:\/\/unifranz.edu.bo\/pt\/wp-json\/wp\/v2\/posts\/71258\/revisions"}],"predecessor-version":[{"id":71575,"href":"https:\/\/unifranz.edu.bo\/pt\/wp-json\/wp\/v2\/posts\/71258\/revisions\/71575"}],"wp:featuredmedia":[{"embeddable":true,"href":"https:\/\/unifranz.edu.bo\/pt\/wp-json\/wp\/v2\/media\/71260"}],"wp:attachment":[{"href":"https:\/\/unifranz.edu.bo\/pt\/wp-json\/wp\/v2\/media?parent=71258"}],"wp:term":[{"taxonomy":"category","embeddable":true,"href":"https:\/\/unifranz.edu.bo\/pt\/wp-json\/wp\/v2\/categories?post=71258"},{"taxonomy":"post_tag","embeddable":true,"href":"https:\/\/unifranz.edu.bo\/pt\/wp-json\/wp\/v2\/tags?post=71258"}],"curies":[{"name":"wp","href":"https:\/\/api.w.org\/{rel}","templated":true}]}}