{"id":712548,"date":"2026-03-04T18:30:21","date_gmt":"2026-03-04T22:30:21","guid":{"rendered":"https:\/\/unifranz.edu.bo\/?p=712548"},"modified":"2026-03-04T18:30:24","modified_gmt":"2026-03-04T22:30:24","slug":"la-ciencia-no-es-misterio-es-vida-el-llamado-urgente-de-la-4ta-feria-de-divulgacion-cientifica-en-unifranz","status":"publish","type":"post","link":"https:\/\/unifranz.edu.bo\/pt\/blog\/la-ciencia-no-es-misterio-es-vida-el-llamado-urgente-de-la-4ta-feria-de-divulgacion-cientifica-en-unifranz\/","title":{"rendered":"La ciencia no es misterio, es vida: el llamado urgente de la 4ta Feria de Divulgaci\u00f3n Cient\u00edfica en Unifranz"},"content":{"rendered":"<p>El conocimiento no sirve de mucho si se queda guardado bajo siete llaves o en el lenguaje herm\u00e9tico de unos pocos. El campus <strong>Cala Cala de la Universidad Franz Tamayo \u2014Unifranz\u2014<\/strong> rompi\u00f3 ese candado y acogi\u00f3 a la <strong>4ta Feria de Divulgaci\u00f3n Cient\u00edfica<\/strong>, un espacio donde la innovaci\u00f3n dej\u00f3 de ser un concepto lejano para sentirse, probarse y compartirse.<\/p>\n\n\n\n<p>El <strong>vicerrector de Unifranz, Rolando L\u00f3pez<\/strong> lanz\u00f3 una advertencia que retumb\u00f3 en el sal\u00f3n: \u00abLa ciencia hay que democratizarla\u00bb, porque en un mundo gobernado por algoritmos y, a veces, por la desinformaci\u00f3n de las redes sociales, la academia tiene el deber moral de salir a la calle.<\/p>\n\n\n\n<figure class=\"wp-block-image size-large\"><img loading=\"lazy\" decoding=\"async\" width=\"1024\" height=\"576\" src=\"https:\/\/unifranz.edu.bo\/wp-content\/uploads\/2026\/03\/Blog-2-1024x576.png\" alt=\"\" class=\"wp-image-712550\" srcset=\"https:\/\/unifranz.edu.bo\/wp-content\/uploads\/2026\/03\/Blog-2-1024x576.png 1024w, https:\/\/unifranz.edu.bo\/wp-content\/uploads\/2026\/03\/Blog-2-300x169.png 300w, https:\/\/unifranz.edu.bo\/wp-content\/uploads\/2026\/03\/Blog-2-768x432.png 768w, https:\/\/unifranz.edu.bo\/wp-content\/uploads\/2026\/03\/Blog-2-1536x864.png 1536w, https:\/\/unifranz.edu.bo\/wp-content\/uploads\/2026\/03\/Blog-2-2048x1152.png 2048w, https:\/\/unifranz.edu.bo\/wp-content\/uploads\/2026\/03\/Blog-2-18x10.png 18w\" sizes=\"auto, (max-width: 1024px) 100vw, 1024px\" \/><figcaption class=\"wp-element-caption\"><em>Las estudiantes de Bioqu\u00edmica y Farmacia obtuvieron el 1er premio en la categor\u00eda Mejor Stand con su proyecto Yoguflex. <\/em><\/figcaption><\/figure>\n\n\n\n<p><em>\u00ab\u00bfAcaso vamos a seguir consumiendo desinformaci\u00f3n <\/em><em>en las redes, de sitios o personas sin conocimiento?\u00bb<\/em>, pregunt\u00f3 al auditorio. <strong>\u00abLa ciencia es vida, es naturaleza, es humanidad\u00bb<\/strong>, afirm\u00f3 L\u00f3pez, advirtiendo que, si seguimos reproduciendo contenido malicioso y \u00abtonteras\u00bb, buscando solo notas de sangre en los medios de comunicaci\u00f3n en lugar de entender el mundo a trav\u00e9s de la tecnolog\u00eda y la ingenier\u00eda, Bolivia seguir\u00e1 rezagada frente a sus vecinos.<\/p>\n\n\n\n<p>Bolivia figura entre los \u00faltimos pa\u00edses de la regi\u00f3n en aplicaci\u00f3n de inteligencia artificial. Chile, Per\u00fa, Argentina nos sacan ventaja. Y la causa, seg\u00fan L\u00f3pez, no es la falta de recursos naturales ni de territorio, sino la falta de apuesta sostenida al talento.<\/p>\n\n\n\n<p>La Coordinadora Nacional de Investigaci\u00f3n y miembro de OWSD Cap\u00edtulo Bolivia, Luc\u00eda Alvarado, sum\u00f3 el peso de los datos. Su an\u00e1lisis del informe OWSD Bolivia revel\u00f3 que apenas el 20% de la matr\u00edcula en Ingenier\u00eda y Tecnolog\u00eda corresponde a mujeres. La brecha no se explica solo por discriminaci\u00f3n directa, sino por estereotipos, falta de referentes y barreras estructurales que se acumulan desde la escuela primaria hasta el doctorado.<\/p>\n\n\n\n<figure class=\"wp-block-image size-large\"><img loading=\"lazy\" decoding=\"async\" width=\"1024\" height=\"536\" src=\"https:\/\/unifranz.edu.bo\/wp-content\/uploads\/2026\/03\/Blog-3-1024x536.png\" alt=\"\" class=\"wp-image-712551\" srcset=\"https:\/\/unifranz.edu.bo\/wp-content\/uploads\/2026\/03\/Blog-3-1024x536.png 1024w, https:\/\/unifranz.edu.bo\/wp-content\/uploads\/2026\/03\/Blog-3-300x157.png 300w, https:\/\/unifranz.edu.bo\/wp-content\/uploads\/2026\/03\/Blog-3-768x402.png 768w, https:\/\/unifranz.edu.bo\/wp-content\/uploads\/2026\/03\/Blog-3-1536x804.png 1536w, https:\/\/unifranz.edu.bo\/wp-content\/uploads\/2026\/03\/Blog-3-2048x1072.png 2048w, https:\/\/unifranz.edu.bo\/wp-content\/uploads\/2026\/03\/Blog-3-18x9.png 18w\" sizes=\"auto, (max-width: 1024px) 100vw, 1024px\" \/><figcaption class=\"wp-element-caption\"><em>Estudiantes de diferentes instituciones expusieron sus investigaciones en la 4ta Feria de Divulgaci\u00f3n Cient\u00edfica. <\/em><\/figcaption><\/figure>\n\n\n\n<p><em>\u00abNo se trata \u00fanicamente de aumentar cifras de matr\u00edcula, sino de construir un ecosistema cient\u00edfico inclusivo, competitivo y sostenible.<\/em> Bolivia no puede darse el lujo de desperdiciar la mitad de su talento\u00bb, asegur\u00f3.<\/p>\n\n\n\n<p><strong>Unifranz lo hizo posible<\/strong><\/p>\n\n\n\n<p>No cualquier universidad abre sus puertas con esta amplitud. Unifranz no solo prest\u00f3 sus instalaciones a la 4ta Feria de Divulgaci\u00f3n Cient\u00edfica, puso su identidad al servicio de un prop\u00f3sito colectivo. Bajo su techo se congregaron instituciones tan diversas como la Universidad Mayor de San Sim\u00f3n, la Universidad Cat\u00f3lica Boliviana, la Facultad de Ingenier\u00eda Qu\u00edmica de la Universidad Estatal de Campinas de Brasil, la Asociaci\u00f3n Internacional del Agua, IEEE Young Professionals Bolivia y once entidades m\u00e1s que trajeron ciencia, experiencia y talento desde distintos rincones del conocimiento.<\/p>\n\n\n\n<p>El evento, organizado por el Cap\u00edtulo Bolivia de la Organizaci\u00f3n para Mujeres en Ciencia para el Mundo en Desarrollo \u2014OWSD\u2014, unidad de programa de la UNESCO, se realiza cada a\u00f1o en conmemoraci\u00f3n al <strong>11 de febrero, D\u00eda Internacional de la Ni\u00f1a y la Mujer en la Ciencia<\/strong>. Hoy es el encuentro cient\u00edfico m\u00e1s vibrante de la regi\u00f3n.<\/p>\n\n\n\n<figure class=\"wp-block-image size-large\"><img loading=\"lazy\" decoding=\"async\" width=\"1024\" height=\"536\" src=\"https:\/\/unifranz.edu.bo\/wp-content\/uploads\/2026\/03\/Blog-4-1024x536.png\" alt=\"\" class=\"wp-image-712552\" srcset=\"https:\/\/unifranz.edu.bo\/wp-content\/uploads\/2026\/03\/Blog-4-1024x536.png 1024w, https:\/\/unifranz.edu.bo\/wp-content\/uploads\/2026\/03\/Blog-4-300x157.png 300w, https:\/\/unifranz.edu.bo\/wp-content\/uploads\/2026\/03\/Blog-4-768x402.png 768w, https:\/\/unifranz.edu.bo\/wp-content\/uploads\/2026\/03\/Blog-4-1536x804.png 1536w, https:\/\/unifranz.edu.bo\/wp-content\/uploads\/2026\/03\/Blog-4-2048x1072.png 2048w, https:\/\/unifranz.edu.bo\/wp-content\/uploads\/2026\/03\/Blog-4-18x9.png 18w\" sizes=\"auto, (max-width: 1024px) 100vw, 1024px\" \/><figcaption class=\"wp-element-caption\"><em>En la categor\u00eda cient\u00edfica, el primer lugar fue para el proyecto <em>Diferencias entre la c\u00e9lula animal y vegetal<\/em>, de estudiantes de la UPAL <\/em><\/figcaption><\/figure>\n\n\n\n<p>P<strong>royectos que ya son respuestas<\/strong><\/p>\n\n\n\n<p>La feria no fue solo discurso, fue demostraci\u00f3n. Nueve jurados expertos en biotecnolog\u00eda, salud, cosm\u00e9tica, farmacia, sistemas, medicina y arquitectura evaluaron proyectos que, en muchos casos, ya tienen respuestas concretas a problemas reales.<\/p>\n\n\n\n<p>Y el premio en presentaci\u00f3n y stand fue para <strong>Yoguflex,<\/strong> el yogurt con col\u00e1geno org\u00e1nico de Unifranz que extrae prote\u00edna de patitas de pollo y pezu\u00f1as de vaca para prevenir enfermedades articulares y potenciar la cosm\u00e9tica natural. Eimy Beltr\u00e1n, l\u00edder del equipo, lo resumi\u00f3 con orgullo y sencillez: \u00abEsto refleja lo que aprendemos haciendo en las aulas\u00bb.<\/p>\n\n\n\n<p>En categor\u00eda cient\u00edfica, el primer lugar fue para el proyecto <em>Diferencias entre la c\u00e9lula animal y vegetal<\/em>, un proyecto de Histolog\u00eda que estudiantes de la UPAL plantean aplicar en la ciencia de la Odontolog\u00eda. <em>\u00abEstoy emocionada, no me lo puedo creer\u00bb<\/em>, dijo Jasm\u00edn Pardo al recibir su certificado de ganadora.<\/p>\n\n\n\n<figure class=\"wp-block-image size-large\"><img loading=\"lazy\" decoding=\"async\" width=\"1024\" height=\"536\" src=\"https:\/\/unifranz.edu.bo\/wp-content\/uploads\/2026\/03\/Blog-5-1024x536.png\" alt=\"\" class=\"wp-image-712553\" srcset=\"https:\/\/unifranz.edu.bo\/wp-content\/uploads\/2026\/03\/Blog-5-1024x536.png 1024w, https:\/\/unifranz.edu.bo\/wp-content\/uploads\/2026\/03\/Blog-5-300x157.png 300w, https:\/\/unifranz.edu.bo\/wp-content\/uploads\/2026\/03\/Blog-5-768x402.png 768w, https:\/\/unifranz.edu.bo\/wp-content\/uploads\/2026\/03\/Blog-5-1536x804.png 1536w, https:\/\/unifranz.edu.bo\/wp-content\/uploads\/2026\/03\/Blog-5-2048x1072.png 2048w, https:\/\/unifranz.edu.bo\/wp-content\/uploads\/2026\/03\/Blog-5-18x9.png 18w\" sizes=\"auto, (max-width: 1024px) 100vw, 1024px\" \/><figcaption class=\"wp-element-caption\"><em>En Divulgaci\u00f3n Cient\u00edfica, el galard\u00f3n fue para <em>Paleoparasitolog\u00eda. Ciudades saludables<\/em>, de la UMSS-IIBISMED<\/em>. <\/figcaption><\/figure>\n\n\n\n<p>En Divulgaci\u00f3n Cient\u00edfica, el galard\u00f3n fue para <em>Paleoparasitolog\u00eda. Ciudades saludables<\/em>, de la UMSS-IIBISMED, que apuesta por erradicar enfermedades que a pesar de que hayan pasado siglos desde su descubrimiento, siguen vigentes, como el Chagas. Narcy Orellana, al frente del equipo, aprovech\u00f3 el micr\u00f3fono para lanzar un mensaje a la academia: <em>\u00abOjal\u00e1 las entidades apuesten por apoyar la investigaci\u00f3n cient\u00edfica\u00bb.<\/em><\/p>\n\n\n\n<p>El doctor Mario Rolando Iriarte, presidente del Colegio M\u00e9dico Cochabamba y uno de los jurados, sali\u00f3 impresionado: <em>\u00abHa habido proyectos muy importantes. Los j\u00f3venes est\u00e1n entusiasmados y bien encaminados hacia la generaci\u00f3n de soluciones para la sociedad\u00bb.<\/em><\/p>\n\n\n\n<p><strong>La ciencia que se vive no se olvida<\/strong><\/p>\n\n\n\n<p>Al caer la tarde, cuando los stands comenzaron a desmontarse y los equipos a guardar sus materiales, quedaba en el aire algo que ning\u00fan algoritmo puede fabricar: el entusiasmo genuino de quienes creen que el conocimiento puede cambiar un pa\u00eds. Unifranz lo sab\u00eda cuando abri\u00f3 sus puertas.<\/p>\n\n\n\n<figure class=\"wp-block-embed is-type-video is-provider-youtube wp-block-embed-youtube wp-embed-aspect-16-9 wp-has-aspect-ratio\"><div class=\"wp-block-embed__wrapper\">\n<iframe loading=\"lazy\" title=\"La voz femenina de la ciencia se hizo escuchar en la 4ta Feria de Divulgaci\u00f3n Cient\u00edfica en Unifranz\" width=\"500\" height=\"281\" src=\"https:\/\/www.youtube.com\/embed\/iHU9i9eluQU?feature=oembed\" frameborder=\"0\" allow=\"accelerometer; autoplay; clipboard-write; encrypted-media; gyroscope; picture-in-picture; web-share\" referrerpolicy=\"strict-origin-when-cross-origin\" allowfullscreen><\/iframe>\n<\/div><\/figure>\n\n\n\n<p>La <strong>4ta Feria de Divulgaci\u00f3n Cient\u00edfica<\/strong> no fue un evento. Fue una declaraci\u00f3n colectiva: la ciencia no es misterio ni privilegio. Es vida, es naturaleza, es humanidad. Es \u2014o deber\u00eda serlo\u2014 nuestra mejor herramienta para vivir con dignidad. Cuando la ciencia se democratiza, no solo avanza la academia: avanza el pa\u00eds entero.<\/p>","protected":false},"excerpt":{"rendered":"<p>El conocimiento no sirve de mucho si se queda guardado bajo siete llaves o en el lenguaje herm\u00e9tico de unos pocos. El campus Cala Cala de la Universidad Franz Tamayo \u2014Unifranz\u2014 rompi\u00f3 ese candado y acogi\u00f3 a la 4ta Feria de Divulgaci\u00f3n Cient\u00edfica, un espacio donde la innovaci\u00f3n dej\u00f3 de ser un concepto lejano para &hellip; <a href=\"https:\/\/unifranz.edu.bo\/pt\/blog\/la-ciencia-no-es-misterio-es-vida-el-llamado-urgente-de-la-4ta-feria-de-divulgacion-cientifica-en-unifranz\/\">Continued<\/a><\/p>","protected":false},"author":54,"featured_media":712549,"comment_status":"open","ping_status":"open","sticky":false,"template":"","format":"standard","meta":{"_acf_changed":false,"footnotes":""},"categories":[60],"tags":[11887,1422,218,242],"class_list":["post-712548","post","type-post","status-publish","format-standard","has-post-thumbnail","hentry","category-blog","tag-internacionalizate-2","tag-innovacion-en-educacion","tag-tecnologia","tag-unifranz"],"acf":[],"_links":{"self":[{"href":"https:\/\/unifranz.edu.bo\/pt\/wp-json\/wp\/v2\/posts\/712548","targetHints":{"allow":["GET"]}}],"collection":[{"href":"https:\/\/unifranz.edu.bo\/pt\/wp-json\/wp\/v2\/posts"}],"about":[{"href":"https:\/\/unifranz.edu.bo\/pt\/wp-json\/wp\/v2\/types\/post"}],"author":[{"embeddable":true,"href":"https:\/\/unifranz.edu.bo\/pt\/wp-json\/wp\/v2\/users\/54"}],"replies":[{"embeddable":true,"href":"https:\/\/unifranz.edu.bo\/pt\/wp-json\/wp\/v2\/comments?post=712548"}],"version-history":[{"count":1,"href":"https:\/\/unifranz.edu.bo\/pt\/wp-json\/wp\/v2\/posts\/712548\/revisions"}],"predecessor-version":[{"id":712560,"href":"https:\/\/unifranz.edu.bo\/pt\/wp-json\/wp\/v2\/posts\/712548\/revisions\/712560"}],"wp:featuredmedia":[{"embeddable":true,"href":"https:\/\/unifranz.edu.bo\/pt\/wp-json\/wp\/v2\/media\/712549"}],"wp:attachment":[{"href":"https:\/\/unifranz.edu.bo\/pt\/wp-json\/wp\/v2\/media?parent=712548"}],"wp:term":[{"taxonomy":"category","embeddable":true,"href":"https:\/\/unifranz.edu.bo\/pt\/wp-json\/wp\/v2\/categories?post=712548"},{"taxonomy":"post_tag","embeddable":true,"href":"https:\/\/unifranz.edu.bo\/pt\/wp-json\/wp\/v2\/tags?post=712548"}],"curies":[{"name":"wp","href":"https:\/\/api.w.org\/{rel}","templated":true}]}}