{"id":712536,"date":"2026-03-04T17:28:18","date_gmt":"2026-03-04T21:28:18","guid":{"rendered":"https:\/\/unifranz.edu.bo\/?p=712536"},"modified":"2026-03-04T17:29:03","modified_gmt":"2026-03-04T21:29:03","slug":"acceso-a-la-informacion-clave-para-fortalecer-el-periodismo-y-la-democracia","status":"publish","type":"post","link":"https:\/\/unifranz.edu.bo\/pt\/blog\/acceso-a-la-informacion-clave-para-fortalecer-el-periodismo-y-la-democracia\/","title":{"rendered":"Acceso a la informaci\u00f3n: clave para fortalecer el periodismo y la democracia"},"content":{"rendered":"<p>En un escenario donde la transparencia se ha convertido en una demanda ciudadana permanente, el acceso a la informaci\u00f3n p\u00fablica se consolida como una condici\u00f3n indispensable para el ejercicio del periodismo y para la calidad de la democracia. Sin un marco normativo que garantice este derecho, la labor de fiscalizaci\u00f3n se debilita y la ciudadan\u00eda ve limitado su derecho a conocer c\u00f3mo se gestionan los asuntos de inter\u00e9s p\u00fablico.<\/p>\n\n\n\n<p>Bolivia es actualmente el \u00fanico pa\u00eds de la regi\u00f3n que no cuenta con una ley espec\u00edfica de acceso a la informaci\u00f3n p\u00fablica, seg\u00fan afirm\u00f3 Zulema Alanes, presidenta de la Asociaci\u00f3n Nacional de Periodistas de Bolivia (ANPB) . La dirigente explic\u00f3 que, junto a organizaciones de la sociedad civil y gremios period\u00edsticos, se impuls\u00f3 un proyecto de ley que fue aprobado en primera instancia en el Senado, pero posteriormente qued\u00f3 bloqueado en 2025.<\/p>\n\n\n\n<blockquote class=\"wp-block-quote is-layout-flow wp-block-quote-is-layout-flow\">\n<p>M\u00e1s all\u00e1 del tr\u00e1mite legislativo, el centro del debate radica en la necesidad de contar con reglas claras que obliguen a las instituciones p\u00fablicas a entregar informaci\u00f3n de manera oportuna y completa. Para Alanes, una de las condiciones para garantizar avances sustantivos en el periodismo de investigaci\u00f3n es precisamente el acceso a la informaci\u00f3n, que en los \u00faltimos a\u00f1os \u2014seg\u00fan se\u00f1al\u00f3\u2014 ha estado \u201cvirtualmente negado\u201d.<\/p>\n<\/blockquote>\n\n\n\n<p>La ausencia de una ley espec\u00edfica no solo impacta en el trabajo de la prensa. Tambi\u00e9n limita el derecho de la poblaci\u00f3n a estar informada. El periodismo cumple una funci\u00f3n social esencial: investigar, contrastar datos y difundir informaci\u00f3n de inter\u00e9s colectivo. Sin mecanismos legales que establezcan plazos, procedimientos y responsabilidades, esta tarea se vuelve m\u00e1s compleja y expuesta a restricciones discrecionales.<\/p>\n\n\n\n<figure class=\"wp-block-embed is-type-video is-provider-youtube wp-block-embed-youtube wp-embed-aspect-16-9 wp-has-aspect-ratio\"><div class=\"wp-block-embed__wrapper\">\n<iframe loading=\"lazy\" title=\"Acceso a la informaci\u00f3n: clave para fortalecer el periodismo y la democracia\" width=\"500\" height=\"281\" src=\"https:\/\/www.youtube.com\/embed\/yHJnjtfiB2o?feature=oembed\" frameborder=\"0\" allow=\"accelerometer; autoplay; clipboard-write; encrypted-media; gyroscope; picture-in-picture; web-share\" referrerpolicy=\"strict-origin-when-cross-origin\" allowfullscreen><\/iframe>\n<\/div><\/figure>\n\n\n\n<p>Alanes subray\u00f3 que, pese a las dificultades, los periodistas han realizado aportes relevantes mediante investigaciones que permitieron revelar hechos de alto impacto p\u00fablico. Esa labor forma parte de la responsabilidad de garantizar a la poblaci\u00f3n el derecho de acceso a la informaci\u00f3n y de ejercer una fiscalizaci\u00f3n del poder en sus distintas manifestaciones.<\/p>\n\n\n\n<blockquote class=\"wp-block-quote is-layout-flow wp-block-quote-is-layout-flow\">\n<p>El acceso a la informaci\u00f3n no es un privilegio del periodismo, sino un derecho ciudadano. Una ley en esta materia fortalece la transparencia institucional, promueve la rendici\u00f3n de cuentas y contribuye a consolidar la confianza p\u00fablica. Cuando la ciudadan\u00eda puede conocer c\u00f3mo se administran los recursos y cu\u00e1les son los criterios que orientan la gesti\u00f3n estatal, se reduce la opacidad y se robustece la institucionalidad democr\u00e1tica.<\/p>\n<\/blockquote>\n\n\n\n<p>Adem\u00e1s, disponer de datos p\u00fablicos verificables permite visibilizar problem\u00e1ticas sociales, ambientales y de derechos humanos. De acuerdo con Alanes, el periodismo de investigaci\u00f3n en Bolivia ha contribuido a la defensa de derechos y a la protecci\u00f3n de territorios y recursos naturales. Estas investigaciones no solo informan, sino que ampl\u00edan el debate p\u00fablico y fortalecen la participaci\u00f3n ciudadana.<\/p>\n\n\n\n<p>En un contexto global marcado por la sobreabundancia informativa y la circulaci\u00f3n de contenidos no verificados, contar con fuentes oficiales accesibles y transparentes adquiere mayor relevancia. Una normativa clara puede ordenar la relaci\u00f3n entre el Estado y la sociedad, reducir la arbitrariedad y garantizar condiciones equitativas para el ejercicio del derecho a informar y ser informado.<\/p>\n\n\n\n<blockquote class=\"wp-block-quote is-layout-flow wp-block-quote-is-layout-flow\">\n<p>La experiencia regional demuestra que las leyes de acceso a la informaci\u00f3n constituyen un est\u00e1ndar democr\u00e1tico. Avanzar en esta direcci\u00f3n implicar\u00eda consolidar una herramienta estructural para el fortalecimiento institucional y para el ejercicio pleno del periodismo de investigaci\u00f3n en el pa\u00eds.<\/p>\n<\/blockquote>\n\n\n\n<p>En ese contexto falta de transparencia y trabas al acceso a la informaci\u00f3n, la carrera de Periodismo de Unifranz lanz\u00f3 la cuarta versi\u00f3n del Reconocimiento al Periodismo de Investigaci\u00f3n \u201cFranz Tamayo\u201d, una iniciativa institucional que busca destacar y valorar la labor del periodismo investigativo en el pa\u00eds.&nbsp;Esta distinci\u00f3n cuenta con el respaldo de la Sociedad Interamericana de la Prensa (SIP) y el Congreso Hispanoamericano de la Prensa, que conforman un jurado internacional, garantizando transparencia y credibilidad en el proceso de evaluaci\u00f3n. La convocatoria invita a periodistas y estudiantes a enviar sus trabajos hasta el 15 de abril a la p\u00e1gina <a href=\"https:\/\/eventos.unifranz.edu.bo\/lpz\/reconocimiento-al-periodismo\">https:\/\/eventos.unifranz.edu.bo\/lpz\/reconocimiento-al-periodismo<\/a>.<\/p>","protected":false},"excerpt":{"rendered":"<p>El acceso a la informaci\u00f3n es clave para la transparencia, el periodismo y la democracia.<\/p>","protected":false},"author":49,"featured_media":712546,"comment_status":"open","ping_status":"open","sticky":false,"template":"","format":"standard","meta":{"_acf_changed":false,"footnotes":""},"categories":[60],"tags":[12074,12076,11569,12075,1098,39,1422,278,218,242],"class_list":["post-712536","post","type-post","status-publish","format-standard","has-post-thumbnail","hentry","category-blog","tag-acceso-a-la-informacion","tag-anpb","tag-calidad-academica-2","tag-cultura-ciudadana","tag-democracia","tag-derecho","tag-innovacion-en-educacion","tag-periodismo","tag-tecnologia","tag-unifranz"],"acf":[],"_links":{"self":[{"href":"https:\/\/unifranz.edu.bo\/pt\/wp-json\/wp\/v2\/posts\/712536","targetHints":{"allow":["GET"]}}],"collection":[{"href":"https:\/\/unifranz.edu.bo\/pt\/wp-json\/wp\/v2\/posts"}],"about":[{"href":"https:\/\/unifranz.edu.bo\/pt\/wp-json\/wp\/v2\/types\/post"}],"author":[{"embeddable":true,"href":"https:\/\/unifranz.edu.bo\/pt\/wp-json\/wp\/v2\/users\/49"}],"replies":[{"embeddable":true,"href":"https:\/\/unifranz.edu.bo\/pt\/wp-json\/wp\/v2\/comments?post=712536"}],"version-history":[{"count":1,"href":"https:\/\/unifranz.edu.bo\/pt\/wp-json\/wp\/v2\/posts\/712536\/revisions"}],"predecessor-version":[{"id":712540,"href":"https:\/\/unifranz.edu.bo\/pt\/wp-json\/wp\/v2\/posts\/712536\/revisions\/712540"}],"wp:featuredmedia":[{"embeddable":true,"href":"https:\/\/unifranz.edu.bo\/pt\/wp-json\/wp\/v2\/media\/712546"}],"wp:attachment":[{"href":"https:\/\/unifranz.edu.bo\/pt\/wp-json\/wp\/v2\/media?parent=712536"}],"wp:term":[{"taxonomy":"category","embeddable":true,"href":"https:\/\/unifranz.edu.bo\/pt\/wp-json\/wp\/v2\/categories?post=712536"},{"taxonomy":"post_tag","embeddable":true,"href":"https:\/\/unifranz.edu.bo\/pt\/wp-json\/wp\/v2\/tags?post=712536"}],"curies":[{"name":"wp","href":"https:\/\/api.w.org\/{rel}","templated":true}]}}