{"id":712494,"date":"2026-03-03T12:44:23","date_gmt":"2026-03-03T16:44:23","guid":{"rendered":"https:\/\/unifranz.edu.bo\/?p=712494"},"modified":"2026-03-03T14:39:55","modified_gmt":"2026-03-03T18:39:55","slug":"modelo-educativo-flexible-impulsa-el-crecimiento-profesional-y-personal-con-educacion-online","status":"publish","type":"post","link":"https:\/\/unifranz.edu.bo\/pt\/blog\/modelo-educativo-flexible-impulsa-el-crecimiento-profesional-y-personal-con-educacion-online\/","title":{"rendered":"Modelo educativo flexible impulsa el crecimiento profesional y personal con educaci\u00f3n online"},"content":{"rendered":"<p>Para muchos j\u00f3venes y adultos, el deseo de superarse se enfrenta a una realidad cada vez m\u00e1s com\u00fan: el tiempo no alcanza. Entre las exigencias laborales, la vida familiar y los proyectos personales, continuar con los estudios suele quedar relegado, percibido como un objetivo dif\u00edcil de alcanzar.<\/p>\n\n\n\n<p>Sin embargo, historias como la de Gean Carlos Zavala muestran que hoy existen caminos distintos, donde la educaci\u00f3n deja de ser una renuncia y se convierte en un aliado del crecimiento personal y profesional, gracias a modelos flexibles.<\/p>\n\n\n\n<p>A sus 32 a\u00f1os, Gean Carlos es emprendedor y estudiante de la carrera de Publicidad y Marketing en Unifranz Online, una modalidad de la Universidad Franz Tamayo (Unifranz) que responde a las nuevas din\u00e1micas del aprendizaje en la era digital.<\/p>\n\n\n\n<p>Su decisi\u00f3n de retomar los estudios no fue casual. \u201cEstaba buscando una modalidad nueva que se ajuste a no dejar de trabajar, y poder seguir estudiando y aprendiendo\u201d, comenta Zavala, que trabaja en su emprendimiento de artesan\u00eda en madera \u201cLa cazuela de la abuela\u201d.<\/p>\n\n\n\n<blockquote class=\"wp-block-quote is-layout-flow wp-block-quote-is-layout-flow\">\n<p>Gean Carlos divide sus d\u00edas entre la atenci\u00f3n de la tienda y su formaci\u00f3n acad\u00e9mica. \u201cUn d\u00eda normal en mi vida es atender la tienda en las ma\u00f1anas, en la tarde tambi\u00e9n la tienda. Cuando no hay clientes voy avanzando con mis talleres, en mi plataforma\u201d, relata, evidenciando c\u00f3mo el estudio se integra de forma org\u00e1nica a su rutina diaria.<\/p>\n<\/blockquote>\n\n\n\n<p>Esta experiencia se enmarca en una tendencia global actual: la educaci\u00f3n flexible, que ha dejado de ser una alternativa para convertirse en el est\u00e1ndar del aprendizaje moderno. Este modelo pone al estudiante en el centro, permiti\u00e9ndole decidir cu\u00e1ndo, d\u00f3nde y a qu\u00e9 ritmo aprender, rompiendo con los horarios r\u00edgidos del aula tradicional.&nbsp;<\/p>\n\n\n\n<blockquote class=\"wp-block-quote is-layout-flow wp-block-quote-is-layout-flow\">\n<p>Para Gean Carlos, la plataforma digital es clave en su aprendizaje acad\u00e9mico. \u201cMe gusta mucho el contenido que tiene la plataforma, lo f\u00e1cil que es, lo amigable que es para manejar\u201d, afirma. <\/p>\n<\/blockquote>\n\n\n\n<p>A diferencia de modelos antiguos, la educaci\u00f3n online actual integra dise\u00f1o centrado en el usuario y tecnolog\u00edas inteligentes que facilitan la personalizaci\u00f3n del aprendizaje, permitiendo avanzar a ritmo propio sin perder calidad acad\u00e9mica.<\/p>\n\n\n\n<figure class=\"wp-block-embed is-type-video is-provider-youtube wp-block-embed-youtube wp-embed-aspect-16-9 wp-has-aspect-ratio\"><div class=\"wp-block-embed__wrapper\">\n<iframe loading=\"lazy\" title=\"Modelo educativo flexible impulsa el crecimiento profesional y personal con educaci\u00f3n online\" width=\"500\" height=\"281\" src=\"https:\/\/www.youtube.com\/embed\/reWijbtbIfc?feature=oembed\" frameborder=\"0\" allow=\"accelerometer; autoplay; clipboard-write; encrypted-media; gyroscope; picture-in-picture; web-share\" referrerpolicy=\"strict-origin-when-cross-origin\" allowfullscreen><\/iframe>\n<\/div><\/figure>\n\n\n\n<p><\/p>\n\n\n\n<p>No obstante, destaca que la virtualidad no reemplaza completamente el contacto humano. \u201cLos talleres presenciales me parecen que son muy importantes porque te ayudan a solidificar el conocimiento que tienes en la plataforma, pero tambi\u00e9n la retroalimentaci\u00f3n que te dan los docentes en clase, que se me hace muy pr\u00e1ctico para m\u00ed\u201d, se\u00f1ala.&nbsp;<\/p>\n\n\n\n<p>Este enfoque h\u00edbrido responde a una de las principales tendencias educativas, el priorizar el \u201csaber hacer\u201d mediante evaluaci\u00f3n por competencias y aplicaci\u00f3n pr\u00e1ctica del conocimiento. Ese aprendizaje ya se refleja directamente en su emprendimiento.&nbsp;<\/p>\n\n\n\n<blockquote class=\"wp-block-quote is-layout-flow wp-block-quote-is-layout-flow\">\n<p>\u201cActualmente estamos aplicando los conocimientos que hemos aprendido a trav\u00e9s de publicaciones en redes sociales, videos, el manejo de la marca\u201d, explica el joven estudiante. <\/p>\n<\/blockquote>\n\n\n\n<p>La publicidad digital, el posicionamiento de marca y la creaci\u00f3n de contenido se han convertido en herramientas concretas para fortalecer su negocio, demostrando c\u00f3mo la educaci\u00f3n flexible impacta de forma directa en la empleabilidad y el desarrollo econ\u00f3mico.<\/p>\n\n\n\n<p>Investigaciones muestran que cada a\u00f1o adicional de estudio incrementa los ingresos y mejora la estabilidad laboral, mientras que organismos internacionales coinciden en que contar con formaci\u00f3n universitaria potencia la competitividad.&nbsp;<\/p>\n\n\n\n<p>En Bolivia, este modelo tambi\u00e9n ampl\u00eda el acceso a personas que comenzaron a trabajar temprano o buscan una segunda carrera, integrando experiencia emp\u00edrica con formaci\u00f3n acad\u00e9mica.<\/p>\n\n\n\n<p>La modalidad Online ofrece una formaci\u00f3n universitaria pensada para quienes necesitan flexibilidad sin sacrificar calidad acad\u00e9mica. La propuesta de Unifranz Online incluye cinco carreras de pregrado \u2014Administraci\u00f3n de Empresas, Derecho, Ingenier\u00eda Comercial, Contadur\u00eda P\u00fablica y Publicidad y Marketing\u2014 y se apoya en un sistema de aprendizaje mixto que integra tecnolog\u00eda y pr\u00e1ctica.<\/p>\n\n\n\n<p>Las clases se desarrollan a trav\u00e9s de una plataforma digital con contenidos multimedia y actividades din\u00e1micas, complementadas con talleres presenciales semanales donde los estudiantes aplican lo aprendido en situaciones reales. Todo el proceso est\u00e1 acompa\u00f1ado por docentes mentores que brindan orientaci\u00f3n constante y seguimiento acad\u00e9mico.<\/p>\n\n\n\n<p>Quienes deseen conocer m\u00e1s sobre las carreras disponibles, los requisitos de ingreso y la forma de estudio pueden encontrar toda la informaci\u00f3n y realizar su inscripci\u00f3n en el sitio web oficial: <a href=\"http:\/\/www.unifranz.online\" target=\"_blank\" rel=\"noopener\">www.unifranz.online<\/a><\/p>\n\n\n\n<blockquote class=\"wp-block-quote is-layout-flow wp-block-quote-is-layout-flow\">\n<p>\u201cLa tecnolog\u00eda es nuestra infraestructura m\u00e1s poderosa, pero debe estar acompa\u00f1ada de un dise\u00f1o pedag\u00f3gico s\u00f3lido. No se trata solo de transmitir contenido, sino de estructurarlo con recursos multimedia, actividades interactivas y un sistema de gesti\u00f3n del aprendizaje que fortalezca el autoaprendizaje\u201d, afirma \u00d3scar \u00c1greda, presidente ejecutivo de Unifranz. Adem\u00e1s, subraya que la virtualidad debe ir m\u00e1s all\u00e1 de la simple videoconferencia.<\/p>\n<\/blockquote>\n\n\n\n<p>Para Gean Carlos, el mayor valor est\u00e1 en el equilibrio alcanzado. \u201cCreo que Unifranz Online es la plataforma perfecta para estudiar, aprender, seguir creciendo en conocimiento sin dejar de lado la empresa, sin dejar de lado el emprendimiento, sin descuidar la familia\u201d, afirma.&nbsp;<\/p>\n\n\n\n<p>Su historia ilustra c\u00f3mo la educaci\u00f3n flexible democratiza el conocimiento y permite que estudiar deje de ser una pausa en la vida para convertirse en parte de ella. Y m\u00e1s cuando el tiempo es uno de los recursos m\u00e1s escasos. Testimonios como Zavala confirman que la educaci\u00f3n online ya no es solo una soluci\u00f3n coyuntural, sino una herramienta estrat\u00e9gica para construir proyectos de vida sostenibles, integrando trabajo, aprendizaje y prop\u00f3sito personal.<\/p>","protected":false},"excerpt":{"rendered":"<p>La educaci\u00f3n flexible transforma la vida de j\u00f3venes y adultos que buscan superarse sin pausar su carrera. Modalidades online permiten aprender a ritmo propio y aplicar los conocimientos directamente en el emprendimiento o empleo.<\/p>","protected":false},"author":51,"featured_media":712495,"comment_status":"open","ping_status":"open","sticky":false,"template":"","format":"standard","meta":{"_acf_changed":false,"footnotes":""},"categories":[60],"tags":[266,9140,53,12054,386,8928,1422,3466,3366,218,242,7071],"class_list":["post-712494","post","type-post","status-publish","format-standard","has-post-thumbnail","hentry","category-blog","tag-bolivia","tag-crecimiento-personal","tag-educacion","tag-educacion-flexible","tag-estudiantes","tag-etsudiante-de-unifranz-online","tag-innovacion-en-educacion","tag-online","tag-profesion","tag-tecnologia","tag-unifranz","tag-unifranz-online"],"acf":[],"_links":{"self":[{"href":"https:\/\/unifranz.edu.bo\/pt\/wp-json\/wp\/v2\/posts\/712494","targetHints":{"allow":["GET"]}}],"collection":[{"href":"https:\/\/unifranz.edu.bo\/pt\/wp-json\/wp\/v2\/posts"}],"about":[{"href":"https:\/\/unifranz.edu.bo\/pt\/wp-json\/wp\/v2\/types\/post"}],"author":[{"embeddable":true,"href":"https:\/\/unifranz.edu.bo\/pt\/wp-json\/wp\/v2\/users\/51"}],"replies":[{"embeddable":true,"href":"https:\/\/unifranz.edu.bo\/pt\/wp-json\/wp\/v2\/comments?post=712494"}],"version-history":[{"count":2,"href":"https:\/\/unifranz.edu.bo\/pt\/wp-json\/wp\/v2\/posts\/712494\/revisions"}],"predecessor-version":[{"id":712501,"href":"https:\/\/unifranz.edu.bo\/pt\/wp-json\/wp\/v2\/posts\/712494\/revisions\/712501"}],"wp:featuredmedia":[{"embeddable":true,"href":"https:\/\/unifranz.edu.bo\/pt\/wp-json\/wp\/v2\/media\/712495"}],"wp:attachment":[{"href":"https:\/\/unifranz.edu.bo\/pt\/wp-json\/wp\/v2\/media?parent=712494"}],"wp:term":[{"taxonomy":"category","embeddable":true,"href":"https:\/\/unifranz.edu.bo\/pt\/wp-json\/wp\/v2\/categories?post=712494"},{"taxonomy":"post_tag","embeddable":true,"href":"https:\/\/unifranz.edu.bo\/pt\/wp-json\/wp\/v2\/tags?post=712494"}],"curies":[{"name":"wp","href":"https:\/\/api.w.org\/{rel}","templated":true}]}}