{"id":712486,"date":"2026-03-02T18:30:39","date_gmt":"2026-03-02T22:30:39","guid":{"rendered":"https:\/\/unifranz.edu.bo\/?p=712486"},"modified":"2026-03-02T18:31:20","modified_gmt":"2026-03-02T22:31:20","slug":"dia-mundial-de-futuros-bolivia-fue-protagonista-de-jornada-historica-para-la-prospectiva","status":"publish","type":"post","link":"https:\/\/unifranz.edu.bo\/pt\/blog\/dia-mundial-de-futuros-bolivia-fue-protagonista-de-jornada-historica-para-la-prospectiva\/","title":{"rendered":"D\u00eda Mundial de Futuros: Bolivia fue protagonista de jornada hist\u00f3rica para la prospectiva"},"content":{"rendered":"<p>La primera versi\u00f3n del D\u00eda Mundial de Futuros en espa\u00f1ol -este domingo 1 de marzo- se consolid\u00f3 como una jornada hist\u00f3rica para la regi\u00f3n. Durante diez horas ininterrumpidas, m\u00e1s de 70 expertos, acad\u00e9micos, investigadores y l\u00edderes de opini\u00f3n de distintos pa\u00edses de Iberoam\u00e9rica sostuvieron un di\u00e1logo profundo y articulado sobre los desaf\u00edos y oportunidades que marcar\u00e1n las pr\u00f3ximas d\u00e9cadas.&nbsp;<\/p>\n\n\n\n<p>El encuentro no solo promovi\u00f3 la prospectiva estrat\u00e9gica y el pensamiento de largo plazo, sino que tambi\u00e9n impuls\u00f3 la construcci\u00f3n colectiva de escenarios hacia 2030 y 2050, fortaleciendo la planificaci\u00f3n estrat\u00e9gica y la cultura de anticipaci\u00f3n como pilares para un desarrollo sostenible e inclusivo.<\/p>\n\n\n\n<p>Durante el di\u00e1logo mundial, la rectora nacional de la Universidad Franz Tamayo (Unifranz), Ver\u00f3nica \u00c1greda, destac\u00f3 el papel de Bolivia como actor clave en la construcci\u00f3n colectiva de escenarios hacia 2030 y 2050.<\/p>\n\n\n\n<blockquote class=\"wp-block-quote is-layout-flow wp-block-quote-is-layout-flow\">\n<p>\u201cEl futuro se piensa hoy y en Bolivia se vive con fuerza. No podemos esperar que las transformaciones ocurran solas; debemos dise\u00f1arlas con visi\u00f3n y responsabilidad\u201d, afirm\u00f3 \u00c1greda.<\/p>\n<\/blockquote>\n\n\n\n<p><strong>Diez horas para pensar el largo plazo<\/strong><\/p>\n\n\n\n<p>El di\u00e1logo global fue organizado por la Red Iberoamericana de Prospectiva (RIBER) en conmemoraci\u00f3n celebr\u00f3 por primera vez el D\u00eda Mundial del Futuro en espa\u00f1ol. La jornada internacional se convirti\u00f3 en un espacio de reflexi\u00f3n interdisciplinaria sobre gobernanza anticipatoria, transici\u00f3n energ\u00e9tica, innovaci\u00f3n tecnol\u00f3gica, migraciones, sostenibilidad y escenarios geopol\u00edticos.<\/p>\n\n\n\n<p>El encuentro promovi\u00f3 el pensamiento estrat\u00e9gico de largo plazo y la construcci\u00f3n colectiva de futuros sostenibles para Am\u00e9rica Latina, Espa\u00f1a y Portugal. Las ponencias generaron insumos que ser\u00e1n sistematizados para futuras publicaciones acad\u00e9micas y para el Congreso RIBER 2026 que se celebrar\u00e1 en Chile, fortaleciendo la producci\u00f3n de conocimiento en lengua espa\u00f1ola sobre estudios de futuros.<\/p>\n\n\n\n<p>La Unesco destaca que la educaci\u00f3n debe fomentar la capacidad de anticipar cambios y construir soluciones colectivas. En la misma l\u00ednea, diversos organismos internacionales coinciden en que la prospectiva estrat\u00e9gica es una herramienta esencial para dise\u00f1ar pol\u00edticas p\u00fablicas m\u00e1s resilientes y sostenibles.<\/p>\n\n\n\n<p><strong>Bolivia, protagonista en la conversaci\u00f3n global<\/strong><\/p>\n\n\n\n<p>Durante la jornada, la rectora nacional de Unifranz, Ver\u00f3nica \u00c1greda, present\u00f3 el alcance del Futures Week en Bolivia, una iniciativa que articula academia, sector p\u00fablico, empresas y sociedad civil.<\/p>\n\n\n\n<blockquote class=\"wp-block-quote is-layout-flow wp-block-quote-is-layout-flow\">\n<p>En la oportunidad, \u00c1greda subray\u00f3 que la prospectiva no es un ejercicio te\u00f3rico aislado, sino una pr\u00e1ctica que conecta el an\u00e1lisis de tendencias con acciones concretas. \u201cPensar el largo plazo con enfoque sist\u00e9mico nos permite integrar a j\u00f3venes y comunidades en la construcci\u00f3n de escenarios posibles y deseables\u201d, sostuvo.<\/p>\n<\/blockquote>\n\n\n\n<p>La acad\u00e9mica enfatiz\u00f3 que Bolivia ha asumido un rol activo en la conversaci\u00f3n internacional sobre futuros. \u201cNo solo participamos en el di\u00e1logo global; aportamos desde nuestra identidad, conectando lo local con lo global y transformando la reflexi\u00f3n en acci\u00f3n\u201d, se\u00f1al\u00f3.<\/p>\n\n\n\n<p><strong>Di\u00e1logo y articulaci\u00f3n regional<\/strong><\/p>\n\n\n\n<p>La movilizaci\u00f3n digital previa y posterior al evento amplific\u00f3 el alcance del D\u00eda Mundial de Futuros en espa\u00f1ol. A trav\u00e9s de plataformas como LinkedIn, Instagram y Facebook, RIBER logr\u00f3 conectar a acad\u00e9micos, estudiantes y tomadores de decisi\u00f3n de distintos pa\u00edses iberoamericanos.<\/p>\n\n\n\n<p>El intercambio reforz\u00f3 la importancia de la planificaci\u00f3n estrat\u00e9gica y la cultura de anticipaci\u00f3n para enfrentar desaf\u00edos complejos. Las discusiones abordaron escenarios de desarrollo hacia 2030\u20132050 y consolidaron una comunidad de pr\u00e1ctica interconectada en la regi\u00f3n.<\/p>\n\n\n\n<p><strong>Educaci\u00f3n y liderazgo juvenil<\/strong><\/p>\n\n\n\n<p>Para \u00c1greda, el mayor desaf\u00edo es involucrar a las nuevas generaciones en la construcci\u00f3n de soluciones. \u201cLos j\u00f3venes deben pasar de ser espectadores a co-creadores de propuestas con impacto social. La educaci\u00f3n superior tiene la responsabilidad de formar mentalidad de futuro\u201d, afirm\u00f3.<\/p>\n\n\n\n<p>La rectora record\u00f3 que iniciativas como el Futures Week convierten a la universidad en un laboratorio vivo de innovaci\u00f3n y ciudadan\u00eda. \u201cEl ma\u00f1ana no se improvisa. Se dise\u00f1a, se conversa y se construye colectivamente\u201d, concluy\u00f3.<\/p>\n\n\n\n<p>La primera edici\u00f3n del D\u00eda Mundial de Futuros en espa\u00f1ol dej\u00f3 un mensaje claro: la prospectiva estrat\u00e9gica es clave para fortalecer el desarrollo sostenible, la integraci\u00f3n regional y el liderazgo latinoamericano en la construcci\u00f3n de escenarios de futuro.<\/p>","protected":false},"excerpt":{"rendered":"<p>Bolivia destac\u00f3 en el D\u00eda Mundial de Futuros promoviendo planificaci\u00f3n estrat\u00e9gica y escenarios 2030\u20132050.<\/p>","protected":false},"author":50,"featured_media":712488,"comment_status":"open","ping_status":"open","sticky":false,"template":"","format":"standard","meta":{"_acf_changed":false,"footnotes":""},"categories":[60],"tags":[388,53,462,1422,12048,338,218,242],"class_list":["post-712486","post","type-post","status-publish","format-standard","has-post-thumbnail","hentry","category-blog","tag-2030-construyendo-futuros","tag-educacion","tag-futuros","tag-innovacion-en-educacion","tag-prospeccion-de-futuros","tag-riber","tag-tecnologia","tag-unifranz"],"acf":[],"_links":{"self":[{"href":"https:\/\/unifranz.edu.bo\/pt\/wp-json\/wp\/v2\/posts\/712486","targetHints":{"allow":["GET"]}}],"collection":[{"href":"https:\/\/unifranz.edu.bo\/pt\/wp-json\/wp\/v2\/posts"}],"about":[{"href":"https:\/\/unifranz.edu.bo\/pt\/wp-json\/wp\/v2\/types\/post"}],"author":[{"embeddable":true,"href":"https:\/\/unifranz.edu.bo\/pt\/wp-json\/wp\/v2\/users\/50"}],"replies":[{"embeddable":true,"href":"https:\/\/unifranz.edu.bo\/pt\/wp-json\/wp\/v2\/comments?post=712486"}],"version-history":[{"count":1,"href":"https:\/\/unifranz.edu.bo\/pt\/wp-json\/wp\/v2\/posts\/712486\/revisions"}],"predecessor-version":[{"id":712489,"href":"https:\/\/unifranz.edu.bo\/pt\/wp-json\/wp\/v2\/posts\/712486\/revisions\/712489"}],"wp:featuredmedia":[{"embeddable":true,"href":"https:\/\/unifranz.edu.bo\/pt\/wp-json\/wp\/v2\/media\/712488"}],"wp:attachment":[{"href":"https:\/\/unifranz.edu.bo\/pt\/wp-json\/wp\/v2\/media?parent=712486"}],"wp:term":[{"taxonomy":"category","embeddable":true,"href":"https:\/\/unifranz.edu.bo\/pt\/wp-json\/wp\/v2\/categories?post=712486"},{"taxonomy":"post_tag","embeddable":true,"href":"https:\/\/unifranz.edu.bo\/pt\/wp-json\/wp\/v2\/tags?post=712486"}],"curies":[{"name":"wp","href":"https:\/\/api.w.org\/{rel}","templated":true}]}}