{"id":712422,"date":"2026-02-27T17:34:19","date_gmt":"2026-02-27T21:34:19","guid":{"rendered":"https:\/\/unifranz.edu.bo\/?p=712422"},"modified":"2026-02-27T17:34:45","modified_gmt":"2026-02-27T21:34:45","slug":"docentes-que-conectan-a-bolivia-con-el-mundo-los-educadores-de-unifranz-reconocidos-por-su-impacto-y-excelencia","status":"publish","type":"post","link":"https:\/\/unifranz.edu.bo\/pt\/blog\/docentes-que-conectan-a-bolivia-con-el-mundo-los-educadores-de-unifranz-reconocidos-por-su-impacto-y-excelencia\/","title":{"rendered":"\u201cDocentes que conectan a Bolivia con el mundo: los educadores de Unifranz reconocidos por su impacto y excelencia\u201d"},"content":{"rendered":"<p>La educaci\u00f3n superior en Bolivia vive un momento de transformaci\u00f3n marcado por profesionales que, desde las aulas, est\u00e1n cambiando vidas, impulsando la innovaci\u00f3n y llevando el nombre del pa\u00eds m\u00e1s all\u00e1 de sus fronteras.\u00a0<\/p>\n\n\n\n<p>En la Universidad Franz Tamayo (Unifranz) estos docentes no solo ense\u00f1an: inspiran, movilizan y construyen puentes entre Bolivia y el mundo. Su trabajo ha sido reconocido por instituciones nacionales e internacionales, validando el impacto real que generan en sus comunidades educativas y en la sociedad.<\/p>\n\n\n\n<p>Uno de los ejemplos m\u00e1s significativos es el de <strong>Miriam Doritza Bautista<\/strong>, docente de Medicina en Unifranz La Paz, cuyo compromiso con la inclusi\u00f3n de personas con discapacidad la llev\u00f3 a ser finalista de los premios TOYP Bolivia 2025. Su trabajo en zonas periurbanas y rurales transform\u00f3 la vida de decenas de ni\u00f1os, ni\u00f1as y adolescentes en situaci\u00f3n de vulnerabilidad. Para ella, este logro trasciende lo personal.<\/p>\n\n\n\n<blockquote class=\"wp-block-quote is-layout-flow wp-block-quote-is-layout-flow\">\n<p>\u201c<strong>Esta es una confirmaci\u00f3n de que cuando se trabaja con amor, compromiso y empat\u00eda, los cambios son posibles<\/strong>\u201d, afirma.&nbsp;<\/p>\n<\/blockquote>\n\n\n\n<p>Otra docente pace\u00f1a que ha sido distinguida por su labor es <strong>Tatiana Montoya<\/strong>, reconocida por el Colegio Departamental de Psic\u00f3logos de La Paz como la mejor docente de pregrado. Con doce a\u00f1os de trayectoria en Unifranz, Montoya se ha convertido en un referente acad\u00e9mico y humano dentro de la instituci\u00f3n.&nbsp;<\/p>\n\n\n\n<blockquote class=\"wp-block-quote is-layout-flow wp-block-quote-is-layout-flow\">\n<p>\u201c<strong>La ense\u00f1anza tiene que ver con un compromiso no solo del docente hacia el estudiante, sino tambi\u00e9n del estudiante hacia nosotros. El conocimiento viene de ambos lados<\/strong>\u201d, expresa con convicci\u00f3n.&nbsp;<\/p>\n<\/blockquote>\n\n\n\n<p>En Cochabamba, la excelencia tambi\u00e9n tiene nombre propio. <strong>Fabiola Cadima<\/strong>, directora de la carrera de Ingenier\u00eda de Sistemas, fue reconocida como <em>Education Bridge Builder<\/em> en los International Educators Awards 2025, un evento que aplaude la participaci\u00f3n de docentes en procesos de internacionalizaci\u00f3n.&nbsp;<\/p>\n\n\n\n<blockquote class=\"wp-block-quote is-layout-flow wp-block-quote-is-layout-flow\">\n<p>\u201c<strong>Lo internacional ya no es un beneficio adicional, es una necesidad\u2026 colaborar con diferentes culturas es parte del d\u00eda a d\u00eda profesional<\/strong>\u201d, reflexiona al recibir la distinci\u00f3n. Su trabajo ha conectado a los estudiantes con universidades alrededor del mundo, impulsando competencias globales y experiencias colaborativas de alto nivel.&nbsp;<\/p>\n<\/blockquote>\n\n\n\n<p>En la sede El Alto, la abogada <strong>Annette Escobar<\/strong> se ha convertido en un s\u00edmbolo del compromiso docente con la internacionalizaci\u00f3n. Ganadora de uno de los reconocimientos otorgados por Unifranz en 2025, destaca el valor de estas oportunidades para su crecimiento acad\u00e9mico y personal.&nbsp;<\/p>\n\n\n\n<blockquote class=\"wp-block-quote is-layout-flow wp-block-quote-is-layout-flow\">\n<p>\u201c<strong>Nos motiva mucho m\u00e1s a continuar con esta experiencia de la internacionalizaci\u00f3n\u2026 nos permite crecer profesionalmente y sentirnos valorados<\/strong>\u201d, sostiene. Su labor fortalece el desarrollo de una comunidad acad\u00e9mica que mira m\u00e1s all\u00e1 de las fronteras tradicionales del aprendizaje.&nbsp;<\/p>\n<\/blockquote>\n\n\n\n<figure class=\"wp-block-embed is-type-video is-provider-youtube wp-block-embed-youtube wp-embed-aspect-16-9 wp-has-aspect-ratio\"><div class=\"wp-block-embed__wrapper\">\n<iframe loading=\"lazy\" title=\"\u201cDocentes que conectan con el mundo: los educadores de Unifranz reconocidos por su excelencia\u201d\" width=\"500\" height=\"281\" src=\"https:\/\/www.youtube.com\/embed\/v91XQgJX0rQ?feature=oembed\" frameborder=\"0\" allow=\"accelerometer; autoplay; clipboard-write; encrypted-media; gyroscope; picture-in-picture; web-share\" referrerpolicy=\"strict-origin-when-cross-origin\" allowfullscreen><\/iframe>\n<\/div><\/figure>\n\n\n\n<p>A estos nombres se suman numerosos docentes de todas las sedes \u2014Santa Cruz, Cochabamba, El Alto y La Paz\u2014 que han sido distinguidos por instituciones nacionales, asociaciones profesionales, colegios departamentales, entidades internacionales y organizaciones del Estado. Sus logros van desde la investigaci\u00f3n en salud, la promoci\u00f3n del turismo sostenible y la participaci\u00f3n en redes acad\u00e9micas globales, hasta el liderazgo en proyectos COIL, clases espejo y conferencias magistrales en diversos pa\u00edses.<\/p>\n\n\n\n<blockquote class=\"wp-block-quote is-layout-flow wp-block-quote-is-layout-flow\">\n<p>En Santa Cruz, los docentes reconocidos en los International Educators Awards 2025 demostraron que la innovaci\u00f3n educativa es tambi\u00e9n un puente cultural. Como afirm\u00f3 en su momento el director de Psicolog\u00eda, James Robles \u201cla internacionalizaci\u00f3n no solo transmite conocimiento, sino que genera \u2018aprendizajes significativos\u2019 a trav\u00e9s del encuentro entre culturas\u201d.&nbsp;<\/p>\n<\/blockquote>\n\n\n\n<p>La sede La Paz, por su parte, distingui\u00f3 a 22 docentes por su participaci\u00f3n en movilidad internacional, consolidando un ecosistema educativo que potencia la visi\u00f3n global y el intercambio permanente con universidades de Am\u00e9rica, Europa y Asia. \u201cEste galard\u00f3n\u2026 nos impulsa a seguir generando conocimiento y alianzas en beneficio de los estudiantes\u201d, expres\u00f3 Erick V\u00eda, uno de los docentes galardonados.&nbsp;<\/p>\n\n\n\n<blockquote class=\"wp-block-quote is-layout-flow wp-block-quote-is-layout-flow\">\n<p>En Cochabamba, m\u00e1s de una docena de educadores fueron reconocidos por su liderazgo acad\u00e9mico global, consolidando una comunidad que ense\u00f1a \u201cdesde Bolivia para el mundo\u201d, en palabras del decano Jimmy Venegas. Y en El Alto, m\u00e1s de 30 docentes fueron premiados por su compromiso con los procesos de internacionalizaci\u00f3n y sus aportes a la construcci\u00f3n de una educaci\u00f3n sin fronteras.<\/p>\n<\/blockquote>\n\n\n\n<p>Estos reconocimientos ponen en evidencia que Unifranz no solo forma a profesionales competentes, sino que impulsa a educadores que marcan la diferencia. Maestros que abren puertas, generan oportunidades y acompa\u00f1an a sus estudiantes hacia un futuro global. Su trabajo construye una universidad viva, conectada, actual y profundamente humana.<\/p>\n\n\n\n<p>En la \u00faltima d\u00e9cada, Unifranz ha consolidado un cuerpo docente capaz de trascender el aula y proyectar la excelencia acad\u00e9mica del pa\u00eds hacia el exterior. A trav\u00e9s de la investigaci\u00f3n, la inclusi\u00f3n, la internacionalizaci\u00f3n y la innovaci\u00f3n pedag\u00f3gica, estos profesionales encarnan los valores que distinguen a la instituci\u00f3n. Son docentes que inspiran, que transforman y que recuerdan que la educaci\u00f3n es, ante todo, un acto de compromiso con Bolivia y con el mundo.<\/p>","protected":false},"excerpt":{"rendered":"<p>La educaci\u00f3n superior en Bolivia vive un momento de transformaci\u00f3n marcado por profesionales que, desde las aulas, est\u00e1n cambiando vidas, impulsando la innovaci\u00f3n y llevando el nombre del pa\u00eds m\u00e1s all\u00e1 de sus fronteras.\u00a0 En la Universidad Franz Tamayo (Unifranz) estos docentes no solo ense\u00f1an: inspiran, movilizan y construyen puentes entre Bolivia y el mundo. &hellip; <a href=\"https:\/\/unifranz.edu.bo\/pt\/blog\/docentes-que-conectan-a-bolivia-con-el-mundo-los-educadores-de-unifranz-reconocidos-por-su-impacto-y-excelencia\/\">Continued<\/a><\/p>","protected":false},"author":49,"featured_media":712423,"comment_status":"open","ping_status":"open","sticky":false,"template":"","format":"standard","meta":{"_acf_changed":false,"footnotes":""},"categories":[60],"tags":[581,11569,10930,12038,875,1422,248,49,240,242],"class_list":["post-712422","post","type-post","status-publish","format-standard","has-post-thumbnail","hentry","category-blog","tag-administracion-de-hoteleria-y-turismo","tag-calidad-academica-2","tag-crecimiento","tag-docentes-destacados","tag-ensenanza","tag-innovacion-en-educacion","tag-internacionalizacion","tag-medicina","tag-psicologia","tag-unifranz"],"acf":[],"_links":{"self":[{"href":"https:\/\/unifranz.edu.bo\/pt\/wp-json\/wp\/v2\/posts\/712422","targetHints":{"allow":["GET"]}}],"collection":[{"href":"https:\/\/unifranz.edu.bo\/pt\/wp-json\/wp\/v2\/posts"}],"about":[{"href":"https:\/\/unifranz.edu.bo\/pt\/wp-json\/wp\/v2\/types\/post"}],"author":[{"embeddable":true,"href":"https:\/\/unifranz.edu.bo\/pt\/wp-json\/wp\/v2\/users\/49"}],"replies":[{"embeddable":true,"href":"https:\/\/unifranz.edu.bo\/pt\/wp-json\/wp\/v2\/comments?post=712422"}],"version-history":[{"count":1,"href":"https:\/\/unifranz.edu.bo\/pt\/wp-json\/wp\/v2\/posts\/712422\/revisions"}],"predecessor-version":[{"id":712425,"href":"https:\/\/unifranz.edu.bo\/pt\/wp-json\/wp\/v2\/posts\/712422\/revisions\/712425"}],"wp:featuredmedia":[{"embeddable":true,"href":"https:\/\/unifranz.edu.bo\/pt\/wp-json\/wp\/v2\/media\/712423"}],"wp:attachment":[{"href":"https:\/\/unifranz.edu.bo\/pt\/wp-json\/wp\/v2\/media?parent=712422"}],"wp:term":[{"taxonomy":"category","embeddable":true,"href":"https:\/\/unifranz.edu.bo\/pt\/wp-json\/wp\/v2\/categories?post=712422"},{"taxonomy":"post_tag","embeddable":true,"href":"https:\/\/unifranz.edu.bo\/pt\/wp-json\/wp\/v2\/tags?post=712422"}],"curies":[{"name":"wp","href":"https:\/\/api.w.org\/{rel}","templated":true}]}}