{"id":712408,"date":"2026-02-27T12:22:16","date_gmt":"2026-02-27T16:22:16","guid":{"rendered":"https:\/\/unifranz.edu.bo\/?p=712408"},"modified":"2026-02-27T13:08:58","modified_gmt":"2026-02-27T17:08:58","slug":"la-pasteleria-creativa-combina-sabores-texturas-y-propuestas-saludables-que-conquistan-el-paladar","status":"publish","type":"post","link":"https:\/\/unifranz.edu.bo\/pt\/blog\/la-pasteleria-creativa-combina-sabores-texturas-y-propuestas-saludables-que-conquistan-el-paladar\/","title":{"rendered":"La pasteler\u00eda creativa combina sabores, texturas y propuestas saludables que conquistan el paladar"},"content":{"rendered":"<p>La pasteler\u00eda creativa atraviesa una etapa de transformaci\u00f3n. Lejos de limitarse a lo est\u00e9tico o al tema del az\u00facar, hoy este rubro combina t\u00e9cnica, salud, identidad cultural y experiencia sensorial para responder a un consumidor m\u00e1s consciente, curioso y exigente. Las tendencias muestran una clara evoluci\u00f3n hacia propuestas con prop\u00f3sito, donde cada postre cuenta una historia.<\/p>\n\n\n\n<p>Noem\u00ed Tito, docente de la carrera de Gastronom\u00eda y Artes Culinarias de la Universidad Franz Tamayo (Unifranz), identifica a la pasteler\u00eda sana como una de las principales tendencias de r\u00e1pido crecimiento.&nbsp;<\/p>\n\n\n\n<blockquote class=\"wp-block-quote is-layout-flow wp-block-quote-is-layout-flow\">\n<p>\u201cEntre las tendencias en estos \u00faltimos a\u00f1os podemos citar la pasteler\u00eda saludable, como una de las principales, un estilo de pasteler\u00eda que busca opciones gluten free, libres de gluten, bajos en az\u00facar y veganas\u201d, explica la acad\u00e9mica.&nbsp;<\/p>\n<\/blockquote>\n\n\n\n<p>Se trata de una demanda creciente impulsada por consumidores que buscan disfrutar sin culpa, priorizando ingredientes funcionales y procesos m\u00e1s naturales.<\/p>\n\n\n\n<blockquote class=\"wp-block-quote is-layout-flow wp-block-quote-is-layout-flow\">\n<p>Sin embargo, este enfoque implica un reto t\u00e9cnico importante. \u201cSi bien es una opci\u00f3n de pasteler\u00eda creativa muy requerida conlleva un trabajo detr\u00e1s y tambi\u00e9n pruebas. Entonces es un reto poder trabajar en esta \u00e1rea, no obstante, no es imposible\u201d, se\u00f1ala Tito.&nbsp;<\/p>\n<\/blockquote>\n\n\n\n<p>La reformulaci\u00f3n de recetas tradicionales exige precisi\u00f3n, conocimiento y constante experimentaci\u00f3n para lograr equilibrio entre sabor, textura y nutrici\u00f3n.<\/p>\n\n\n\n<figure class=\"wp-block-embed is-type-video is-provider-youtube wp-block-embed-youtube wp-embed-aspect-16-9 wp-has-aspect-ratio\"><div class=\"wp-block-embed__wrapper\">\n<iframe loading=\"lazy\" title=\"La pasteler\u00eda creativa combina sabores, texturas y propuestas saludables que conquistan el paladar\" width=\"500\" height=\"281\" src=\"https:\/\/www.youtube.com\/embed\/u4y1YIbrEYY?feature=oembed\" frameborder=\"0\" allow=\"accelerometer; autoplay; clipboard-write; encrypted-media; gyroscope; picture-in-picture; web-share\" referrerpolicy=\"strict-origin-when-cross-origin\" allowfullscreen><\/iframe>\n<\/div><\/figure>\n\n\n\n<p><\/p>\n\n\n\n<p>Otra tendencia clave es la revalorizaci\u00f3n de los productos locales. Para la docente, esta corriente permite construir identidad desde la pasteler\u00eda. <\/p>\n\n\n\n<blockquote class=\"wp-block-quote is-layout-flow wp-block-quote-is-layout-flow\">\n<p>\u201cOtra tendencia marcada es la revalorizaci\u00f3n de productos, es decir, la valoraci\u00f3n de ingredientes locales dentro de nuestra pasteler\u00eda a fin de poder marcar tambi\u00e9n la identidad cultural boliviana\u201d, destaca la profesional.\u00a0<\/p>\n<\/blockquote>\n\n\n\n<p>Ingredientes como la quinua, el achiote, el cacao de origen o frutas nativas se integran en propuestas contempor\u00e1neas que dialogan entre tradici\u00f3n e innovaci\u00f3n.<\/p>\n\n\n\n<p>La experiencia sensorial completa el mapa de tendencias actuales, sostiene Tito, quien aclara que, aunque este concepto se desarroll\u00f3 con mayor fuerza en la cocina caliente, hoy gana protagonismo en la pasteler\u00eda.&nbsp;<\/p>\n\n\n\n<blockquote class=\"wp-block-quote is-layout-flow wp-block-quote-is-layout-flow\">\n<p>\u201cEn pasteler\u00eda tambi\u00e9n hay bastante b\u00fasqueda en productos que nos abran el paladar a nuevas texturas, nuevos sabores\u201d, explica la acad\u00e9mica. Esta exploraci\u00f3n se alinea con corrientes globales que priorizan contrastes: cremoso y crujiente, \u00e1cido y dulce, aireado y denso.<\/p>\n<\/blockquote>\n\n\n\n<p>En cuanto a t\u00e9cnicas modernas, la pasteler\u00eda creativa incorpora herramientas propias de la cocina molecular y la tecnolog\u00eda. \u201cEntre las muchas t\u00e9cnicas que podemos citar, considero que las que llegaron para quedarse son las gelificaciones, espumas, y tambi\u00e9n las esponjas\u201d, indica la especialista.&nbsp;<\/p>\n\n\n\n<p>A ello se suma la impresi\u00f3n 3D en chocolate, una innovaci\u00f3n que ampl\u00eda las posibilidades creativas en las propuestas de rubro de la pasteler\u00eda. La acad\u00e9mica destaca que gracias a la ayuda de las m\u00e1quinas se puede personalizar distintos dise\u00f1os y, de esta manera, tener una mayor amplitud de propuestas.<\/p>\n\n\n\n<p>Estas t\u00e9cnicas, adem\u00e1s de mejorar la est\u00e9tica, enriquecen la experiencia sensorial del consumidor, haciendo del postre una propuesta integral que involucra sabor, textura y presentaci\u00f3n.<\/p>\n\n\n\n<blockquote class=\"wp-block-quote is-layout-flow wp-block-quote-is-layout-flow\">\n<p>No obstante, innovar tambi\u00e9n implica enfrentar desaf\u00edos. \u201cDentro de los principales desaf\u00edos que nos enfrentamos en esta carrera es poder combinar correctamente la innovaci\u00f3n con la aceptaci\u00f3n del comensal\u201d, afirma Tito.&nbsp;<\/p>\n<\/blockquote>\n\n\n\n<p>Los nuevos sabores o texturas no siempre son aceptados de inmediato, por lo que el trabajo pedag\u00f3gico con el consumidor resulta fundamental. \u201cLa innovaci\u00f3n lleva trabajo extra, investigaci\u00f3n adicional y por consecuencia un valor agregado extra, donde la gente pueda comprender y aceptar la propuesta\u201d, a\u00f1ade.<\/p>\n\n\n\n<p>En este escenario, la formaci\u00f3n acad\u00e9mica cobra un valor estrat\u00e9gico, como el Bolivian Culinary Center (BoCC) de Unifranz, cumple un rol clave porque prepara a los estudiantes de la carrera de Gastronom\u00eda y Artes Culinarias no solo para dominar t\u00e9cnicas, sino tambi\u00e9n para desarrollar criterio, adaptabilidad y una visi\u00f3n creativa s\u00f3lida frente a los retos del sector.&nbsp;<\/p>\n\n\n\n<p>As\u00ed la pasteler\u00eda creativa refleja la evoluci\u00f3n marcada por la innovaci\u00f3n constante, la conciencia del consumidor y el uso inteligente de la tecnolog\u00eda, sin perder de vista las bases cl\u00e1sicas que sostienen la profesi\u00f3n.<\/p>","protected":false},"excerpt":{"rendered":"<p>La pasteler\u00eda creativa evoluciona al integrar sabores, texturas y propuestas saludables. Tendencias como opciones sin gluten, bajas en az\u00facar y veganas responden a un consumidor m\u00e1s consciente que busca disfrutar postres con prop\u00f3sito y valor nutricional.<\/p>","protected":false},"author":51,"featured_media":712409,"comment_status":"open","ping_status":"open","sticky":false,"template":"","format":"standard","meta":{"_acf_changed":false,"footnotes":""},"categories":[60],"tags":[11532,11707,266,11650,4484,53,9426,11632,11907,12029,1422,12028,242],"class_list":["post-712408","post","type-post","status-publish","format-standard","has-post-thumbnail","hentry","category-blog","tag-alimentacion-saludable","tag-bocc","tag-bolivia","tag-cocinamos-el-futuro","tag-consumo-de-azucar","tag-educacion","tag-gastronomia-boliviana","tag-gastronomia-unifranz","tag-gastronomia-y-artes-culinarias","tag-gluten-free","tag-innovacion-en-educacion","tag-pasteleria-creativa","tag-unifranz"],"acf":[],"_links":{"self":[{"href":"https:\/\/unifranz.edu.bo\/pt\/wp-json\/wp\/v2\/posts\/712408","targetHints":{"allow":["GET"]}}],"collection":[{"href":"https:\/\/unifranz.edu.bo\/pt\/wp-json\/wp\/v2\/posts"}],"about":[{"href":"https:\/\/unifranz.edu.bo\/pt\/wp-json\/wp\/v2\/types\/post"}],"author":[{"embeddable":true,"href":"https:\/\/unifranz.edu.bo\/pt\/wp-json\/wp\/v2\/users\/51"}],"replies":[{"embeddable":true,"href":"https:\/\/unifranz.edu.bo\/pt\/wp-json\/wp\/v2\/comments?post=712408"}],"version-history":[{"count":2,"href":"https:\/\/unifranz.edu.bo\/pt\/wp-json\/wp\/v2\/posts\/712408\/revisions"}],"predecessor-version":[{"id":712412,"href":"https:\/\/unifranz.edu.bo\/pt\/wp-json\/wp\/v2\/posts\/712408\/revisions\/712412"}],"wp:featuredmedia":[{"embeddable":true,"href":"https:\/\/unifranz.edu.bo\/pt\/wp-json\/wp\/v2\/media\/712409"}],"wp:attachment":[{"href":"https:\/\/unifranz.edu.bo\/pt\/wp-json\/wp\/v2\/media?parent=712408"}],"wp:term":[{"taxonomy":"category","embeddable":true,"href":"https:\/\/unifranz.edu.bo\/pt\/wp-json\/wp\/v2\/categories?post=712408"},{"taxonomy":"post_tag","embeddable":true,"href":"https:\/\/unifranz.edu.bo\/pt\/wp-json\/wp\/v2\/tags?post=712408"}],"curies":[{"name":"wp","href":"https:\/\/api.w.org\/{rel}","templated":true}]}}