{"id":712387,"date":"2026-02-26T14:34:52","date_gmt":"2026-02-26T18:34:52","guid":{"rendered":"https:\/\/unifranz.edu.bo\/?p=712387"},"modified":"2026-02-26T14:35:33","modified_gmt":"2026-02-26T18:35:33","slug":"modelo-educacional-da-unifranz-fortalece-a-formacao-profissional-por-meio-de-projetos-integradores","status":"publish","type":"post","link":"https:\/\/unifranz.edu.bo\/pt\/blog\/modelo-educacional-da-unifranz-fortalece-a-formacao-profissional-por-meio-de-projetos-integradores\/","title":{"rendered":"Modelo educacional da Unifranz fortalece a forma\u00e7\u00e3o profissional por meio de \u201cProjetos Integradores\u201d"},"content":{"rendered":"<p>O mundo do trabalho exige profissionais inovadores, criativos e capazes de resolver problemas reais, e a educa\u00e7\u00e3o superior enfrenta o desafio de formar nos estudantes compet\u00eancias que ultrapassem o dom\u00ednio te\u00f3rico. Nesse contexto, os Projetos Integradores da Universidade Franz Tamayo (Unifranz) constituem uma ferramenta-chave do modelo \u201cAprender fazendo\u201d, ao possibilitar que os universit\u00e1rios vivenciem situa\u00e7\u00f5es semelhantes \u00e0s que enfrentar\u00e3o no exerc\u00edcio de sua profiss\u00e3o.<\/p>\n\n\n\n<p>Gustavo Monta\u00f1o, doutor em Educa\u00e7\u00e3o e vice-reitor nacional da Unifranz, explica que esses projetos \u201cs\u00e3o ativados por meio do trabalho cooperativo, com propostas de solu\u00e7\u00e3o para problem\u00e1ticas pr\u00f3prias da vida profissional, orientados \u00e0 inova\u00e7\u00e3o e ao impacto social, fomentando a criatividade dos estudantes e oferecendo-lhes a oportunidade de aplicar a teoria a situa\u00e7\u00f5es reais\u201d.<\/p>\n\n\n\n<p>Nesse sentido, o Aprender fazendo \u00e9 uma caracter\u00edstica essencial dos Projetos Integradores, assegura Monta\u00f1o.<\/p>\n\n\n\n<p>Esses Projetos Integradores s\u00e3o atividades acad\u00eamicas de not\u00e1vel complexidade e inteiramente pr\u00e1ticas, que dinamizam o plano de estudos e evidenciam, de forma integral, o desenvolvimento de compet\u00eancias profissionais dos estudantes.<\/p>\n\n\n\n<p>S\u00e3o desenvolvidos de maneira transdisciplinar, atravessando diferentes \u00e1reas do conhecimento para aplicar saberes formais, estrat\u00e9gias de a\u00e7\u00e3o e pensamento complexo na resolu\u00e7\u00e3o de problemas do contexto social e laboral.<\/p>\n\n\n\n<p>A abordagem Aprender fazendo (learning by doing) transforma o estudante em protagonista de sua forma\u00e7\u00e3o. A teoria \u00e9 aplicada imediatamente em contextos pr\u00e1ticos, o que melhora a compreens\u00e3o e a reten\u00e7\u00e3o do conhecimento \u2014 estima-se que se recorda at\u00e9 75% do que se faz, em compara\u00e7\u00e3o com 5% do que apenas se escuta. Al\u00e9m disso, o erro \u00e9 assumido como parte do processo formativo, fortalecendo a reflex\u00e3o, a resili\u00eancia e a melhoria cont\u00ednua.<\/p>\n\n\n\n<figure class=\"wp-block-embed is-provider-youtube wp-block-embed-youtube\"><div class=\"wp-block-embed__wrapper\">\n<iframe loading=\"lazy\" title=\"Modelo educativo de Unifranz fortalece la formaci\u00f3n profesional mediante \u201cProyectos integradores\u201d\" width=\"500\" height=\"281\" src=\"https:\/\/www.youtube.com\/embed\/bzOHcLsf7WM?feature=oembed\" frameborder=\"0\" allow=\"accelerometer; autoplay; clipboard-write; encrypted-media; gyroscope; picture-in-picture; web-share\" referrerpolicy=\"strict-origin-when-cross-origin\" allowfullscreen><\/iframe>\n<\/div><\/figure>\n\n\n\n<p>Eva Foronda, decana acad\u00eamica da Unifranz La Paz, ressalta o impacto dessa metodologia na inser\u00e7\u00e3o profissional. \u201cPreparam o estudante para que, uma vez graduado, possa enfrentar com solv\u00eancia a solu\u00e7\u00e3o de uma demanda real, sobre a qual decidir e atuar de maneira eficiente, oportuna e \u00e9tica\u201d, destaca a acad\u00eamica.<\/p>\n\n\n\n<p>Assim, os Projetos Integradores n\u00e3o apenas fortalecem conhecimentos t\u00e9cnicos, mas tamb\u00e9m habilidades socioemocionais, como lideran\u00e7a, trabalho em equipe, tomada de decis\u00e3o e \u00e9tica profissional.<\/p>\n\n\n\n<blockquote class=\"wp-block-quote is-layout-flow wp-block-quote-is-layout-flow\">\n<p>Nas diferentes \u00e1reas, a experi\u00eancia confirma esses resultados. Leslie Vidaurre, docente do curso de Bioqu\u00edmica e Farm\u00e1cia, afirma que \u201ca import\u00e2ncia dos Projetos Integradores no curso de Bioqu\u00edmica e Farm\u00e1cia da Unifranz permite que os estudantes desenvolvam suas compet\u00eancias para estarem preparados para o mercado de trabalho e saibam atuar com desenvoltura. Isso lhes possibilita resolver problem\u00e1ticas tanto em n\u00edvel profissional quanto pessoal, oferecendo solu\u00e7\u00f5es de maneira eficaz\u201d.<\/p>\n<\/blockquote>\n\n\n\n<p>Esses Projetos Integradores, como o pr\u00f3prio nome indica, integram todas as disciplinas cursadas ao longo da forma\u00e7\u00e3o profissional, acrescenta Vidaurre.<\/p>\n\n\n\n<p>Na Engenharia, a experi\u00eancia tamb\u00e9m se articula com o modelo educacional da universidade. Noemi Moller, diretora do curso de Engenharia de Sistemas, afirma: \u201cOs estudantes aprimoram sua forma\u00e7\u00e3o profissional com o ensino e a aprendizagem sob o modelo BLX por meio do Aprender fazendo. A compet\u00eancia os forma n\u00e3o apenas com teoria, mas tamb\u00e9m com o Aprender fazendo, e de maneira din\u00e2mica e motivadora\u201d.<\/p>\n\n\n\n<p>No curso de Direito, a aplica\u00e7\u00e3o pr\u00e1tica assume especial relev\u00e2ncia. Isabel Villarroel, docente da \u00e1rea, explica que \u201cos Projetos Integradores como oficinas na Unifranz s\u00e3o importantes a partir da premissa do Aprender fazendo. Os jovens elaboram produtos finais e, no curso de Direito, produzem regulamentos e manuais que contribuem para aplicar a teoria \u00e0 pr\u00e1tica. Uma dimens\u00e3o \u00e9 o conhecimento te\u00f3rico, o conhecimento da norma; outra \u00e9 aplicar esses conhecimentos jur\u00eddicos ou normativos na elabora\u00e7\u00e3o de documentos. Assim, os estudantes aplicam a pr\u00e1tica e desenvolvem um produto final\u201d.<\/p>\n\n\n\n<p>Na Unifranz, esse modelo \u00e9 fortalecido por infraestrutura de \u00faltima gera\u00e7\u00e3o e modernos laborat\u00f3rios de aprendizagem, como o Tech Lab, Social Labs, Business Labs, Crossmedia Labs e Health Labs, que simulam ambientes reais de desempenho profissional. Al\u00e9m disso, as salas de aula din\u00e2micas s\u00e3o adaptadas para facilitar o trabalho colaborativo, a an\u00e1lise de casos e a experimenta\u00e7\u00e3o pr\u00e1tica.<\/p>\n\n\n\n<p>Dessa forma, os Projetos Integradores n\u00e3o apenas validam o desenvolvimento de compet\u00eancias profissionais, mas consolidam uma forma\u00e7\u00e3o integral orientada a resultados, inova\u00e7\u00e3o e impacto social. O Aprender fazendo deixa de ser um conceito te\u00f3rico para se tornar uma experi\u00eancia concreta que prepara os estudantes para atuar com efici\u00eancia, criatividade e compromisso no mundo do trabalho.<\/p>","protected":false},"excerpt":{"rendered":"<p>Os Projetos Integradores n\u00e3o apenas validam o desenvolvimento de compet\u00eancias profissionais, mas tamb\u00e9m consolidam uma forma\u00e7\u00e3o integral orientada a resultados, inova\u00e7\u00e3o e impacto social.<\/p>","protected":false},"author":53,"featured_media":712173,"comment_status":"open","ping_status":"open","sticky":false,"template":"","format":"standard","meta":{"_acf_changed":false,"footnotes":""},"categories":[60],"tags":[3076,833,11569,10589,39,53,386,10629,1422,49,1596,218,242],"class_list":["post-712387","post","type-post","status-publish","format-standard","has-post-thumbnail","hentry","category-blog","tag-aprende-haciendo","tag-bioquimica-y-farmacia","tag-calidad-academica-2","tag-carreras-del-futuro","tag-derecho","tag-educacion","tag-estudiantes","tag-ingenieria-de-sistemas-2","tag-innovacion-en-educacion","tag-medicina","tag-proyectos-integradores","tag-tecnologia","tag-unifranz"],"acf":[],"_links":{"self":[{"href":"https:\/\/unifranz.edu.bo\/pt\/wp-json\/wp\/v2\/posts\/712387","targetHints":{"allow":["GET"]}}],"collection":[{"href":"https:\/\/unifranz.edu.bo\/pt\/wp-json\/wp\/v2\/posts"}],"about":[{"href":"https:\/\/unifranz.edu.bo\/pt\/wp-json\/wp\/v2\/types\/post"}],"author":[{"embeddable":true,"href":"https:\/\/unifranz.edu.bo\/pt\/wp-json\/wp\/v2\/users\/53"}],"replies":[{"embeddable":true,"href":"https:\/\/unifranz.edu.bo\/pt\/wp-json\/wp\/v2\/comments?post=712387"}],"version-history":[{"count":1,"href":"https:\/\/unifranz.edu.bo\/pt\/wp-json\/wp\/v2\/posts\/712387\/revisions"}],"predecessor-version":[{"id":712388,"href":"https:\/\/unifranz.edu.bo\/pt\/wp-json\/wp\/v2\/posts\/712387\/revisions\/712388"}],"wp:featuredmedia":[{"embeddable":true,"href":"https:\/\/unifranz.edu.bo\/pt\/wp-json\/wp\/v2\/media\/712173"}],"wp:attachment":[{"href":"https:\/\/unifranz.edu.bo\/pt\/wp-json\/wp\/v2\/media?parent=712387"}],"wp:term":[{"taxonomy":"category","embeddable":true,"href":"https:\/\/unifranz.edu.bo\/pt\/wp-json\/wp\/v2\/categories?post=712387"},{"taxonomy":"post_tag","embeddable":true,"href":"https:\/\/unifranz.edu.bo\/pt\/wp-json\/wp\/v2\/tags?post=712387"}],"curies":[{"name":"wp","href":"https:\/\/api.w.org\/{rel}","templated":true}]}}