{"id":712385,"date":"2026-02-26T12:56:30","date_gmt":"2026-02-26T16:56:30","guid":{"rendered":"https:\/\/unifranz.edu.bo\/?p=712385"},"modified":"2026-02-26T12:57:07","modified_gmt":"2026-02-26T16:57:07","slug":"unifranz-avanca-rumo-a-ensaios-clinicos-internacionais-como-peca-chave-do-nihr-latam-na-bolivia","status":"publish","type":"post","link":"https:\/\/unifranz.edu.bo\/pt\/blog\/unifranz-avanca-rumo-a-ensaios-clinicos-internacionais-como-peca-chave-do-nihr-latam-na-bolivia\/","title":{"rendered":"Unifranz avan\u00e7a rumo a ensaios cl\u00ednicos internacionais como pe\u00e7a-chave do NIHR Latam na Bol\u00edvia"},"content":{"rendered":"<p>A Universidade Franz Tamayo (Unifranz) avan\u00e7a para uma nova etapa no desenvolvimento da pesquisa cient\u00edfica em sa\u00fade, consolidando-se como pe\u00e7a-chave do NIHR Latam na Bol\u00edvia. O projeto, iniciado h\u00e1 dois anos, busca transformar o cuidado das doen\u00e7as cr\u00f4nicas e da sa\u00fade mental na Am\u00e9rica Latina.<\/p>\n\n\n\n<blockquote class=\"wp-block-quote is-layout-flow wp-block-quote-is-layout-flow\">\n<p>\u201cVivemos um dos marcos mais importantes: a transi\u00e7\u00e3o dos estudos piloto para a fase de ensaios cl\u00ednicos em larga escala, que ser\u00e3o realizados na Bol\u00edvia, Col\u00f4mbia e Guatemala. Esses estudos permitir\u00e3o validar as pesquisas com o m\u00e1ximo rigor cient\u00edfico\u201d, explicou Luc\u00eda Alvarado, coordenadora nacional de pesquisa da Unifranz.<\/p>\n<\/blockquote>\n\n\n\n<p>A iniciativa, impulsionada pela Queen Mary University of London e financiada pelo National Institute for Health and Care Research (NIHR), re\u00fane universidades da Col\u00f4mbia, Guatemala e Bol\u00edvia com um objetivo comum: gerar evid\u00eancias cient\u00edficas s\u00f3lidas, formar pesquisadores e estabelecer um modelo sustent\u00e1vel de pesquisa com impacto na sa\u00fade.<\/p>\n\n\n\n<h2 class=\"wp-block-heading\">Um trabalho com resultados<\/h2>\n\n\n\n<p>Na semana passada, os membros do Centro NIHR Latam reuniram-se em Lima, Peru, para realizar uma avalia\u00e7\u00e3o de suas atividades. Cinquenta pesquisadores do Reino Unido e da Am\u00e9rica Latina apresentaram resultados em pesquisa, forma\u00e7\u00e3o e estudos piloto.<\/p>\n\n\n\n<p>Conforme explicou Alvarado, um dos resultados mais relevantes \u00e9 a passagem para a fase de ensaios cl\u00ednicos. \u201cOs ensaios cl\u00ednicos representam um dos n\u00edveis mais elevados de evid\u00eancia cient\u00edfica\u201d, destaca.<\/p>\n\n\n\n<p>Renata Peppi, gerente-geral do Centro NIHR Latam, assinalou que isso implica ingressar na etapa mais exigente do processo. \u201cEstamos prestes a iniciar os estudos laboratoriais, um dos processos mais longos, com muitas pessoas envolvidas. E isso ap\u00f3s apenas dois anos de trabalho\u201d, afirma.<\/p>\n\n\n\n<p>Contudo, esse n\u00e3o \u00e9 o \u00fanico avan\u00e7o. Para Adriana Buitrago, coordenadora do Centro NIHR Latam na Col\u00f4mbia, um dos resultados mais significativos \u00e9 o trabalho de aproxima\u00e7\u00e3o com as comunidades, investigando e respondendo a partir de suas necessidades.<\/p>\n\n\n\n<blockquote class=\"wp-block-quote is-layout-flow wp-block-quote-is-layout-flow\">\n<p>\u201cTradicionalmente realizamos pesquisas com base em protocolos ou em nossa pr\u00f3pria observa\u00e7\u00e3o como pesquisadores. Isso muda quando escutamos as comunidades sobre suas necessidades, d\u00favidas ou problemas de sa\u00fade. Isso nos permite identificar mecanismos, processos e trajet\u00f3rias espec\u00edficas\u201d, sustenta Buitrago.<\/p>\n<\/blockquote>\n\n\n\n<p>Na Bol\u00edvia, um exemplo desse trabalho \u00e9 o Cat\u00e1logo Arte y Cultura San Jos\u00e9 de Chiquitos, iniciativa que evidencia como as express\u00f5es art\u00edsticas locais \u2014 dan\u00e7ar, pintar, bordar \u2014 podem atuar como medicina complementar para a sa\u00fade mental e f\u00edsica. Trata-se de uma demonstra\u00e7\u00e3o de como integrar a identidade cultural nos processos de recupera\u00e7\u00e3o dos pacientes.<\/p>\n\n\n\n<p>Paralelamente, no componente educacional, estudantes e docentes bolivianos cursam mestrados e doutorados em \u00e1reas estrat\u00e9gicas como epidemiologia cl\u00ednica, bioestat\u00edstica, bio\u00e9tica e ci\u00eancia de dados, principalmente em colabora\u00e7\u00e3o com a Pontif\u00edcia Universidade Javeriana da Col\u00f4mbia. O objetivo \u00e9 criar uma \u201cmassa cr\u00edtica\u201d de pesquisadores que retornem ao pa\u00eds e assegurem a continuidade do centro.<\/p>\n\n\n\n<figure class=\"wp-block-embed is-type-video is-provider-youtube wp-block-embed-youtube wp-embed-aspect-16-9 wp-has-aspect-ratio\"><div class=\"wp-block-embed__wrapper\">\n<iframe loading=\"lazy\" title=\"NIHR Latam y Unifranz: investigaci\u00f3n en salud con impacto real\" width=\"500\" height=\"281\" src=\"https:\/\/www.youtube.com\/embed\/gw15wu_8vw4?feature=oembed\" frameborder=\"0\" allow=\"accelerometer; autoplay; clipboard-write; encrypted-media; gyroscope; picture-in-picture; web-share\" referrerpolicy=\"strict-origin-when-cross-origin\" allowfullscreen><\/iframe>\n<\/div><\/figure>\n\n\n\n<h2 class=\"wp-block-heading\">Um projeto que constr\u00f3i ci\u00eancia a partir da Am\u00e9rica Latina<\/h2>\n\n\n\n<p>Embora o Centro NIHR Latam e a Unifranz contem com dois anos de trabalho conjunto, sua origem \u00e9 anterior. Em 2022, a unidade de psiquiatria social e comunit\u00e1ria da Queen Mary University of London recebeu uma subven\u00e7\u00e3o de 7 milh\u00f5es de libras do NIHR, com o prop\u00f3sito de desenvolver um novo centro de pesquisa em sa\u00fade.<\/p>\n\n\n\n<p>Foi a alian\u00e7a entre a Pontif\u00edcia Universidade Javeriana da Col\u00f4mbia, a Universidade Rafael Land\u00edvar da Guatemala e a Unifranz da Bol\u00edvia, com sede em Santa Cruz, que possibilitou a implementa\u00e7\u00e3o do centro na Am\u00e9rica Latina.<\/p>\n\n\n\n<p>O projeto n\u00e3o se limita ao financiamento de estudos pontuais. Seu prop\u00f3sito \u00e9 mais ambicioso: criar um centro de pesquisa capaz de se sustentar ao longo do tempo, formar capital humano qualificado e fortalecer a rela\u00e7\u00e3o entre ci\u00eancia e comunidades.<\/p>\n\n\n\n<p>Nesse contexto, a Unifranz desempenha um papel fundamental como um dos grupos sat\u00e9lites onde se desenvolvem atividades cient\u00edficas. Representar a Bol\u00edvia nessa iniciativa internacional, assinala Alvarado, \u00e9 motivo de orgulho, mas tamb\u00e9m de responsabilidade.<\/p>\n\n\n\n<h2 class=\"wp-block-heading\">Impacto no sistema de sa\u00fade<\/h2>\n\n\n\n<p>Em Santa Cruz, a equipe trabalhou diretamente com o Servi\u00e7o Departamental de Sa\u00fade, redes de aten\u00e7\u00e3o e centros m\u00e9dicos, estabelecendo um di\u00e1logo direto entre pesquisadores e autoridades sanit\u00e1rias.<\/p>\n\n\n\n<p>Essas alian\u00e7as permitir\u00e3o desenvolver interven\u00e7\u00f5es de baixo custo, especialmente n\u00e3o farmacol\u00f3gicas, que poder\u00e3o melhorar o atendimento a pacientes com doen\u00e7as cr\u00f4nicas e transtornos de sa\u00fade mental.<\/p>\n\n\n\n<p>Al\u00e9m disso, o projeto consolidou rela\u00e7\u00f5es de confian\u00e7a com comunidades ind\u00edgenas e popula\u00e7\u00f5es locais, que agora participam ativamente do desenho e da avalia\u00e7\u00e3o das interven\u00e7\u00f5es.<\/p>\n\n\n\n<p>Uma nova gera\u00e7\u00e3o de pesquisadores<\/p>\n\n\n\n<p>O projeto tamb\u00e9m est\u00e1 transformando o ecossistema acad\u00eamico da Unifranz. O centro conta com espa\u00e7o f\u00edsico pr\u00f3prio dentro da universidade, a partir do qual s\u00e3o coordenadas pesquisas, capacita\u00e7\u00f5es e colabora\u00e7\u00f5es internacionais.<\/p>\n\n\n\n<p>Por meio de programas de mentoria, capacita\u00e7\u00f5es semanais e editais de bolsas, a universidade est\u00e1 transferindo conhecimentos a estudantes, docentes e pesquisadores. \u201cEstamos mostrando a nossos estudantes e professores como realizar pesquisa de qualidade. Isso n\u00e3o apenas fortalece a universidade, mas tamb\u00e9m o pa\u00eds\u201d, explicam.<\/p>\n\n\n\n<p>O processo formativo inclui ainda a ado\u00e7\u00e3o de padr\u00f5es internacionais, como boas pr\u00e1ticas cl\u00ednicas e o desenvolvimento de um comit\u00ea de \u00e9tica em pesquisa, elementos essenciais para elevar o n\u00edvel cient\u00edfico nacional.<\/p>\n\n\n\n<p>Com novos pesquisadores em forma\u00e7\u00e3o, ensaios cl\u00ednicos em andamento e alian\u00e7as estrat\u00e9gicas consolidadas, a Bol\u00edvia come\u00e7a a construir um futuro no qual a ci\u00eancia se converte em uma ferramenta fundamental para melhorar a sa\u00fade e o bem-estar de sua popula\u00e7\u00e3o.<\/p>","protected":false},"excerpt":{"rendered":"<p>A Universidade Franz Tamayo (Unifranz) avan\u00e7a para uma nova etapa no desenvolvimento da pesquisa cient\u00edfica em sa\u00fade, consolidando-se como pe\u00e7a-chave do NIHR Latam na Bol\u00edvia.<\/p>","protected":false},"author":53,"featured_media":712230,"comment_status":"open","ping_status":"open","sticky":false,"template":"","format":"standard","meta":{"_acf_changed":false,"footnotes":""},"categories":[60],"tags":[651,11569,10818,11479,53,11984,1422,248,268,49,124,218,242],"class_list":["post-712385","post","type-post","status-publish","format-standard","has-post-thumbnail","hentry","category-blog","tag-bioetica","tag-calidad-academica-2","tag-centro-nihr-latam","tag-comite-de-etica","tag-educacion","tag-ensayos-clinicos","tag-innovacion-en-educacion","tag-internacionalizacion","tag-investigacion","tag-medicina","tag-salud","tag-tecnologia","tag-unifranz"],"acf":[],"_links":{"self":[{"href":"https:\/\/unifranz.edu.bo\/pt\/wp-json\/wp\/v2\/posts\/712385","targetHints":{"allow":["GET"]}}],"collection":[{"href":"https:\/\/unifranz.edu.bo\/pt\/wp-json\/wp\/v2\/posts"}],"about":[{"href":"https:\/\/unifranz.edu.bo\/pt\/wp-json\/wp\/v2\/types\/post"}],"author":[{"embeddable":true,"href":"https:\/\/unifranz.edu.bo\/pt\/wp-json\/wp\/v2\/users\/53"}],"replies":[{"embeddable":true,"href":"https:\/\/unifranz.edu.bo\/pt\/wp-json\/wp\/v2\/comments?post=712385"}],"version-history":[{"count":1,"href":"https:\/\/unifranz.edu.bo\/pt\/wp-json\/wp\/v2\/posts\/712385\/revisions"}],"predecessor-version":[{"id":712386,"href":"https:\/\/unifranz.edu.bo\/pt\/wp-json\/wp\/v2\/posts\/712385\/revisions\/712386"}],"wp:featuredmedia":[{"embeddable":true,"href":"https:\/\/unifranz.edu.bo\/pt\/wp-json\/wp\/v2\/media\/712230"}],"wp:attachment":[{"href":"https:\/\/unifranz.edu.bo\/pt\/wp-json\/wp\/v2\/media?parent=712385"}],"wp:term":[{"taxonomy":"category","embeddable":true,"href":"https:\/\/unifranz.edu.bo\/pt\/wp-json\/wp\/v2\/categories?post=712385"},{"taxonomy":"post_tag","embeddable":true,"href":"https:\/\/unifranz.edu.bo\/pt\/wp-json\/wp\/v2\/tags?post=712385"}],"curies":[{"name":"wp","href":"https:\/\/api.w.org\/{rel}","templated":true}]}}