{"id":712340,"date":"2026-02-25T17:46:59","date_gmt":"2026-02-25T21:46:59","guid":{"rendered":"https:\/\/unifranz.edu.bo\/?p=712340"},"modified":"2026-02-25T17:47:40","modified_gmt":"2026-02-25T21:47:40","slug":"turismo-inclusivo-la-apuesta-de-jica-y-unifranz","status":"publish","type":"post","link":"https:\/\/unifranz.edu.bo\/pt\/blog\/turismo-inclusivo-la-apuesta-de-jica-y-unifranz\/","title":{"rendered":"Turismo inclusivo: la apuesta de JICA y Unifranz para transformar la experiencia del viajero con discapacidad"},"content":{"rendered":"<p>Imagina planear el viaje de tus sue\u00f1os. Llegas al hotel tras horas de trayecto, pero al cruzar la puerta el mostrador es demasiado alto para verte, el personal te ignora al hablarle directamente a tu acompa\u00f1ante y los pasillos son trampas de alfombra imposibles de sortear. Para millones de personas con discapacidad, el turismo no es un descanso, sino una carrera de obst\u00e1culos actitudinales.<\/p>\n\n\n\n<p>Esta escena, aunque invisible para muchos, es la realidad cotidiana de millones de turistas con discapacidad que merecen una transformaci\u00f3n urgente en el sector. No es solo una falta de rampas; es una barrera de comunicaci\u00f3n que convierte un momento de descanso en una experiencia de exclusi\u00f3n.<\/p>\n\n\n\n<p>Conscientes de esta brecha, la <a href=\"https:\/\/www.jica.go.jp\/spanish\/\" target=\"_blank\" rel=\"noopener\">Agencia de Cooperaci\u00f3n Internacional del Jap\u00f3n (JICA)<\/a> y la <a href=\"https:\/\/unifranz.edu.bo\/\">Universidad Franz Tamayo<\/a>, <a href=\"https:\/\/ux.unifranz.edu.bo\/tour\/eat\/index.htm\">Unifranz El Alto<\/a>, unieron fuerzas para impartir el \u00abTaller de Concientizaci\u00f3n sobre Comunicaci\u00f3n y Atenci\u00f3n al Cliente con Discapacidad\u00bb.<\/p>\n\n\n\n<p>La iniciativa, pionera en el \u00e1mbito acad\u00e9mico boliviano, no solo busc\u00f3 transmitir teor\u00eda, sino generar una transformaci\u00f3n desde la base: los futuros profesionales de Administraci\u00f3n de Hoteler\u00eda y Turismo, Dise\u00f1o Gr\u00e1fico y Producci\u00f3n Crossmedia e Ingenier\u00eda Comercial.<\/p>\n\n\n\n<p>\u201cTrabajar con estas nuevas generaciones es prioritario. Hemos tenido un auditorio mucho m\u00e1s lleno del que esper\u00e1bamos y es vital trabajar desde nuestras bases que es la academia\u201d, destaca Alejandra Pareja, directora de equipo de entrenadores de JICA.<\/p>\n\n\n\n<h2 class=\"wp-block-heading\"><strong>\u00bfQu\u00e9 es el turismo inclusivo?<\/strong><\/h2>\n\n\n\n<p>El turismo inclusivo no es una tendencia, es un derecho. Seg\u00fan la <a href=\"https:\/\/www.untourism.int\/es\" target=\"_blank\" rel=\"noopener\">Organizaci\u00f3n Mundial del Turismo (OMT)<\/a>, la accesibilidad universal debe ser el coraz\u00f3n de cualquier estrategia tur\u00edstica responsable. Sin embargo, la infraestructura f\u00edsica es in\u00fatil si no viene acompa\u00f1ada de una atenci\u00f3n al cliente profesional y emp\u00e1tica.<\/p>\n\n\n\n<p>Entender que el turista con discapacidad es, ante todo, un cliente con necesidades espec\u00edficas \u2014pero con el mismo deseo de disfrutar que cualquier otro\u2014 es el primer paso para profesionalizar el sector.<\/p>\n\n\n\n<h2 class=\"wp-block-heading\"><strong>Aprender de la experiencia directa<\/strong><\/h2>\n\n\n\n<p>Un punto destacado del encuentro realizado en Unifranz fue la participaci\u00f3n de la Red Boliviana de Vida Independiente \u00abRevivo Bolivia\u00bb. Personas con discapacidad lideraron los talleres, permitiendo que los estudiantes comprendieran, a trav\u00e9s de la pr\u00e1ctica y el testimonio, qu\u00e9 significa un \u00abajuste razonable\u00bb en el servicio.<\/p>\n\n\n\n<p>Gary Ram\u00edrez, miembro de Revivo Bolivia, resalt\u00f3 la importancia de ver este segmento como una oportunidad: \u201cEs vital compartir experiencias directas para que conozcan las necesidades de este nicho de mercado que es el turista con discapacidad\u201d.<\/p>\n\n\n\n<h2 class=\"wp-block-heading\"><strong>Un impacto econ\u00f3mico y social<\/strong><\/h2>\n\n\n\n<p>Tras la pandemia, el sector tur\u00edstico busca nuevas formas de reactivaci\u00f3n. La inclusi\u00f3n es, adem\u00e1s de un deber moral, una decisi\u00f3n inteligente de negocio.<\/p>\n\n\n\n<p>Claudia Cadena, directora de Administraci\u00f3n de Hoteler\u00eda y Turismo de Unifranz El Alto, subraya el \u00e9xito de la convocatoria: \u201cHemos sido la primera universidad en realizar estos talleres. Fue un \u00e9xito total para carreras que deben transversalizar el trato y la atenci\u00f3n al cliente\u201d.<\/p>\n\n\n\n<p>El desaf\u00edo est\u00e1 lanzado. La verdadera calidad tur\u00edstica se mide por la capacidad de un destino para recibir a todos por igual. El Alto, a trav\u00e9s de sus futuros profesionales, empieza a trazar ese camino hacia un turismo m\u00e1s humano, inclusivo y, sobre todo, profesional.<\/p>","protected":false},"excerpt":{"rendered":"<p>Imagina planear el viaje de tus sue\u00f1os. Llegas al hotel tras horas de trayecto, pero al cruzar la puerta el mostrador es demasiado alto para verte, el personal te ignora al hablarle directamente a tu acompa\u00f1ante y los pasillos son trampas de alfombra imposibles de sortear. Para millones de personas con discapacidad, el turismo no &hellip; <a href=\"https:\/\/unifranz.edu.bo\/pt\/blog\/turismo-inclusivo-la-apuesta-de-jica-y-unifranz\/\">Continued<\/a><\/p>","protected":false},"author":25,"featured_media":712344,"comment_status":"open","ping_status":"open","sticky":false,"template":"","format":"standard","meta":{"_acf_changed":false,"footnotes":""},"categories":[60,11083,1996,7345,5136,1658,1782,10374],"tags":[53,47,386,1258,1422,88,242],"class_list":["post-712340","post","type-post","status-publish","format-standard","has-post-thumbnail","hentry","category-blog","category-unifranzelalto","category-administracion-de-hoteleria-y-turismo","category-onu-turismo","category-tedx-unifranz","category-turismo","category-unifranz","category-unifranz-el-alto","tag-educacion","tag-el-alto","tag-estudiantes","tag-inclusion","tag-innovacion-en-educacion","tag-turismo","tag-unifranz"],"acf":[],"_links":{"self":[{"href":"https:\/\/unifranz.edu.bo\/pt\/wp-json\/wp\/v2\/posts\/712340","targetHints":{"allow":["GET"]}}],"collection":[{"href":"https:\/\/unifranz.edu.bo\/pt\/wp-json\/wp\/v2\/posts"}],"about":[{"href":"https:\/\/unifranz.edu.bo\/pt\/wp-json\/wp\/v2\/types\/post"}],"author":[{"embeddable":true,"href":"https:\/\/unifranz.edu.bo\/pt\/wp-json\/wp\/v2\/users\/25"}],"replies":[{"embeddable":true,"href":"https:\/\/unifranz.edu.bo\/pt\/wp-json\/wp\/v2\/comments?post=712340"}],"version-history":[{"count":1,"href":"https:\/\/unifranz.edu.bo\/pt\/wp-json\/wp\/v2\/posts\/712340\/revisions"}],"predecessor-version":[{"id":712345,"href":"https:\/\/unifranz.edu.bo\/pt\/wp-json\/wp\/v2\/posts\/712340\/revisions\/712345"}],"wp:featuredmedia":[{"embeddable":true,"href":"https:\/\/unifranz.edu.bo\/pt\/wp-json\/wp\/v2\/media\/712344"}],"wp:attachment":[{"href":"https:\/\/unifranz.edu.bo\/pt\/wp-json\/wp\/v2\/media?parent=712340"}],"wp:term":[{"taxonomy":"category","embeddable":true,"href":"https:\/\/unifranz.edu.bo\/pt\/wp-json\/wp\/v2\/categories?post=712340"},{"taxonomy":"post_tag","embeddable":true,"href":"https:\/\/unifranz.edu.bo\/pt\/wp-json\/wp\/v2\/tags?post=712340"}],"curies":[{"name":"wp","href":"https:\/\/api.w.org\/{rel}","templated":true}]}}