{"id":712326,"date":"2026-02-25T10:22:51","date_gmt":"2026-02-25T14:22:51","guid":{"rendered":"https:\/\/unifranz.edu.bo\/?p=712326"},"modified":"2026-02-25T10:28:52","modified_gmt":"2026-02-25T14:28:52","slug":"el-acompanamiento-familiar-disminuye-el-riesgo-de-depresion-severa-en-adolescentes-y-jovenes","status":"publish","type":"post","link":"https:\/\/unifranz.edu.bo\/pt\/blog\/el-acompanamiento-familiar-disminuye-el-riesgo-de-depresion-severa-en-adolescentes-y-jovenes\/","title":{"rendered":"El acompa\u00f1amiento familiar disminuye el riesgo de depresi\u00f3n severa en adolescentes y j\u00f3venes"},"content":{"rendered":"<p>La depresi\u00f3n en adolescentes y j\u00f3venes no siempre se manifiesta de la misma forma que en la adultez. Lejos de la tristeza evidente, suele expresarse a trav\u00e9s de cambios conductuales, alteraciones en los h\u00e1bitos y un progresivo aislamiento. En este contexto, la familia se convierte en un actor clave, porque puede ser el primer escudo de protecci\u00f3n o, si no existe acompa\u00f1amiento, un factor que agrave el problema.<\/p>\n\n\n\n<blockquote class=\"wp-block-quote is-layout-flow wp-block-quote-is-layout-flow\">\n<p>Marco Da Silva, docente de la carrera de Psicolog\u00eda de la Universidad Franz Tamayo (Unifranz), explica: \u201cLas se\u00f1ales en adolescentes, respecto a cuadros depresivos suelen mostrar diferencia en lo que habitualmente observamos en personas adultas\u201d.&nbsp;<\/p>\n<\/blockquote>\n\n\n\n<p>Por ello, advierte que es fundamental prestar atenci\u00f3n a: \u201ccambios en las actitudes, cambios en los h\u00e1bitos regulares, en h\u00e1bitos de sue\u00f1o, un estado de \u00e1nimo restringido con regularidad o fluctuaciones en el desempe\u00f1o acad\u00e9mico\u201d, explica el acad\u00e9mico.<\/p>\n\n\n\n<blockquote class=\"wp-block-quote is-layout-flow wp-block-quote-is-layout-flow\">\n<p>Estos signos, que muchas veces son minimizados o atribuidos a la \u201cedad\u201d, pueden ser alertas tempranas de un cuadro depresivo. En ese punto, Da Silva es claro al se\u00f1alar que: \u201cla importancia de la familia es trascendental, porque puede ser un factor de protecci\u00f3n o puede ser un factor de riesgo\u201d.&nbsp;<\/p>\n<\/blockquote>\n\n\n\n<p>Estudios del Instituto Nacional de Salud Mental (USA) confirman esta afirmaci\u00f3n, que sostiene que el apoyo familiar reduce el aislamiento emocional, fortalece la resiliencia y puede disminuir hasta en un 50% el riesgo de conductas suicidas en adolescentes.<\/p>\n\n\n\n<p>El rol protector de la familia se activa cuando existe una intervenci\u00f3n oportuna y consciente. \u201cUna familia que interviene oportunamente y coadyuva en el aprendizaje de habilidades de comunicaci\u00f3n, o de regulaci\u00f3n emocional, va a lograr que el cuadro remita con facilidad, eso es bastante notable e interesante en la pr\u00e1ctica cl\u00ednica\u201d, sostiene el especialista.<\/p>\n\n\n\n<p>En contraste, la ausencia de di\u00e1logo, la descalificaci\u00f3n emocional o el estigma pueden profundizar el malestar del joven.<\/p>\n\n\n\n<figure class=\"wp-block-embed is-type-video is-provider-youtube wp-block-embed-youtube wp-embed-aspect-16-9 wp-has-aspect-ratio\"><div class=\"wp-block-embed__wrapper\">\n<iframe loading=\"lazy\" title=\"El acompa\u00f1amiento familiar disminuye el riesgo de depresi\u00f3n severa en adolescentes y j\u00f3venes\" width=\"500\" height=\"281\" src=\"https:\/\/www.youtube.com\/embed\/MyKDirMXKnI?feature=oembed\" frameborder=\"0\" allow=\"accelerometer; autoplay; clipboard-write; encrypted-media; gyroscope; picture-in-picture; web-share\" referrerpolicy=\"strict-origin-when-cross-origin\" allowfullscreen><\/iframe>\n<\/div><\/figure>\n\n\n\n<p><\/p>\n\n\n\n<p>El apoyo familiar tambi\u00e9n impacta directamente en la adherencia al tratamiento. Est\u00e1 demostrado que los adolescentes que se sienten acompa\u00f1ados duplican su constancia en procesos terap\u00e9uticos.<\/p>\n\n\n\n<blockquote class=\"wp-block-quote is-layout-flow wp-block-quote-is-layout-flow\">\n<p>\u201cLos adolescentes que tienen un apoyo familiar que empieza a coadyuvar como factor de protecci\u00f3n, sin duda van a tener mayor \u00e9xito en sostenerse a este tipo de problem\u00e1ticas\u201d, afirma Da Silva.&nbsp;<\/p>\n<\/blockquote>\n\n\n\n<p>Esto incluye desde asistir a sesiones familiares, hasta ayudar a mantener rutinas b\u00e1sicas de sue\u00f1o, alimentaci\u00f3n y estudio. Un aspecto clave es aprender a diferenciar entre estados emocionales pasajeros y cuadros cl\u00ednicos.&nbsp;<\/p>\n\n\n\n<blockquote class=\"wp-block-quote is-layout-flow wp-block-quote-is-layout-flow\">\n<p>\u201cEn general tenemos que saber diferenciar de un estado de \u00e1nimo transitorio, es decir, por ejemplo, la tristeza que solemos atravesar en general todos, de cuadros persistentes\u201d, explica el docente. Cuando los s\u00edntomas se mantienen por dos semanas o m\u00e1s, \u201csin duda tenemos que acudir de manera inmediata con un apoyo profesional en salud mental\u201d, subraya el acad\u00e9mico.<\/p>\n<\/blockquote>\n\n\n\n<p>La detecci\u00f3n temprana no solo mejora el pron\u00f3stico, sino que ampl\u00eda las posibilidades de intervenci\u00f3n integral. \u201cCuando nosotros detectamos un cuadro depresivo de manera oportuna, el alcance de intervenci\u00f3n va a ser mayor para poder trabajar tanto con el contexto familiar, con los contextos pr\u00f3ximos\u201d, indica Da Silva. <\/p>\n\n\n\n<p>Adem\u00e1s, este abordaje temprano puede reducir la necesidad de tratamientos psicofarmacol\u00f3gicos, un aspecto que suele generar temor o resistencia en muchas familias.<\/p>\n\n\n\n<p>En una etapa vital marcada por la presi\u00f3n acad\u00e9mica, la influencia de las redes sociales y la b\u00fasqueda de identidad, el acompa\u00f1amiento familiar funciona como un ancla emocional. Escuchar sin juzgar, validar lo que el joven siente y estar presente \u2014incluso en silencio\u2014 son acciones sencillas que pueden marcar la diferencia.&nbsp;<\/p>\n\n\n\n<p>La depresi\u00f3n juvenil no se enfrenta en soledad, porque cuando la familia se involucra, el proceso terap\u00e9utico se fortalece y la recuperaci\u00f3n se vuelve m\u00e1s posible y sostenida.<\/p>","protected":false},"excerpt":{"rendered":"<p>La familia cumple un rol decisivo en la prevenci\u00f3n de la depresi\u00f3n juvenil. Estudios indican que el apoyo familiar disminuye el aislamiento emocional, reduce conductas de riesgo y mejora el pron\u00f3stico terap\u00e9utico en adolescentes y j\u00f3venes con s\u00edntomas depresivos.<\/p>","protected":false},"author":51,"featured_media":712327,"comment_status":"open","ping_status":"open","sticky":false,"template":"","format":"standard","meta":{"_acf_changed":false,"footnotes":""},"categories":[60],"tags":[12006,1504,266,11555,53,1492,1422,11109,240,2944,6631,242],"class_list":["post-712326","post","type-post","status-publish","format-standard","has-post-thumbnail","hentry","category-blog","tag-acompanamiento-familiar","tag-adolescentes","tag-bolivia","tag-depresion-2","tag-educacion","tag-familia","tag-innovacion-en-educacion","tag-jovenes-2","tag-psicologia","tag-salud-mental","tag-trastornos","tag-unifranz"],"acf":[],"_links":{"self":[{"href":"https:\/\/unifranz.edu.bo\/pt\/wp-json\/wp\/v2\/posts\/712326","targetHints":{"allow":["GET"]}}],"collection":[{"href":"https:\/\/unifranz.edu.bo\/pt\/wp-json\/wp\/v2\/posts"}],"about":[{"href":"https:\/\/unifranz.edu.bo\/pt\/wp-json\/wp\/v2\/types\/post"}],"author":[{"embeddable":true,"href":"https:\/\/unifranz.edu.bo\/pt\/wp-json\/wp\/v2\/users\/51"}],"replies":[{"embeddable":true,"href":"https:\/\/unifranz.edu.bo\/pt\/wp-json\/wp\/v2\/comments?post=712326"}],"version-history":[{"count":2,"href":"https:\/\/unifranz.edu.bo\/pt\/wp-json\/wp\/v2\/posts\/712326\/revisions"}],"predecessor-version":[{"id":712331,"href":"https:\/\/unifranz.edu.bo\/pt\/wp-json\/wp\/v2\/posts\/712326\/revisions\/712331"}],"wp:featuredmedia":[{"embeddable":true,"href":"https:\/\/unifranz.edu.bo\/pt\/wp-json\/wp\/v2\/media\/712327"}],"wp:attachment":[{"href":"https:\/\/unifranz.edu.bo\/pt\/wp-json\/wp\/v2\/media?parent=712326"}],"wp:term":[{"taxonomy":"category","embeddable":true,"href":"https:\/\/unifranz.edu.bo\/pt\/wp-json\/wp\/v2\/categories?post=712326"},{"taxonomy":"post_tag","embeddable":true,"href":"https:\/\/unifranz.edu.bo\/pt\/wp-json\/wp\/v2\/tags?post=712326"}],"curies":[{"name":"wp","href":"https:\/\/api.w.org\/{rel}","templated":true}]}}