{"id":712323,"date":"2026-02-25T10:09:22","date_gmt":"2026-02-25T14:09:22","guid":{"rendered":"https:\/\/unifranz.edu.bo\/?p=712323"},"modified":"2026-02-25T10:10:06","modified_gmt":"2026-02-25T14:10:06","slug":"planificacion-a-la-inversa-mejora-la-experiencia-educativa-y-el-aprendizaje-por-competencias","status":"publish","type":"post","link":"https:\/\/unifranz.edu.bo\/pt\/blog\/planificacion-a-la-inversa-mejora-la-experiencia-educativa-y-el-aprendizaje-por-competencias\/","title":{"rendered":"Planificaci\u00f3n a la inversa mejora la experiencia educativa y el aprendizaje por competencias\u00a0"},"content":{"rendered":"<p>La planificaci\u00f3n a la inversa es una metodolog\u00eda capaz de transformar la manera en que se dise\u00f1an y viven los procesos de ense\u00f1anza y aprendizaje. A diferencia del enfoque tradicional, que comienza por los contenidos o el libro gu\u00eda, este modelo parte de una pregunta clave: \u00bfQu\u00e9 debe ser capaz de hacer el estudiante al finalizar el curso? Desde esa meta final, el docente retrocede para definir evaluaciones y, posteriormente, actividades alineadas.<\/p>\n\n\n\n<p>Mario Ariel Quispe, experto en pedagog\u00eda de la Jefatura de Ense\u00f1anza Aprendizaje (JEA) de la Universidad Franz Tamayo (Unifranz), sostiene que el potencial en las aulas de esta metodolog\u00eda radica en que favorece un aprendizaje m\u00e1s profundo, personalizado y significativo, al mismo tiempo que fomenta la autonom\u00eda y el autoaprendizaje. <\/p>\n\n\n\n<blockquote class=\"wp-block-quote is-layout-flow wp-block-quote-is-layout-flow\">\n<p>\u201cLa planificaci\u00f3n inversa se centra en entender y atender las necesidades de aprendizaje de los estudiantes antes de definir los contenidos y m\u00e9todos de ense\u00f1anza\u201d, explica el acad\u00e9mico.<\/p>\n<\/blockquote>\n\n\n\n<p>Este enfoque, tambi\u00e9n conocido como Backward Design, implica tres pasos fundamentales: identificar los resultados deseados (competencias y habilidades), determinar las evidencias aceptables (evaluaciones aut\u00e9nticas) y, finalmente, planificar las experiencias de aprendizaje. De esta manera, \u201cla evaluaci\u00f3n deja de ser el punto final para convertirse en el punto de partida del proceso educativo\u201d, aclara el experto.<\/p>\n\n\n\n<blockquote class=\"wp-block-quote is-layout-flow wp-block-quote-is-layout-flow\">\n<p>Adem\u00e1s, subraya que se trata de \u201cuna herramienta poderosa para la personalizaci\u00f3n de la ense\u00f1anza, que permite alinear los planes con los objetivos educativos a largo plazo de los estudiantes\u201d. En la pr\u00e1ctica, esto significa que cada lectura, proyecto o actividad responde directamente a una competencia profesional concreta, eliminando el \u201ccontenido de relleno\u201d y optimizando el tiempo en aula.<\/p>\n<\/blockquote>\n\n\n\n<p>En carreras como Ingenier\u00eda de Sistemas o STEM, por ejemplo, si el objetivo final es desarrollar prototipos sostenibles, la evaluaci\u00f3n puede consistir en una defensa t\u00e9cnica con criterios de viabilidad, mientras que las actividades previas incluyen laboratorios colaborativos y simulaciones.&nbsp;<\/p>\n\n\n\n<p>Por otro lado, carreras como Administraci\u00f3n de Empresas o Publicidad y Marketing, el objetivo puede centrarse en dise\u00f1ar estrategias \u00e9ticas de mercado, evaluadas mediante casos reales con indicadores medibles, apoyados en an\u00e1lisis de datos y din\u00e1micas de role-playing (simulaci\u00f3n o juego de roles).&nbsp;<\/p>\n\n\n\n<p>Los beneficios son claros. La planificaci\u00f3n inversa aporta transparencia. El estudiante conoce desde el primer d\u00eda qu\u00e9 se espera de \u00e9l y por qu\u00e9 realiza cada actividad, lo que reduce la ansiedad y aumenta la motivaci\u00f3n personal. Adem\u00e1s, fomenta el pensamiento cr\u00edtico por encima de la memorizaci\u00f3n superficial y mejora la retenci\u00f3n del aprendizaje entre un 20% y 30%, seg\u00fan experiencias universitarias en Europa y Latinoam\u00e9rica.<\/p>\n\n\n\n<p>El estudio de Hidalgo Viteri en educaci\u00f3n superior ecuatoriana demuestra que los modelos invertidos basados en planificaci\u00f3n a la inversa mejoran el aprendizaje, con un 40% m\u00e1s de engagement estudiantil gracias a clases h\u00edbridas y r\u00fabricas alineadas. Las experiencias en matem\u00e1ticas y marketing, por ejemplo, evidencian mayor aplicaci\u00f3n pr\u00e1ctica que prioriza la planificaci\u00f3n centrada en resultados.<\/p>\n\n\n\n<p>En aulas h\u00edbridas o con metodolog\u00edas como el aula invertida, este enfoque permite aprovechar mejor el tiempo presencial para debates, proyectos y resoluci\u00f3n de problemas complejos. Tambi\u00e9n se integra con estrategias como la gamificaci\u00f3n o el aprendizaje basado en proyectos (PBL), donde los retos progresivos mantienen el engagement sin perder de vista la competencia final.<\/p>\n\n\n\n<blockquote class=\"wp-block-quote is-layout-flow wp-block-quote-is-layout-flow\">\n<p>Quispe enfatiza que este enfoque \u201cno solo transforma la din\u00e1mica de la ense\u00f1anza, sino que tambi\u00e9n empodera a los docentes para adaptar sus estrategias a las necesidades espec\u00edficas de sus estudiantes\u201d. En ese sentido, el rol del docente cambia, porque deja de ser \u00fanicamente transmisor de informaci\u00f3n para convertirse en dise\u00f1ador de experiencias formativas.<\/p>\n<\/blockquote>\n\n\n\n<p>En la educaci\u00f3n superior, el riesgo no es solo cubrir el contenido, sino asegurar que el estudiante descubra y aplique el conocimiento en contextos reales. La planificaci\u00f3n a la inversa responde a este desaf\u00edo al alinear objetivos complejos con evaluaciones aut\u00e9nticas y actividades significativas. As\u00ed, la universidad no solo se convierte en transmisor de saberes, sino que forma profesionales capaces de comprender, aplicar y transformar su entorno con autonom\u00eda y sentido cr\u00edtico.<\/p>","protected":false},"excerpt":{"rendered":"<p>La planificaci\u00f3n a la inversa transforma la ense\u00f1anza al partir de lo que el estudiante debe lograr al final del curso. Este modelo fortalece el aprendizaje por competencias, reduce la memorizaci\u00f3n y mejora la motivaci\u00f3n, la autonom\u00eda y la aplicaci\u00f3n pr\u00e1ctica del conocimiento.<\/p>","protected":false},"author":51,"featured_media":712324,"comment_status":"open","ping_status":"open","sticky":false,"template":"","format":"standard","meta":{"_acf_changed":false,"footnotes":""},"categories":[60],"tags":[2746,11203,9516,12004,266,53,386,1422,3816,11925,12005,6442,11112,218,242],"class_list":["post-712323","post","type-post","status-publish","format-standard","has-post-thumbnail","hentry","category-blog","tag-aprendizaje","tag-aprendizaje-activo","tag-aprendizaje-basado-en-competencias","tag-backward-desing","tag-bolivia","tag-educacion","tag-estudiantes","tag-innovacion-en-educacion","tag-jea","tag-planificacion-2","tag-planificacion-a-la-inversa","tag-stem","tag-stem-2","tag-tecnologia","tag-unifranz"],"acf":[],"_links":{"self":[{"href":"https:\/\/unifranz.edu.bo\/pt\/wp-json\/wp\/v2\/posts\/712323","targetHints":{"allow":["GET"]}}],"collection":[{"href":"https:\/\/unifranz.edu.bo\/pt\/wp-json\/wp\/v2\/posts"}],"about":[{"href":"https:\/\/unifranz.edu.bo\/pt\/wp-json\/wp\/v2\/types\/post"}],"author":[{"embeddable":true,"href":"https:\/\/unifranz.edu.bo\/pt\/wp-json\/wp\/v2\/users\/51"}],"replies":[{"embeddable":true,"href":"https:\/\/unifranz.edu.bo\/pt\/wp-json\/wp\/v2\/comments?post=712323"}],"version-history":[{"count":1,"href":"https:\/\/unifranz.edu.bo\/pt\/wp-json\/wp\/v2\/posts\/712323\/revisions"}],"predecessor-version":[{"id":712325,"href":"https:\/\/unifranz.edu.bo\/pt\/wp-json\/wp\/v2\/posts\/712323\/revisions\/712325"}],"wp:featuredmedia":[{"embeddable":true,"href":"https:\/\/unifranz.edu.bo\/pt\/wp-json\/wp\/v2\/media\/712324"}],"wp:attachment":[{"href":"https:\/\/unifranz.edu.bo\/pt\/wp-json\/wp\/v2\/media?parent=712323"}],"wp:term":[{"taxonomy":"category","embeddable":true,"href":"https:\/\/unifranz.edu.bo\/pt\/wp-json\/wp\/v2\/categories?post=712323"},{"taxonomy":"post_tag","embeddable":true,"href":"https:\/\/unifranz.edu.bo\/pt\/wp-json\/wp\/v2\/tags?post=712323"}],"curies":[{"name":"wp","href":"https:\/\/api.w.org\/{rel}","templated":true}]}}