{"id":712293,"date":"2026-02-24T14:28:40","date_gmt":"2026-02-24T18:28:40","guid":{"rendered":"https:\/\/unifranz.edu.bo\/?p=712293"},"modified":"2026-02-24T14:32:18","modified_gmt":"2026-02-24T18:32:18","slug":"municipios-de-la-paz-fortalecen-su-gestion-turistica-con-capacitacion-y-planes-impulsados-por-unifranz","status":"publish","type":"post","link":"https:\/\/unifranz.edu.bo\/pt\/blog\/municipios-de-la-paz-fortalecen-su-gestion-turistica-con-capacitacion-y-planes-impulsados-por-unifranz\/","title":{"rendered":"Municipios de La Paz fortalecen su gesti\u00f3n tur\u00edstica con capacitaci\u00f3n y planes impulsados por Unifranz"},"content":{"rendered":"<p>Cinco municipios del departamento de La Paz dar\u00e1n un paso decisivo hacia una gesti\u00f3n tur\u00edstica m\u00e1s s\u00f3lida y estrat\u00e9gica con la presentaci\u00f3n de planes municipales dise\u00f1ados para potenciar el desarrollo local a partir del turismo. Los planes fueron desarrollados e impulsados durante el Curso Piloto de Capacitaci\u00f3n Virtual en Gesti\u00f3n Tur\u00edstica Municipal por el Centro de Investigaci\u00f3n e Innovaci\u00f3n en Turismo (CIINTUR) de la Universidad Franz Tamayo (Unifranz).&nbsp;<\/p>\n\n\n\n<p>Esta iniciativa marca un hito en la articulaci\u00f3n entre la academia y los municipios, al traducir la capacitaci\u00f3n t\u00e9cnica en herramientas concretas listas para su aplicaci\u00f3n en territorio.<\/p>\n\n\n\n<blockquote class=\"wp-block-quote is-layout-flow wp-block-quote-is-layout-flow\">\n<p>Seg\u00fan M\u00f3nica Pacheco, coordinadora del CIINTUR, el curso constituye \u201cuna intervenci\u00f3n estrat\u00e9gica para el desarrollo del sector tur\u00edstico en el departamento de La Paz, al fortalecer directamente las capacidades t\u00e9cnicas de los gobiernos municipales\u201d.&nbsp;<\/p>\n<\/blockquote>\n\n\n\n<p>La formaci\u00f3n estuvo dirigida a los actores que tienen la responsabilidad de planificar, ordenar y promover el turismo desde el territorio, en un contexto donde esta actividad representa una oportunidad clave para dinamizar las econom\u00edas locales.<\/p>\n\n\n\n<p>El programa surge a partir de un diagn\u00f3stico que evidenci\u00f3 brechas estructurales en la gesti\u00f3n tur\u00edstica municipal, como debilidades en la planificaci\u00f3n, limitada articulaci\u00f3n entre actores p\u00fablicos y privados, escaso uso de herramientas digitales y dificultades para estructurar proyectos con criterios financieros claros. Frente a este escenario, el curso fue dise\u00f1ado en seis m\u00f3dulos secuenciales, con un enfoque pr\u00e1ctico y aplicado.<\/p>\n\n\n\n<blockquote class=\"wp-block-quote is-layout-flow wp-block-quote-is-layout-flow\">\n<p>\u201cCada m\u00f3dulo genera productos concretos que alimentan progresivamente un Plan Municipal de Fortalecimiento de la Gesti\u00f3n Tur\u00edstica, asegurando que el aprendizaje se traduzca en herramientas reales de gesti\u00f3n, adaptadas a la realidad de cada municipio y listas para su implementaci\u00f3n\u201d, explic\u00f3 Pacheco. Este enfoque permiti\u00f3 que los participantes construyan documentos \u00fatiles, basados en informaci\u00f3n actualizada y en las particularidades de su territorio.<\/p>\n<\/blockquote>\n\n\n\n<p>El acto de cierre del Curso Piloto de Capacitaci\u00f3n Virtual en Gesti\u00f3n Tur\u00edstica Municipal se realizar\u00e1 este mi\u00e9rcoles 25 de febrero, a las 10:30, en instalaciones de la Unifranz, sede El Alto.\u00a0<\/p>\n\n\n\n<p>El evento contar\u00e1 con la participaci\u00f3n de alcaldes y directores de turismo de los municipios de Quime, Tiahuanacu, Caranavi, Teoponte y Jes\u00fas de Machaca, quienes expondr\u00e1n sus Planes de Fortalecimiento Municipal del Turismo.<\/p>\n\n\n\n<p>Durante el acto de cierre se prev\u00e9 la presentaci\u00f3n de resultados tangibles, entre ellos diagn\u00f3sticos actualizados del sistema tur\u00edstico municipal, estrategias de promoci\u00f3n con identidad territorial y uso de herramientas digitales, propuestas de fortalecimiento normativo, esquemas financieros b\u00e1sicos para proyectos tur\u00edsticos y planes orientados a mejorar la calidad del servicio y la experiencia del visitante.<\/p>\n\n\n\n<p>De acuerdo con la coordinadora del CIINTUR, estos planes \u201cno son documentos declarativos, sino instrumentos operativos, verificables y alineados con las capacidades reales de cada gobierno municipal\u201d, lo que permitir\u00e1 asumir compromisos concretos de implementaci\u00f3n, seguimiento y evaluaci\u00f3n de resultados en el corto y mediano plazo.<\/p>\n\n\n\n<p>El proceso tambi\u00e9n consolida un modelo de trabajo colaborativo entre la academia y el territorio. A trav\u00e9s del liderazgo del CIINTUR y el respaldo acad\u00e9mico de Unifranz, se integraron la investigaci\u00f3n aplicada y las necesidades reales de los municipios, sentando las bases para una red interinstitucional orientada a fortalecer el turismo sostenible en el departamento de La Paz.<\/p>\n\n\n\n<p>M\u00e1s all\u00e1 de la culminaci\u00f3n del curso, la presentaci\u00f3n de estos planes proyecta un nuevo escenario para la gesti\u00f3n tur\u00edstica municipal, con visi\u00f3n estrat\u00e9gica, enfoque t\u00e9cnico y una clara apuesta por el desarrollo econ\u00f3mico local a partir del aprovechamiento responsable del patrimonio natural y cultural de la regi\u00f3n.<\/p>","protected":false},"excerpt":{"rendered":"<p>Universidad Franz Tamayo impulsa la gesti\u00f3n tur\u00edstica municipal en cinco municipios de La Paz mediante capacitaci\u00f3n especializada y planes estrat\u00e9gicos. La iniciativa fortalece capacidades t\u00e9cnicas y promueve el desarrollo local a partir del turismo sostenible.<\/p>","protected":false},"author":51,"featured_media":712299,"comment_status":"open","ping_status":"open","sticky":false,"template":"","format":"standard","meta":{"_acf_changed":false,"footnotes":""},"categories":[60],"tags":[581,266,7620,1512,53,47,11995,1422,41,11994,218,88,242],"class_list":["post-712293","post","type-post","status-publish","format-standard","has-post-thumbnail","hentry","category-blog","tag-administracion-de-hoteleria-y-turismo","tag-bolivia","tag-capacitacion-continua","tag-ciintur","tag-educacion","tag-el-alto","tag-gestion-turistica","tag-innovacion-en-educacion","tag-la-paz","tag-municipios","tag-tecnologia","tag-turismo","tag-unifranz"],"acf":[],"_links":{"self":[{"href":"https:\/\/unifranz.edu.bo\/pt\/wp-json\/wp\/v2\/posts\/712293","targetHints":{"allow":["GET"]}}],"collection":[{"href":"https:\/\/unifranz.edu.bo\/pt\/wp-json\/wp\/v2\/posts"}],"about":[{"href":"https:\/\/unifranz.edu.bo\/pt\/wp-json\/wp\/v2\/types\/post"}],"author":[{"embeddable":true,"href":"https:\/\/unifranz.edu.bo\/pt\/wp-json\/wp\/v2\/users\/51"}],"replies":[{"embeddable":true,"href":"https:\/\/unifranz.edu.bo\/pt\/wp-json\/wp\/v2\/comments?post=712293"}],"version-history":[{"count":1,"href":"https:\/\/unifranz.edu.bo\/pt\/wp-json\/wp\/v2\/posts\/712293\/revisions"}],"predecessor-version":[{"id":712300,"href":"https:\/\/unifranz.edu.bo\/pt\/wp-json\/wp\/v2\/posts\/712293\/revisions\/712300"}],"wp:featuredmedia":[{"embeddable":true,"href":"https:\/\/unifranz.edu.bo\/pt\/wp-json\/wp\/v2\/media\/712299"}],"wp:attachment":[{"href":"https:\/\/unifranz.edu.bo\/pt\/wp-json\/wp\/v2\/media?parent=712293"}],"wp:term":[{"taxonomy":"category","embeddable":true,"href":"https:\/\/unifranz.edu.bo\/pt\/wp-json\/wp\/v2\/categories?post=712293"},{"taxonomy":"post_tag","embeddable":true,"href":"https:\/\/unifranz.edu.bo\/pt\/wp-json\/wp\/v2\/tags?post=712293"}],"curies":[{"name":"wp","href":"https:\/\/api.w.org\/{rel}","templated":true}]}}