{"id":712278,"date":"2026-02-23T18:33:16","date_gmt":"2026-02-23T22:33:16","guid":{"rendered":"https:\/\/unifranz.edu.bo\/?p=712278"},"modified":"2026-02-23T18:33:49","modified_gmt":"2026-02-23T22:33:49","slug":"cuarta-version-del-reconocimiento-franz-tamayo-premiara-rigor-etica-e-impacto-social-en-la-investigacion-periodistica","status":"publish","type":"post","link":"https:\/\/unifranz.edu.bo\/pt\/blog\/cuarta-version-del-reconocimiento-franz-tamayo-premiara-rigor-etica-e-impacto-social-en-la-investigacion-periodistica\/","title":{"rendered":"Cuarta versi\u00f3n del Reconocimiento \u201cFranz Tamayo\u201d premiar\u00e1 rigor, \u00e9tica e impacto social en la investigaci\u00f3n period\u00edstica"},"content":{"rendered":"<p>Con el objetivo de promover la excelencia, la \u00e9tica y el rigor metodol\u00f3gico en el ejercicio del periodismo investigativo en Bolivia, la Universidad Franz Tamayo (Unifranz) sede La Paz hizo el lanzamiento oficial de la cuarta versi\u00f3n del Reconocimiento al Periodismo de Investigaci\u00f3n \u201cFranz Tamayo\u201d, en el que podr\u00e1n participar periodistas y estudiantes del pa\u00eds en nueve categor\u00edas.<\/p>\n\n\n\n<p>El reconocimiento cuenta con el respaldo de la <strong>Sociedad Interamericana de Prensa (SIP), el Congreso Hispanoamericano de la Prensa (CHP) y la Asociaci\u00f3n Nacional de la Prensa de Bolivia (ANP)<\/strong>.\u00a0 El proceso de evaluaci\u00f3n se realizar\u00e1 mediante un sistema de revisi\u00f3n por pares doble ciego, lo que garantizar\u00e1 la transparencia y objetividad en la selecci\u00f3n de los trabajos ganadores.<\/p>\n\n\n\n<blockquote class=\"wp-block-quote is-layout-flow wp-block-quote-is-layout-flow\">\n<p>\u201cPara nosotros, impulsar este reconocimiento no solamente avala el trabajo de cada uno de los periodistas a nivel nacional, sino tambi\u00e9n que reconoce ese esfuerzo. Cada participante podr\u00e1 estar seguro que su trabajo ser\u00e1 analizado y verificado por integrantes del comit\u00e9 internacional, que representa a varios pa\u00edses, por ejemplo, Espa\u00f1a, Estados Unidos, Rep\u00fablica Dominicana, Chile, Colombia, entre otros\u201d, afirm\u00f3 Jannette Jacobs, directora de la carrera de Periodismo de Unifranz La Paz.<\/p>\n<\/blockquote>\n\n\n\n<p>La convocatoria est\u00e1 dirigida a periodistas independientes o en representaci\u00f3n de medios de comunicaci\u00f3n que hayan publicado y difundido las investigaciones <strong>entre el 1 de enero de 2025 y el primer trimestre 2026<\/strong>. Pueden postular periodistas bolivianos dentro y fuera del pa\u00eds, as\u00ed como periodistas extranjeros con residencia y actividad profesional en territorio nacional.<\/p>\n\n\n\n<p>\u201cQueremos invitar a todos aquellos periodistas a nivel nacional para que puedan presentar los trabajos de investigaci\u00f3n que han desarrollado desde el a\u00f1o pasado hasta el primer trimestre de esta gesti\u00f3n, para que puedan ser evaluados y reconocidos\u201d, a\u00f1adi\u00f3 Jacobs.<\/p>\n\n\n\n<figure class=\"wp-block-embed is-type-video is-provider-youtube wp-block-embed-youtube wp-embed-aspect-16-9 wp-has-aspect-ratio\"><div class=\"wp-block-embed__wrapper\">\n<iframe loading=\"lazy\" title=\"Reconocimiento al Periodismo de Investigaci\u00f3n \u201cFranz Tamayo\u201d #UnifranzLaPaz #universidadinnovadora\" width=\"500\" height=\"281\" src=\"https:\/\/www.youtube.com\/embed\/K_9cPeHVUMU?feature=oembed\" frameborder=\"0\" allow=\"accelerometer; autoplay; clipboard-write; encrypted-media; gyroscope; picture-in-picture; web-share\" referrerpolicy=\"strict-origin-when-cross-origin\" allowfullscreen><\/iframe>\n<\/div><\/figure>\n\n\n\n<p>En esta cuarta versi\u00f3n, los trabajos deber\u00e1n abordar ejes tem\u00e1ticos de alta relevancia social como: <strong>salud, medioambiente, econom\u00eda, derechos humanos, perspectiva de g\u00e9nero, problem\u00e1tica social, policiales y judiciales, y corrupci\u00f3n p\u00fablica.<\/strong><\/p>\n\n\n\n<p>Entre los criterios de evaluaci\u00f3n se encuentran el tratamiento period\u00edstico de los hechos, la calidad narrativa, el uso de metodolog\u00edas de investigaci\u00f3n, la relevancia social del tema abordado, el impacto en la opini\u00f3n p\u00fablica y la \u00e9tica en el manejo de la informaci\u00f3n y las fuentes.<\/p>\n\n\n\n<p>Las categor\u00edas contempladas incluyen <strong>prensa escrita, radio, televisi\u00f3n, medios digitales, agencias de noticias, revistas de investigaci\u00f3n, fotoperiodismo, independientes y Pulitfranz Junior.<\/strong> Esta \u00faltima est\u00e1 dirigida a estudiantes de Comunicaci\u00f3n y Periodismo a nivel nacional.<\/p>\n\n\n\n<p>La decana acad\u00e9mica de Unifranz sede La Paz, Eva Foronda, se\u00f1al\u00f3: Este reconocimiento\u00a0 nace con el prop\u00f3sito de premiar a los periodistas que investigan, pero, adem\u00e1s, <strong>a quienes lo hacen bajo el marco de nuestro modelo de Aprender Haciendo<\/strong>, que tiene el prop\u00f3sito de formar periodistas \u00e9ticos, que transformen sus realidades (\u2026) Para nosotros es un gusto lanzar esta cuarta versi\u00f3n porque con esto seguimos promoviendo el periodismo de investigaci\u00f3n desde distintas \u00e1reas y distintos ejes tem\u00e1ticos\u201d.<\/p>\n\n\n\n<p>Para postular, los participantes deber\u00e1n completar el formulario oficial, adjuntar un resumen ejecutivo de hasta 2.000 palabras que detalle el enfoque metodol\u00f3gico de la investigaci\u00f3n.&nbsp; La documentaci\u00f3n, adem\u00e1s&nbsp; del enlace (link) del producto period\u00edstico a postular, debe ser enviada hasta el 19 de abril al correo institucional habilitado para este proceso.<\/p>\n\n\n\n<p>El resumen deber\u00e1 incluir el t\u00edtulo del trabajo, el medio de publicaci\u00f3n, una breve hoja de vida del autor o autores, las principales revelaciones de la investigaci\u00f3n, la descripci\u00f3n metodol\u00f3gica, la problem\u00e1tica que motiv\u00f3 la investigaci\u00f3n y el impacto social generado tras su difusi\u00f3n.<\/p>\n\n\n\n<p>Una vez concluido el plazo de postulaci\u00f3n, el Comit\u00e9 Revisor Internacional proceder\u00e1 con la evaluaci\u00f3n de los trabajos y se dar\u00e1n a conocer los resultados el d\u00eda de la premiaci\u00f3n.<\/p>\n\n\n\n<p>Para Zulema Alanes, presidenta de la Asociaci\u00f3n Nacional de Periodistas de Bolivia (ANPB), este Reconocimiento al Periodismo de Investigaci\u00f3n representa \u201cla posibilidad de revalorizar el trabajo period\u00edstico en Bolivia\u201d.<\/p>\n\n\n\n<blockquote class=\"wp-block-quote is-layout-flow wp-block-quote-is-layout-flow\">\n<p>\u201cEl Reconocimiento al Periodismo de Investigaci\u00f3n \u2018Franz Tamayo\u2019, cuya cuarta versi\u00f3n ha sido lanzada, tiene una trascendencia importante porque pone al periodismo boliviano en la ventanilla y en la evaluaci\u00f3n internacional. El jurado est\u00e1 constituido por representantes de organismos internacionales, cuya nominaci\u00f3n incluso es reconocida por las organizaciones que acompa\u00f1amos este esfuerzo que realiza Unifranz\u201d, acot\u00f3 Alanes.<\/p>\n<\/blockquote>\n\n\n\n<p>La tercera edici\u00f3n del Reconocimiento Franz Tamayo al Periodismo de Investigaci\u00f3n, celebrada el a\u00f1o pasado, cont\u00f3 con trabajos de destacados profesionales. En medios digitales, el primer lugar fue para Daniel Rivera Matirayo, con la investigaci\u00f3n \u201cBolivia, el pa\u00eds de la tierra envenenada\u201d, publicada en Acceso y Conectas. En fotoperiodismo, V\u00edctor Guti\u00e9rrez Guzm\u00e1n y Wilma Perez Soliz fueron premiados por \u201cEl lodo acall\u00f3 y enterr\u00f3 el rugido del auto de carrera\u201d, publicada en La Prensa.<\/p>\n\n\n\n<figure class=\"wp-block-image size-large\"><img loading=\"lazy\" decoding=\"async\" width=\"1024\" height=\"574\" src=\"https:\/\/unifranz.edu.bo\/wp-content\/uploads\/2026\/02\/MG_0200-1-1024x574.jpg\" alt=\"\" class=\"wp-image-712280\" srcset=\"https:\/\/unifranz.edu.bo\/wp-content\/uploads\/2026\/02\/MG_0200-1-1024x574.jpg 1024w, https:\/\/unifranz.edu.bo\/wp-content\/uploads\/2026\/02\/MG_0200-1-300x168.jpg 300w, https:\/\/unifranz.edu.bo\/wp-content\/uploads\/2026\/02\/MG_0200-1-768x431.jpg 768w, https:\/\/unifranz.edu.bo\/wp-content\/uploads\/2026\/02\/MG_0200-1-1536x862.jpg 1536w, https:\/\/unifranz.edu.bo\/wp-content\/uploads\/2026\/02\/MG_0200-1-2048x1149.jpg 2048w, https:\/\/unifranz.edu.bo\/wp-content\/uploads\/2026\/02\/MG_0200-1-18x10.jpg 18w\" sizes=\"auto, (max-width: 1024px) 100vw, 1024px\" \/><\/figure>\n\n\n\n<p>La categor\u00eda independientes fue encabezada por Roberto Navia, Hilen Segovia y Clovis de la Jaille, con el reportaje \u201cGuardianes del oro verde\u201d, difundido en la Revista N\u00f3madas. En prensa escrita, Adriana Guti\u00e9rrez Ampuero obtuvo el primer lugar con \u201cLa \u00faltima frontera de los pueblos en aislamiento voluntario en Bolivia\u201d, publicado por El Deber. En televisi\u00f3n, Helga Velasco y Diego Villca fueron reconocidos por \u201cCifras y vivencias: mujeres y pol\u00edtica en Bolivia\u201d, emitido por Cadena A.<\/p>\n\n\n\n<p>En el rubro Pulitfranz Junior, reservado para j\u00f3venes estudiantes, el galard\u00f3n fue para Dorian Lara Orellana, con \u201cTras los muros de Chonchocoro\u201d, de Televisi\u00f3n Universitaria, Canal 13. En radio, Omar Escobar Mamani se destac\u00f3 con \u201cLos delirios de grandeza del exgeneral Juan Jos\u00e9 Z\u00fa\u00f1iga\u201d, difundido por Erbol. En agencias de noticias, la menci\u00f3n fue para Gabriel Romano y Luis Carlos Gandarillas, por su reportaje sobre una mujer ind\u00edgena encarcelada tras denunciar acoso, publicado por la Agencia EFE.<\/p>\n\n\n\n<blockquote class=\"wp-block-quote is-layout-flow wp-block-quote-is-layout-flow\">\n<p>\u201cExisten mujeres y hombres periodistas que alzan su voz por la paz, la justicia, la democracia y la libertad humana. Este reconocimiento nace para honrar a esos periodistas y a los estudiantes de periodismo que investigan con rigor, que no claudican ante la presi\u00f3n y que defienden su periodismo \u00e9tico, valiente y comprometido con la verdad\u201d, afirm\u00f3 Amin Cruz, presidente del Congreso Hispanoamericano de Prensa, quien particip\u00f3 del lanzamiento por v\u00eda Zoom.<\/p>\n<\/blockquote>\n\n\n\n<p>Con esta cuarta versi\u00f3n del Reconocimiento al Periodismo de Investigaci\u00f3n \u201cFranz Tamayo\u201d, Unifranz reafirma su compromiso con la formaci\u00f3n de profesionales \u00e9ticos y con el fortalecimiento de un periodismo investigativo que contribuya al desarrollo democr\u00e1tico y al ejercicio pleno de los derechos humanos en Bolivia.<\/p>\n\n\n\n<p><\/p>","protected":false},"excerpt":{"rendered":"<p>Con la participaci\u00f3n de un Comit\u00e9 Revisor Internacional, la iniciativa reafirma el compromiso con un periodismo independiente, \u00e9tico y de alto impacto.<\/p>","protected":false},"author":56,"featured_media":712279,"comment_status":"open","ping_status":"open","sticky":false,"template":"","format":"standard","meta":{"_acf_changed":false,"footnotes":""},"categories":[60],"tags":[11989,11951,11992,11990,11991,242,11910],"class_list":["post-712278","post","type-post","status-publish","format-standard","has-post-thumbnail","hentry","category-blog","tag-franztamayo","tag-innovacioneneducacion-2","tag-lapaz","tag-periodismodeinvestigacion","tag-sociedadinteramericanadeprensa","tag-unifranz","tag-unifranzlapaz"],"acf":[],"_links":{"self":[{"href":"https:\/\/unifranz.edu.bo\/pt\/wp-json\/wp\/v2\/posts\/712278","targetHints":{"allow":["GET"]}}],"collection":[{"href":"https:\/\/unifranz.edu.bo\/pt\/wp-json\/wp\/v2\/posts"}],"about":[{"href":"https:\/\/unifranz.edu.bo\/pt\/wp-json\/wp\/v2\/types\/post"}],"author":[{"embeddable":true,"href":"https:\/\/unifranz.edu.bo\/pt\/wp-json\/wp\/v2\/users\/56"}],"replies":[{"embeddable":true,"href":"https:\/\/unifranz.edu.bo\/pt\/wp-json\/wp\/v2\/comments?post=712278"}],"version-history":[{"count":1,"href":"https:\/\/unifranz.edu.bo\/pt\/wp-json\/wp\/v2\/posts\/712278\/revisions"}],"predecessor-version":[{"id":712282,"href":"https:\/\/unifranz.edu.bo\/pt\/wp-json\/wp\/v2\/posts\/712278\/revisions\/712282"}],"wp:featuredmedia":[{"embeddable":true,"href":"https:\/\/unifranz.edu.bo\/pt\/wp-json\/wp\/v2\/media\/712279"}],"wp:attachment":[{"href":"https:\/\/unifranz.edu.bo\/pt\/wp-json\/wp\/v2\/media?parent=712278"}],"wp:term":[{"taxonomy":"category","embeddable":true,"href":"https:\/\/unifranz.edu.bo\/pt\/wp-json\/wp\/v2\/categories?post=712278"},{"taxonomy":"post_tag","embeddable":true,"href":"https:\/\/unifranz.edu.bo\/pt\/wp-json\/wp\/v2\/tags?post=712278"}],"curies":[{"name":"wp","href":"https:\/\/api.w.org\/{rel}","templated":true}]}}