{"id":712274,"date":"2026-02-23T17:57:03","date_gmt":"2026-02-23T21:57:03","guid":{"rendered":"https:\/\/unifranz.edu.bo\/?p=712274"},"modified":"2026-02-23T17:57:23","modified_gmt":"2026-02-23T21:57:23","slug":"tecnologia-en-la-sala-de-clases-cuando-el-docente-deja-de-ser-solo-transmisor-de-contenidos","status":"publish","type":"post","link":"https:\/\/unifranz.edu.bo\/pt\/blog\/tecnologia-en-la-sala-de-clases-cuando-el-docente-deja-de-ser-solo-transmisor-de-contenidos\/","title":{"rendered":"Tecnolog\u00eda en la sala de clases: cuando el docente deja de ser solo transmisor de contenidos"},"content":{"rendered":"<p>La tecnolog\u00eda ha dejado de ser un recurso accesorio en la educaci\u00f3n para convertirse en un eje que redefine la manera de ense\u00f1ar y aprender. En las aulas contempor\u00e1neas, el docente ya no ocupa \u00fanicamente el rol de transmisor de contenidos, sino que asume una funci\u00f3n m\u00e1s compleja: mediador del conocimiento, facilitador de experiencias y gu\u00eda en un entorno marcado por la innovaci\u00f3n digital y metodolog\u00edas activas.<\/p>\n\n\n\n<blockquote class=\"wp-block-quote is-layout-flow wp-block-quote-is-layout-flow\">\n<p>La incorporaci\u00f3n de herramientas tecnol\u00f3gicas y nuevos enfoques pedag\u00f3gicos ha transformado la din\u00e1mica en la sala de clases. \u201cEstos espacios son muy importantes porque damos a conocer diversas estrategias de retos, gamificaci\u00f3n y juego de roles, para que los estudiantes aprendan en un entorno m\u00e1s colaborativo, amigable y activo\u201d, explica Javier Pari, docente de la carrera de Ingenier\u00eda Comercial de la Universidad Franz Tamayo (Unifranz).<\/p>\n<\/blockquote>\n\n\n\n<p>El tr\u00e1nsito de un modelo tradicional a uno centrado en el estudiante implica repensar la ense\u00f1anza desde la interacci\u00f3n y la construcci\u00f3n colectiva del saber. En este contexto, la tecnolog\u00eda no reemplaza al docente, sino que ampl\u00eda sus posibilidades. Plataformas virtuales, aplicaciones educativas, pizarras digitales e incluso inteligencia artificial permiten personalizar el aprendizaje y atender distintos ritmos y estilos, mientras el profesor orienta, acompa\u00f1a y estimula el pensamiento cr\u00edtico.<\/p>\n\n\n\n<p>La incorporaci\u00f3n de la inteligencia artificial en el \u00e1mbito educativo es uno de los elementos que m\u00e1s impacto est\u00e1 generando. Seg\u00fan Pari, su aplicaci\u00f3n permite optimizar procesos como la planificaci\u00f3n de clases, la elaboraci\u00f3n de r\u00fabricas o la creaci\u00f3n de materiales did\u00e1cticos, liberando tiempo para que el docente se concentre en el acompa\u00f1amiento pedag\u00f3gico. Este enfoque refuerza la idea de que la tecnolog\u00eda debe integrarse de forma cr\u00edtica y \u00e9tica, como una aliada del aprendizaje significativo.<\/p>\n\n\n\n<blockquote class=\"wp-block-quote is-layout-flow wp-block-quote-is-layout-flow\">\n<p>Desde la gesti\u00f3n acad\u00e9mica, Unifranz identifica esta transformaci\u00f3n como parte de una tendencia global conocida como EdTech, que lleva el proceso educativo m\u00e1s all\u00e1 del aula f\u00edsica. Para Jorge Luis Reyes Corti\u00f1a, de la Jefatura de Ense\u00f1anza Aprendizaje (JEA) de Unifranz, esta corriente representa \u201cuno de esos vertiginosos cambios que est\u00e1 moviendo la educaci\u00f3n y que est\u00e1 permitiendo enriquecer el proceso de aprendizaje, llev\u00e1ndolo m\u00e1s all\u00e1 del aula\u201d. En su criterio, la tecnolog\u00eda facilita la conexi\u00f3n entre educaci\u00f3n, investigaci\u00f3n y pr\u00e1ctica profesional.<\/p>\n<\/blockquote>\n\n\n\n<p>Las metodolog\u00edas activas como el aula invertida, el aprendizaje basado en problemas y la gamificaci\u00f3n encuentran en la tecnolog\u00eda un soporte clave. Estas estrategias fomentan la participaci\u00f3n, la autonom\u00eda y el trabajo colaborativo, desplazando la l\u00f3gica de la memorizaci\u00f3n hacia la comprensi\u00f3n y aplicaci\u00f3n del conocimiento. En este escenario, el aula se convierte en un laboratorio de ideas donde se dialoga, se experimenta y se crea.<\/p>\n\n\n\n<p>Un ejemplo concreto de esta evoluci\u00f3n son los TechLabs y las Aulas Din\u00e1micas de Unifranz, espacios dise\u00f1ados para el aprendizaje basado en la pr\u00e1ctica. All\u00ed, los estudiantes desarrollan proyectos con impacto social utilizando inteligencia artificial, internet de las cosas y automatizaci\u00f3n.&nbsp;<\/p>\n\n\n\n<p>\u201cNuestro modelo educativo impulsa la transformaci\u00f3n y la mejora continua. Buscamos formar profesionales capaces de innovar y generar impacto en su entorno\u201d, se\u00f1ala Gustavo Monta\u00f1o, vicerrector acad\u00e9mico nacional de Unifranz.<\/p>\n\n\n\n<p>La infraestructura tambi\u00e9n juega un rol clave. Las aulas inteligentes o Smart Classroom integran dom\u00f3tica, sensores y asistentes virtuales para optimizar el tiempo y mejorar la experiencia educativa. Sin embargo, las autoridades acad\u00e9micas coinciden en que la verdadera innovaci\u00f3n no est\u00e1 solo en la tecnolog\u00eda, sino en la pedagog\u00eda que la sustenta.&nbsp;<\/p>\n\n\n\n<blockquote class=\"wp-block-quote is-layout-flow wp-block-quote-is-layout-flow\">\n<p>\u201cEl aula ya no es un espacio est\u00e1tico. Es un laboratorio de ideas donde los estudiantes pueden moverse, crear y transformar el conocimiento\u201d, afirma Ver\u00f3nica \u00c1greda de Pazos, rectora nacional de Unifranz.<\/p>\n<\/blockquote>\n\n\n\n<p>Este nuevo paradigma redefine la relaci\u00f3n pedag\u00f3gica. El docente deja de ser el centro exclusivo del proceso y se convierte en un gu\u00eda que estimula la reflexi\u00f3n, la creatividad y la investigaci\u00f3n. El estudiante, por su parte, asume un rol activo, construyendo conocimiento en interacci\u00f3n con sus pares y con el entorno digital.<\/p>\n\n\n\n<p>Si bien la transformaci\u00f3n presenta desaf\u00edos \u2014como la brecha digital o el uso responsable de la tecnolog\u00eda\u2014, tambi\u00e9n abre oportunidades para democratizar el acceso al conocimiento y preparar a los estudiantes para un mundo laboral cambiante. La experiencia de Unifranz demuestra que, cuando la tecnolog\u00eda se integra con una visi\u00f3n humanista, el aula se convierte en un espacio donde aprender deja de ser un acto pasivo y se transforma en una experiencia viva y significativa.<\/p>","protected":false},"excerpt":{"rendered":"<p>Metodolog\u00edas activas y tecnolog\u00eda educativa reinventan la sala de clases en la era digital.<\/p>","protected":false},"author":49,"featured_media":712277,"comment_status":"open","ping_status":"open","sticky":false,"template":"","format":"standard","meta":{"_acf_changed":false,"footnotes":""},"categories":[60],"tags":[1962,11569,902,53,1422,11986,10606,11987,11988,242],"class_list":["post-712274","post","type-post","status-publish","format-standard","has-post-thumbnail","hentry","category-blog","tag-aulas-dinamicas","tag-calidad-academica-2","tag-centro-de-simulacion","tag-educacion","tag-innovacion-en-educacion","tag-interaccion","tag-metodologias-activas","tag-plataformas-virtuales","tag-techlabs","tag-unifranz"],"acf":[],"_links":{"self":[{"href":"https:\/\/unifranz.edu.bo\/pt\/wp-json\/wp\/v2\/posts\/712274","targetHints":{"allow":["GET"]}}],"collection":[{"href":"https:\/\/unifranz.edu.bo\/pt\/wp-json\/wp\/v2\/posts"}],"about":[{"href":"https:\/\/unifranz.edu.bo\/pt\/wp-json\/wp\/v2\/types\/post"}],"author":[{"embeddable":true,"href":"https:\/\/unifranz.edu.bo\/pt\/wp-json\/wp\/v2\/users\/49"}],"replies":[{"embeddable":true,"href":"https:\/\/unifranz.edu.bo\/pt\/wp-json\/wp\/v2\/comments?post=712274"}],"version-history":[{"count":1,"href":"https:\/\/unifranz.edu.bo\/pt\/wp-json\/wp\/v2\/posts\/712274\/revisions"}],"predecessor-version":[{"id":712275,"href":"https:\/\/unifranz.edu.bo\/pt\/wp-json\/wp\/v2\/posts\/712274\/revisions\/712275"}],"wp:featuredmedia":[{"embeddable":true,"href":"https:\/\/unifranz.edu.bo\/pt\/wp-json\/wp\/v2\/media\/712277"}],"wp:attachment":[{"href":"https:\/\/unifranz.edu.bo\/pt\/wp-json\/wp\/v2\/media?parent=712274"}],"wp:term":[{"taxonomy":"category","embeddable":true,"href":"https:\/\/unifranz.edu.bo\/pt\/wp-json\/wp\/v2\/categories?post=712274"},{"taxonomy":"post_tag","embeddable":true,"href":"https:\/\/unifranz.edu.bo\/pt\/wp-json\/wp\/v2\/tags?post=712274"}],"curies":[{"name":"wp","href":"https:\/\/api.w.org\/{rel}","templated":true}]}}