{"id":712271,"date":"2026-02-23T17:53:31","date_gmt":"2026-02-23T21:53:31","guid":{"rendered":"https:\/\/unifranz.edu.bo\/?p=712271"},"modified":"2026-02-23T17:54:06","modified_gmt":"2026-02-23T21:54:06","slug":"la-verdad-bajo-presion-en-la-era-de-los-algoritmos","status":"publish","type":"post","link":"https:\/\/unifranz.edu.bo\/pt\/blog\/la-verdad-bajo-presion-en-la-era-de-los-algoritmos\/","title":{"rendered":"La verdad bajo presi\u00f3n en la era de los algoritmos"},"content":{"rendered":"<p>En tiempos donde la informaci\u00f3n circula a la velocidad de un clic y la viralidad parece imponerse al rigor, el periodismo enfrenta uno de los mayores desaf\u00edos de su historia reciente: investigar bajo la presi\u00f3n de algoritmos que priorizan la interacci\u00f3n por encima de la veracidad. En un ecosistema dominado por redes sociales, automatizaci\u00f3n y sobreabundancia de contenidos, la verdad se convierte en un territorio en disputa.<\/p>\n\n\n\n<blockquote class=\"wp-block-quote is-layout-flow wp-block-quote-is-layout-flow\">\n<p>\u201cLa transformaci\u00f3n digital no puede leerse en blanco y negro. Esa transformaci\u00f3n es positiva y negativa. No hay forma de catalogarla en uno u otro lado. Todo depende del uso que se haga de eso. Las redes sociales han abierto nuevas posibilidades de amplificaci\u00f3n y alcance, pero tambi\u00e9n han introducido din\u00e1micas que pueden distorsionar la esencia del oficio\u201d, explica Gabriel Romano, presidente de la Asociaci\u00f3n de Corresponsales de la Prensa Internacional y docente de la carrera de Periodismo de la Universidad Franz Tamayo (Unifranz).<\/p>\n<\/blockquote>\n\n\n\n<p>Romano advierte que el riesgo aparece cuando el periodismo intenta mimetizarse con la l\u00f3gica de la viralidad.&nbsp;<\/p>\n\n\n\n<blockquote class=\"wp-block-quote is-layout-flow wp-block-quote-is-layout-flow\">\n<p>\u201cEl periodismo es verificaci\u00f3n, rigor y \u00e9tica\u201d, subraya, marcando distancia frente a la tentaci\u00f3n de sacrificar principios por \u201clikes\u201d o mayor visibilidad. A su juicio, el desaf\u00edo no es competir con el algoritmo, sino reafirmar la estructura metodol\u00f3gica que hist\u00f3ricamente ha sostenido la credibilidad informativa.<\/p>\n<\/blockquote>\n\n\n\n<p>En ese contexto de tensiones entre inmediatez y profundidad, este lunes 23, la carrera de Periodismo de Unifranz realiz\u00f3 el lanzamiento de la cuarta versi\u00f3n del Reconocimiento al Periodismo de Investigaci\u00f3n \u201cFranz Tamayo\u201d, una iniciativa institucional que nace con el prop\u00f3sito de destacar y valorar la labor del periodismo investigativo en el pa\u00eds.&nbsp;<\/p>\n\n\n\n<p>Esta importante distinci\u00f3n cuenta con el respaldo de la Sociedad Interamericana de la Prensa (SIP) y el Congreso Hispanoamericano de la Prensa, instituciones que conforman un jurado internacional, garantizando transparencia y credibilidad en el proceso de evaluaci\u00f3n.&nbsp;<\/p>\n\n\n\n<p>La convocatoria invita a periodistas y estudiantes a enviar sus trabajos hasta el 15 de abril a la p\u00e1gina <a href=\"https:\/\/eventos.unifranz.edu.bo\/lpz\/reconocimiento-al-periodismo\">https:\/\/eventos.unifranz.edu.bo\/lpz\/reconocimiento-al-periodismo<\/a>.<\/p>\n\n\n\n<figure class=\"wp-block-embed is-type-video is-provider-youtube wp-block-embed-youtube wp-embed-aspect-16-9 wp-has-aspect-ratio\"><div class=\"wp-block-embed__wrapper\">\n<iframe loading=\"lazy\" title=\"La verdad bajo presi\u00f3n en la era de los algoritmos\" width=\"500\" height=\"281\" src=\"https:\/\/www.youtube.com\/embed\/pFM4Xkyy_pU?feature=oembed\" frameborder=\"0\" allow=\"accelerometer; autoplay; clipboard-write; encrypted-media; gyroscope; picture-in-picture; web-share\" referrerpolicy=\"strict-origin-when-cross-origin\" allowfullscreen><\/iframe>\n<\/div><\/figure>\n\n\n\n<p><strong>La esencia no cambia<\/strong><\/p>\n\n\n\n<p>Romano insiste en que, m\u00e1s all\u00e1 de las herramientas digitales, la esencia investigativa no cambia. \u201cTodo buen periodismo es investigativo\u201d, sostiene, relativizando la idea de que las metodolog\u00edas dependan exclusivamente de la tecnolog\u00eda. Las redes sociales pueden ser aliadas, pero la verificaci\u00f3n profunda y el contraste de fuentes siguen siendo pilares irrenunciables.<\/p>\n\n\n\n<blockquote class=\"wp-block-quote is-layout-flow wp-block-quote-is-layout-flow\">\n<p>La irrupci\u00f3n de la inteligencia artificial a\u00f1ade otra capa de complejidad. Para Romano, su incorporaci\u00f3n debe ser cuidadosa: \u201cLa inteligencia artificial no tiene que ser bajo ning\u00fan punto de vista un sustituto del periodista\u201d.&nbsp;<\/p>\n<\/blockquote>\n\n\n\n<p>En su criterio, el profesional es quien \u201cgasta sus zapatos\u201d y mantiene contacto directo con la realidad, algo que ning\u00fan sistema automatizado puede reemplazar. Delegar funciones esenciales a la IA \u2014advierte\u2014 podr\u00eda debilitar el compromiso con la verdad.<\/p>\n\n\n\n<blockquote class=\"wp-block-quote is-layout-flow wp-block-quote-is-layout-flow\">\n<p>El equilibrio entre velocidad y rigor es, quiz\u00e1, el mayor reto contempor\u00e1neo. \u201cEl equilibrio tiene que estar en diferenciar qu\u00e9 es cada cosa\u201d, explica Romano, recordando que incluso en entornos digitales la edici\u00f3n y la elaboraci\u00f3n demandan tiempo. La madurez de las audiencias, agrega, tambi\u00e9n juega un papel clave: quienes difunden informaci\u00f3n falsa enfrentan sanci\u00f3n social y p\u00e9rdida de credibilidad.<\/p>\n<\/blockquote>\n\n\n\n<p>Investigar en tiempos de algoritmos implica resistir la presi\u00f3n de publicar primero y confirmar despu\u00e9s. Significa reafirmar que la \u00e9tica no es negociable y que la confianza p\u00fablica se construye con disciplina metodol\u00f3gica. En un escenario donde la desinformaci\u00f3n se propaga con facilidad, iniciativas como el Reconocimiento al Periodismo de Investigaci\u00f3n \u201cFranz Tamayo\u201d refuerzan la necesidad de apostar por trabajos s\u00f3lidos, transparentes y socialmente responsables.<\/p>\n\n\n\n<p>La verdad, bajo presi\u00f3n, no desaparece; exige mayor compromiso. El periodismo, lejos de diluirse en la l\u00f3gica digital, est\u00e1 llamado a demostrar que su fortaleza radica precisamente en aquello que lo diferencia: la b\u00fasqueda paciente, cr\u00edtica y \u00e9tica de los hechos.<\/p>","protected":false},"excerpt":{"rendered":"<p>Algoritmos y redes sociales tensionan el rigor period\u00edstico en un entorno marcado por la desinformaci\u00f3n digital.<\/p>","protected":false},"author":49,"featured_media":712276,"comment_status":"open","ping_status":"open","sticky":false,"template":"","format":"standard","meta":{"_acf_changed":false,"footnotes":""},"categories":[60],"tags":[10865,9432,9418,11057,1422,3446,2882,681,11056,242],"class_list":["post-712271","post","type-post","status-publish","format-standard","has-post-thumbnail","hentry","category-blog","tag-reconocimiento-franz-tamayo-al-periodismo-de-investigacion","tag-algoritmos","tag-calidad-academica","tag-congreso-hispanoamericano-de-prensa","tag-innovacion-en-educacion","tag-inteligencia-artificial","tag-periodismo-de-investigacion","tag-redes-sociales","tag-sociedad-interamericana-de-prensa","tag-unifranz"],"acf":[],"_links":{"self":[{"href":"https:\/\/unifranz.edu.bo\/pt\/wp-json\/wp\/v2\/posts\/712271","targetHints":{"allow":["GET"]}}],"collection":[{"href":"https:\/\/unifranz.edu.bo\/pt\/wp-json\/wp\/v2\/posts"}],"about":[{"href":"https:\/\/unifranz.edu.bo\/pt\/wp-json\/wp\/v2\/types\/post"}],"author":[{"embeddable":true,"href":"https:\/\/unifranz.edu.bo\/pt\/wp-json\/wp\/v2\/users\/49"}],"replies":[{"embeddable":true,"href":"https:\/\/unifranz.edu.bo\/pt\/wp-json\/wp\/v2\/comments?post=712271"}],"version-history":[{"count":1,"href":"https:\/\/unifranz.edu.bo\/pt\/wp-json\/wp\/v2\/posts\/712271\/revisions"}],"predecessor-version":[{"id":712273,"href":"https:\/\/unifranz.edu.bo\/pt\/wp-json\/wp\/v2\/posts\/712271\/revisions\/712273"}],"wp:featuredmedia":[{"embeddable":true,"href":"https:\/\/unifranz.edu.bo\/pt\/wp-json\/wp\/v2\/media\/712276"}],"wp:attachment":[{"href":"https:\/\/unifranz.edu.bo\/pt\/wp-json\/wp\/v2\/media?parent=712271"}],"wp:term":[{"taxonomy":"category","embeddable":true,"href":"https:\/\/unifranz.edu.bo\/pt\/wp-json\/wp\/v2\/categories?post=712271"},{"taxonomy":"post_tag","embeddable":true,"href":"https:\/\/unifranz.edu.bo\/pt\/wp-json\/wp\/v2\/tags?post=712271"}],"curies":[{"name":"wp","href":"https:\/\/api.w.org\/{rel}","templated":true}]}}