{"id":712235,"date":"2026-02-20T18:37:22","date_gmt":"2026-02-20T22:37:22","guid":{"rendered":"https:\/\/unifranz.edu.bo\/?p=712235"},"modified":"2026-02-20T18:37:59","modified_gmt":"2026-02-20T22:37:59","slug":"educacion-y-empleo-el-desafio-de-hablar-el-mismo-idioma","status":"publish","type":"post","link":"https:\/\/unifranz.edu.bo\/pt\/blog\/educacion-y-empleo-el-desafio-de-hablar-el-mismo-idioma\/","title":{"rendered":"Educaci\u00f3n y empleo: el desaf\u00edo de hablar el mismo idioma"},"content":{"rendered":"<p>El diploma ya no garantiza empleo. En Bolivia, miles de j\u00f3venes culminan sus estudios superiores con expectativas de inserci\u00f3n laboral que chocan con una realidad marcada por la informalidad, la sobrecalificaci\u00f3n y la falta de correspondencia entre lo aprendido y lo que exigen las empresas. La desconexi\u00f3n entre el sistema educativo y el mercado laboral se ha convertido en uno de los principales nudos cr\u00edticos para el desarrollo productivo del pa\u00eds.<\/p>\n\n\n\n<p>El informe Youth Pulse 2026 del Foro Econ\u00f3mico Mundial (WEF, por sus siglas en ingl\u00e9s) confirma que el 57% de los j\u00f3venes considera que la creaci\u00f3n de empleo juvenil de calidad es la prioridad n\u00famero uno de pol\u00edtica p\u00fablica. En el contexto boliviano, esta demanda se cruza con una brecha estructural: m\u00e1s del 70% de j\u00f3venes ocupados trabaja en condiciones de informalidad, y muchos no logran emplearse en \u00e1reas acordes a su formaci\u00f3n.<\/p>\n\n\n\n<p><strong>La brecha que frena la empleabilidad<\/strong><\/p>\n\n\n\n<p>Carlos estudi\u00f3 ingenier\u00eda con la convicci\u00f3n de que el mercado requer\u00eda su perfil. Al egresar, descubri\u00f3 que las empresas ped\u00edan experiencia en herramientas digitales espec\u00edficas, certificaciones t\u00e9cnicas y competencias blandas que nunca fueron parte central de su formaci\u00f3n. Su caso no es aislado.<\/p>\n\n\n\n<p>Las empresas se\u00f1alan dificultades para encontrar talento con habilidades t\u00e9cnicas actualizadas, dominio de herramientas digitales, pensamiento cr\u00edtico y capacidad de adaptaci\u00f3n. Al mismo tiempo, j\u00f3venes titulados enfrentan barreras para acceder a su primer empleo formal. El resultado es una paradoja: vacantes sin cubrir y profesionales sin oportunidades.<\/p>\n\n\n\n<blockquote class=\"wp-block-quote is-layout-flow wp-block-quote-is-layout-flow\">\n<p>Pedro S\u00e1enz, vicerrector en la sede La Paz de la Universidad Franz Tamayo (Unifranz), advierte que el problema no es solo de cantidad de empleos, sino de pertinencia formativa. \u201cExiste una brecha evidente entre las competencias que desarrolla el sistema educativo y las habilidades que demanda el mercado laboral. Si no alineamos ambos mundos, seguiremos generando frustraci\u00f3n en los j\u00f3venes y limitando la competitividad del pa\u00eds\u201d, sostiene.<\/p>\n<\/blockquote>\n\n\n\n<p><strong>Habilidades que el mercado s\u00ed est\u00e1 demandando<\/strong><\/p>\n\n\n\n<p>La transformaci\u00f3n tecnol\u00f3gica ha acelerado el cambio en los perfiles profesionales. La digitalizaci\u00f3n, la automatizaci\u00f3n y la expansi\u00f3n de la inteligencia artificial redefinen procesos productivos y exigen nuevas capacidades.<\/p>\n\n\n\n<p>Seg\u00fan S\u00e1enz, el desaf\u00edo es doble. \u201cNecesitamos fortalecer habilidades t\u00e9cnicas vinculadas a tecnolog\u00eda, an\u00e1lisis de datos y entornos digitales, pero tambi\u00e9n desarrollar competencias socioemocionales como liderazgo, trabajo en equipo, comunicaci\u00f3n efectiva y aprendizaje continuo\u201d, afirma.<\/p>\n\n\n\n<p>La empleabilidad ya no depende exclusivamente del conocimiento disciplinar. Las empresas buscan perfiles capaces de resolver problemas, adaptarse al cambio y aportar innovaci\u00f3n. \u201cEl t\u00edtulo es el punto de partida, no la meta. Lo que marca la diferencia es la capacidad de actualizaci\u00f3n permanente\u201d, enfatiza.<\/p>\n\n\n\n<p><strong>Educaci\u00f3n que dialogue con el sector productivo<\/strong><\/p>\n\n\n\n<p>La falta de articulaci\u00f3n entre universidades, empresas y Estado profundiza la desconexi\u00f3n. Planes de estudio desactualizados, pr\u00e1cticas profesionales limitadas y escasa retroalimentaci\u00f3n del sector productivo dificultan la construcci\u00f3n de perfiles pertinentes.<\/p>\n\n\n\n<blockquote class=\"wp-block-quote is-layout-flow wp-block-quote-is-layout-flow\">\n<p>Para S\u00e1enz, el camino pasa por una transformaci\u00f3n educativa basada en evidencia. \u201cLas universidades debemos escuchar al mercado, incorporar certificaciones, fomentar la experiencia pr\u00e1ctica y promover una formaci\u00f3n flexible que permita responder con rapidez a los cambios\u201d, explica.<\/p>\n<\/blockquote>\n\n\n\n<p>La educaci\u00f3n superior enfrenta el reto de integrar metodolog\u00edas activas, aprendizaje basado en proyectos y vinculaci\u00f3n temprana con el entorno laboral. Solo as\u00ed se puede reducir la brecha entre formaci\u00f3n y empleo.<\/p>\n\n\n\n<p><strong>Informalidad y subempleo: consecuencias visibles<\/strong><\/p>\n\n\n\n<p>La desconexi\u00f3n entre competencias y demanda laboral no solo afecta trayectorias individuales; tambi\u00e9n impacta en la productividad nacional. J\u00f3venes subempleados o trabajando en sectores distintos a su formaci\u00f3n representan una p\u00e9rdida de capital humano.<\/p>\n\n\n\n<p>Invertir en empleo juvenil y en educaci\u00f3n pertinente no es una medida aislada, sino una estrategia de desarrollo econ\u00f3mico. Cuando la formaci\u00f3n responde a las necesidades reales del mercado, se fortalece la competitividad, se promueve la innovaci\u00f3n y se reducen los niveles de informalidad.<\/p>\n\n\n\n<blockquote class=\"wp-block-quote is-layout-flow wp-block-quote-is-layout-flow\">\n<p>\u201cEl desaf\u00edo no es \u00fanicamente generar m\u00e1s empleo, sino generar empleo de calidad acorde a las competencias del siglo XXI\u201d, remarca S\u00e1enz. \u201cEso implica repensar el sistema educativo y asumir que el aprendizaje debe ser continuo\u201d.<\/p>\n<\/blockquote>\n\n\n\n<p><strong>Un cambio impostergable<\/strong><\/p>\n\n\n\n<p>Bolivia cuenta con una poblaci\u00f3n joven con alto potencial de adaptaci\u00f3n y vocaci\u00f3n emprendedora. Sin embargo, sin una alineaci\u00f3n efectiva entre competencias educativas y habilidades demandadas por el mercado laboral, ese potencial puede diluirse.<\/p>\n\n\n\n<p>Cerrar la brecha requiere di\u00e1logo p\u00fablico-privado, actualizaci\u00f3n curricular constante y pol\u00edticas laborales orientadas a la empleabilidad juvenil. El futuro productivo del pa\u00eds depende, en gran medida, de la capacidad de conectar formaci\u00f3n y oportunidades reales.<\/p>\n\n\n\n<p>El diploma sigue siendo valioso, pero ya no es suficiente. La clave est\u00e1 en transformar la educaci\u00f3n para que responda a un mercado laboral din\u00e1mico y exigente, donde las habilidades, m\u00e1s que los t\u00edtulos, determinan las oportunidades.<\/p>","protected":false},"excerpt":{"rendered":"<p>La desconexi\u00f3n entre educaci\u00f3n y mercado laboral limita el empleo juvenil en Bolivia y exige nuevas habilidades digitales y competencias.<\/p>","protected":false},"author":50,"featured_media":712236,"comment_status":"open","ping_status":"open","sticky":false,"template":"","format":"standard","meta":{"_acf_changed":false,"footnotes":""},"categories":[60],"tags":[53,2802,1566,3598,1422,3424,242,9879],"class_list":["post-712235","post","type-post","status-publish","format-standard","has-post-thumbnail","hentry","category-blog","tag-educacion","tag-empleabilidad","tag-empleo","tag-empleo-juvenil","tag-innovacion-en-educacion","tag-observatorio-nacional-del-trabajo","tag-unifranz","tag-wef"],"acf":[],"_links":{"self":[{"href":"https:\/\/unifranz.edu.bo\/pt\/wp-json\/wp\/v2\/posts\/712235","targetHints":{"allow":["GET"]}}],"collection":[{"href":"https:\/\/unifranz.edu.bo\/pt\/wp-json\/wp\/v2\/posts"}],"about":[{"href":"https:\/\/unifranz.edu.bo\/pt\/wp-json\/wp\/v2\/types\/post"}],"author":[{"embeddable":true,"href":"https:\/\/unifranz.edu.bo\/pt\/wp-json\/wp\/v2\/users\/50"}],"replies":[{"embeddable":true,"href":"https:\/\/unifranz.edu.bo\/pt\/wp-json\/wp\/v2\/comments?post=712235"}],"version-history":[{"count":1,"href":"https:\/\/unifranz.edu.bo\/pt\/wp-json\/wp\/v2\/posts\/712235\/revisions"}],"predecessor-version":[{"id":712237,"href":"https:\/\/unifranz.edu.bo\/pt\/wp-json\/wp\/v2\/posts\/712235\/revisions\/712237"}],"wp:featuredmedia":[{"embeddable":true,"href":"https:\/\/unifranz.edu.bo\/pt\/wp-json\/wp\/v2\/media\/712236"}],"wp:attachment":[{"href":"https:\/\/unifranz.edu.bo\/pt\/wp-json\/wp\/v2\/media?parent=712235"}],"wp:term":[{"taxonomy":"category","embeddable":true,"href":"https:\/\/unifranz.edu.bo\/pt\/wp-json\/wp\/v2\/categories?post=712235"},{"taxonomy":"post_tag","embeddable":true,"href":"https:\/\/unifranz.edu.bo\/pt\/wp-json\/wp\/v2\/tags?post=712235"}],"curies":[{"name":"wp","href":"https:\/\/api.w.org\/{rel}","templated":true}]}}