{"id":712184,"date":"2026-02-20T10:32:05","date_gmt":"2026-02-20T14:32:05","guid":{"rendered":"https:\/\/unifranz.edu.bo\/?p=712184"},"modified":"2026-02-20T10:32:55","modified_gmt":"2026-02-20T14:32:55","slug":"romper-el-silencio-sobre-el-autismo-santa-cruz-sera-sede-del-primer-gran-encuentro-clinico-internacional","status":"publish","type":"post","link":"https:\/\/unifranz.edu.bo\/pt\/blog\/romper-el-silencio-sobre-el-autismo-santa-cruz-sera-sede-del-primer-gran-encuentro-clinico-internacional\/","title":{"rendered":"Romper el silencio sobre el autismo: Santa Cruz ser\u00e1 sede del primer gran encuentro cl\u00ednico internacional"},"content":{"rendered":"<p>En Bolivia, hablar de autismo contin\u00faa siendo un desaf\u00edo que invita a profundizar la informaci\u00f3n, reducir estigmas y fortalecer el acceso oportuno a diagn\u00f3stico y acompa\u00f1amiento. Cada vez m\u00e1s familias buscan respuestas y orientaci\u00f3n, en un contexto donde es fundamental seguir consolidando capacidades para comprender y atender el Trastorno del Espectro Autista (TEA) desde un enfoque integral y humano.<\/p>\n\n\n\n<p>Datos difundidos por el Ministerio de Salud dan cuenta de un incremento sostenido en la demanda de evaluaciones y atenciones vinculadas al neurodesarrollo, lo que evidencia una realidad que no puede seguir siendo invisibilizada. Sin embargo, especialistas advierten que a\u00fan persisten brechas en formaci\u00f3n profesional, detecci\u00f3n temprana y articulaci\u00f3n de redes de apoyo.<\/p>\n\n\n\n<p>Frente a este contexto, surge el 1\u00b0 Simposio Internacional Cl\u00ednico de Autismo, un espacio acad\u00e9mico que busca aportar evidencia cient\u00edfica, herramientas pr\u00e1cticas y reflexi\u00f3n \u00e9tica en torno al abordaje del TEA. El encuentro se desarrollar\u00e1 el 5, 6 y 7 de marzo en el auditorio principal de la Universidad Franz Tamayo, Unifranz, sede Santa Cruz, convocando a profesionales de la salud, educaci\u00f3n y a familias interesadas.<\/p>\n\n\n\n<blockquote class=\"wp-block-quote is-layout-flow wp-block-quote-is-layout-flow\">\n<p>\u201cNo podemos seguir hablando de autismo desde el prejuicio o el desconocimiento, necesitamos informaci\u00f3n basada en evidencia y espacios donde los profesionales puedan actualizarse. El diagn\u00f3stico temprano y el acompa\u00f1amiento adecuado pueden transformar la vida de un ni\u00f1o y de toda su familia\u201d, resalta la Dra. Tita Fern\u00e1ndez, jefa del servicio de terapia intensiva pedi\u00e1trica en el Hospital Japon\u00e9s y miembro del comit\u00e9 organizador.<\/p>\n<\/blockquote>\n\n\n\n<p>El 1\u00b0 Simposio Internacional Cl\u00ednico de Autismo es organizado por la Sociedad Cruce\u00f1a de Neuropediatr\u00eda con el prop\u00f3sito de fortalecer el diagn\u00f3stico temprano y difundir informaci\u00f3n cient\u00edfica actualizada sobre el TEA. La iniciativa, impulsada ante el aumento sostenido de diagn\u00f3sticos a nivel mundial, busca brindar herramientas a m\u00e9dicos, educadores, estudiantes y familias para identificar se\u00f1ales tempranas y promover una inclusi\u00f3n basada en el conocimiento y el respeto a la neurodiversidad.<\/p>\n\n\n\n<figure class=\"wp-block-embed is-type-video is-provider-youtube wp-block-embed-youtube wp-embed-aspect-16-9 wp-has-aspect-ratio\"><div class=\"wp-block-embed__wrapper\">\n<iframe loading=\"lazy\" title=\"Tita Fern\u00e1ndez anuncia el Simposio Internacional Cl\u00ednico de Autismo en Santa Cruz\" width=\"500\" height=\"281\" src=\"https:\/\/www.youtube.com\/embed\/qSLrbDdqEZE?feature=oembed\" frameborder=\"0\" allow=\"accelerometer; autoplay; clipboard-write; encrypted-media; gyroscope; picture-in-picture; web-share\" referrerpolicy=\"strict-origin-when-cross-origin\" allowfullscreen><\/iframe>\n<\/div><\/figure>\n\n\n\n<p>El encuentro abordar\u00e1 tem\u00e1ticas como las Caracter\u00edsticas Generales del M\u00e9todo ABA (An\u00e1lisis Conductual Aplicado &#8211; Applied Behavior Analysis) y las Estrategias de Manejo Conductual en Ni\u00f1os con TEA, brindando herramientas concretas para el trabajo interdisciplinario. Tambi\u00e9n se discutir\u00e1n la inclusi\u00f3n educativa, las estrategias comunitarias y la necesidad de fortalecer pol\u00edticas p\u00fablicas y redes de apoyo.<\/p>\n\n\n\n<blockquote class=\"wp-block-quote is-layout-flow wp-block-quote-is-layout-flow\">\n<p>\u201cEste no es un evento para hablar solo entre especialistas, es un llamado a construir comunidad. El autismo debe ser entendido como una responsabilidad compartida entre el sistema de salud, el \u00e1mbito educativo y la sociedad en su conjunto\u201d, enfatiza Fern\u00e1ndez.<\/p>\n<\/blockquote>\n\n\n\n<p>En Bolivia, muchas familias enfrentan largos recorridos antes de acceder a un diagn\u00f3stico certero, lo que retrasa intervenciones fundamentales en los primeros a\u00f1os de vida. Espacios acad\u00e9micos de alto nivel permiten acortar esa brecha al conectar experiencias internacionales con la realidad local.<\/p>\n\n\n\n<p>El 1\u00b0 Simposio Internacional Cl\u00ednico de Autismo aspira a convertirse en un punto de partida para una conversaci\u00f3n m\u00e1s amplia sobre neurodiversidad y derechos. M\u00e1s que un evento, se plantea como una respuesta a una necesidad urgente de informaci\u00f3n rigurosa, sensibilidad social y compromiso institucional.<\/p>\n\n\n\n<p>Participar\u00e1n como conferencistas Kanchana Singha y Carolina Pe\u00f1a Ricardo, ambas Pediatras de Desarrollo y Comportamiento Board Certified y l\u00edderes de Pediatras del Desarrollo en Pediatrics Kaiser Permanente de California; y la Dra. Ana Gabriela Scalliter, Pediatra de Desarrollo y Comportamiento del Hospital General de Agudos en Buenos Aires, Argentina. Su presencia refuerza la dimensi\u00f3n internacional del encuentro y la apuesta por elevar el nivel del debate sobre autismo en Bolivia.<\/p>\n\n\n\n<figure class=\"wp-block-image size-full\"><img loading=\"lazy\" decoding=\"async\" width=\"1000\" height=\"1000\" src=\"https:\/\/unifranz.edu.bo\/wp-content\/uploads\/2026\/02\/POST-SIMPOSIO-AUTISMO.png\" alt=\"\" class=\"wp-image-712187\" srcset=\"https:\/\/unifranz.edu.bo\/wp-content\/uploads\/2026\/02\/POST-SIMPOSIO-AUTISMO.png 1000w, https:\/\/unifranz.edu.bo\/wp-content\/uploads\/2026\/02\/POST-SIMPOSIO-AUTISMO-300x300.png 300w, https:\/\/unifranz.edu.bo\/wp-content\/uploads\/2026\/02\/POST-SIMPOSIO-AUTISMO-768x768.png 768w, https:\/\/unifranz.edu.bo\/wp-content\/uploads\/2026\/02\/POST-SIMPOSIO-AUTISMO-12x12.png 12w\" sizes=\"auto, (max-width: 1000px) 100vw, 1000px\" \/><\/figure>","protected":false},"excerpt":{"rendered":"<p>En Bolivia, hablar de autismo contin\u00faa siendo un desaf\u00edo que invita a profundizar la informaci\u00f3n, reducir estigmas y fortalecer el acceso oportuno a diagn\u00f3stico y acompa\u00f1amiento. Cada vez m\u00e1s familias buscan respuestas y orientaci\u00f3n, en un contexto donde es fundamental seguir consolidando capacidades para comprender y atender el Trastorno del Espectro Autista (TEA) desde un &hellip; <a href=\"https:\/\/unifranz.edu.bo\/pt\/blog\/romper-el-silencio-sobre-el-autismo-santa-cruz-sera-sede-del-primer-gran-encuentro-clinico-internacional\/\">Continued<\/a><\/p>","protected":false},"author":33,"featured_media":712185,"comment_status":"open","ping_status":"open","sticky":false,"template":"","format":"standard","meta":{"_acf_changed":false,"footnotes":""},"categories":[60,2576],"tags":[5888,1422,43,11975,242,3624],"class_list":["post-712184","post","type-post","status-publish","format-standard","has-post-thumbnail","hentry","category-blog","category-unifranz-santa-cruz","tag-autismo","tag-innovacion-en-educacion","tag-santa-cruz","tag-simposio-internacional-clinico-de-autismo","tag-unifranz","tag-unifranz-santa-cruz"],"acf":[],"_links":{"self":[{"href":"https:\/\/unifranz.edu.bo\/pt\/wp-json\/wp\/v2\/posts\/712184","targetHints":{"allow":["GET"]}}],"collection":[{"href":"https:\/\/unifranz.edu.bo\/pt\/wp-json\/wp\/v2\/posts"}],"about":[{"href":"https:\/\/unifranz.edu.bo\/pt\/wp-json\/wp\/v2\/types\/post"}],"author":[{"embeddable":true,"href":"https:\/\/unifranz.edu.bo\/pt\/wp-json\/wp\/v2\/users\/33"}],"replies":[{"embeddable":true,"href":"https:\/\/unifranz.edu.bo\/pt\/wp-json\/wp\/v2\/comments?post=712184"}],"version-history":[{"count":1,"href":"https:\/\/unifranz.edu.bo\/pt\/wp-json\/wp\/v2\/posts\/712184\/revisions"}],"predecessor-version":[{"id":712188,"href":"https:\/\/unifranz.edu.bo\/pt\/wp-json\/wp\/v2\/posts\/712184\/revisions\/712188"}],"wp:featuredmedia":[{"embeddable":true,"href":"https:\/\/unifranz.edu.bo\/pt\/wp-json\/wp\/v2\/media\/712185"}],"wp:attachment":[{"href":"https:\/\/unifranz.edu.bo\/pt\/wp-json\/wp\/v2\/media?parent=712184"}],"wp:term":[{"taxonomy":"category","embeddable":true,"href":"https:\/\/unifranz.edu.bo\/pt\/wp-json\/wp\/v2\/categories?post=712184"},{"taxonomy":"post_tag","embeddable":true,"href":"https:\/\/unifranz.edu.bo\/pt\/wp-json\/wp\/v2\/tags?post=712184"}],"curies":[{"name":"wp","href":"https:\/\/api.w.org\/{rel}","templated":true}]}}