{"id":712127,"date":"2026-02-18T17:28:34","date_gmt":"2026-02-18T21:28:34","guid":{"rendered":"https:\/\/unifranz.edu.bo\/?p=712127"},"modified":"2026-02-18T17:29:13","modified_gmt":"2026-02-18T21:29:13","slug":"unifranz-aposta-na-bioetica-para-passar-do-conhecimento-universitario-aos-dilemas-reais-da-america-latina","status":"publish","type":"post","link":"https:\/\/unifranz.edu.bo\/pt\/blog\/unifranz-aposta-na-bioetica-para-passar-do-conhecimento-universitario-aos-dilemas-reais-da-america-latina\/","title":{"rendered":"Unifranz aposta na bio\u00e9tica para passar do conhecimento universit\u00e1rio aos dilemas reais da Am\u00e9rica Latina"},"content":{"rendered":"<p>Na Am\u00e9rica Latina, onde a desigualdade social convive com avan\u00e7os cient\u00edficos cada vez mais acelerados, a pergunta j\u00e1 n\u00e3o \u00e9 apenas o que a ci\u00eancia pode fazer, mas o que deve fazer. Nesse debate crucial, a bio\u00e9tica deixou de ser um discurso acad\u00eamico perif\u00e9rico para tornar-se um espa\u00e7o estrat\u00e9gico de reflex\u00e3o sobre o impacto real do conhecimento na vida cotidiana.<\/p>\n\n\n\n<p>A recente visita \u00e0 Bol\u00edvia de Eduardo D\u00edaz Amado, diretor do Instituto de Bio\u00e9tica da Pontif\u00edcia Universidade Javeriana, abriu uma discuss\u00e3o que ultrapassa os muros universit\u00e1rios: como garantir que a pesquisa cient\u00edfica n\u00e3o seja apenas rigorosa, mas tamb\u00e9m socialmente respons\u00e1vel.<\/p>\n\n\n\n<p>Sua participa\u00e7\u00e3o coincidiu com a apresenta\u00e7\u00e3o do Comit\u00ea de \u00c9tica para a Pesquisa da Universidade Franz Tamayo (Unifranz), inst\u00e2ncia que marca um ponto de inflex\u00e3o na forma como a universidade compreende seu papel no ecossistema cient\u00edfico regional.<\/p>\n\n\n\n<blockquote class=\"wp-block-quote is-layout-flow wp-block-quote-is-layout-flow\">\n<p>\u201cQue uma universidade tenha um comit\u00ea de \u00e9tica em pesquisa demonstra que est\u00e1 comprometida com uma investiga\u00e7\u00e3o de qualidade t\u00e9cnico-cient\u00edfica, mas tamb\u00e9m eticamente leg\u00edtima e aceit\u00e1vel\u201d, afirmou D\u00edaz Amado.<\/p>\n<\/blockquote>\n\n\n\n<p>Em muitos contextos latino-americanos, os comit\u00eas de \u00e9tica costumam ser percebidos como um requisito administrativo. Contudo, a tend\u00eancia global aponta para algo mais profundo: a constru\u00e7\u00e3o de uma cultura institucional na qual cada projeto cient\u00edfico incorpore, desde sua concep\u00e7\u00e3o, questionamentos sobre dignidade humana, justi\u00e7a e sustentabilidade.<\/p>\n\n\n\n<p>Nesse marco, o passo dado pela Unifranz n\u00e3o apenas fortalece seus padr\u00f5es acad\u00eamicos, como tamb\u00e9m a posiciona em uma conversa internacional sobre ci\u00eancia respons\u00e1vel. O desafio n\u00e3o \u00e9 pequeno: pesquisar em uma regi\u00e3o marcada por desigualdades sanit\u00e1rias, limita\u00e7\u00f5es estruturais e alta vulnerabilidade social exige marcos \u00e9ticos s\u00f3lidos e contextualizados.<\/p>\n\n\n\n<h2 class=\"wp-block-heading\">Um projeto regional com padr\u00f5es globais<\/h2>\n\n\n\n<p>Esse avan\u00e7o institucional \u00e9 resultado do projeto NIHR LATAM, um programa financiado pelo Instituto Nacional de Pesquisa em Sa\u00fade e Cuidados (NIHR) do Reino Unido, liderado pela Queen Mary University of London, em parceria com a Unifranz (Bol\u00edvia), a Pontif\u00edcia Universidade Javeriana (Col\u00f4mbia) e a Universidade Rafael Land\u00edvar (Guatemala).<\/p>\n\n\n\n<p>Para al\u00e9m da coopera\u00e7\u00e3o acad\u00eamica, o projeto busca fortalecer capacidades em pesquisa \u00e9tica e de ponta na Am\u00e9rica Latina. A premissa \u00e9 que a produ\u00e7\u00e3o cient\u00edfica regional deve dialogar com padr\u00f5es internacionais sem perder a sensibilidade diante de suas pr\u00f3prias realidades sociais.<\/p>\n\n\n\n<figure class=\"wp-block-embed is-type-video is-provider-youtube wp-block-embed-youtube wp-embed-aspect-16-9 wp-has-aspect-ratio\"><div class=\"wp-block-embed__wrapper\">\n<iframe loading=\"lazy\" title=\"Del laboratorio a la sociedad: c\u00f3mo la bio\u00e9tica conecta el conocimiento con los problemas reales\" width=\"500\" height=\"281\" src=\"https:\/\/www.youtube.com\/embed\/rFBj_1JxvB4?feature=oembed\" frameborder=\"0\" allow=\"accelerometer; autoplay; clipboard-write; encrypted-media; gyroscope; picture-in-picture; web-share\" referrerpolicy=\"strict-origin-when-cross-origin\" allowfullscreen><\/iframe>\n<\/div><\/figure>\n\n\n\n<p>A bio\u00e9tica surgiu em meados do s\u00e9culo XX como resposta aos dilemas do desenvolvimento biom\u00e9dico, mas hoje seu campo \u00e9 muito mais amplo. Pesquisa gen\u00e9tica, intelig\u00eancia artificial, neuroci\u00eancias, biotecnologia, pesquisa com animais ou distribui\u00e7\u00e3o equitativa de recursos em sa\u00fade s\u00e3o apenas alguns dos temas nos quais a reflex\u00e3o \u00e9tica se torna indispens\u00e1vel.<\/p>\n\n\n\n<blockquote class=\"wp-block-quote is-layout-flow wp-block-quote-is-layout-flow\">\n<p>\u201c\u00c9 um espa\u00e7o de di\u00e1logo inter e multidisciplinar para abordar os problemas que surgem do progresso tecnocient\u00edfico\u201d, explicou D\u00edaz Amado.<\/p>\n<\/blockquote>\n\n\n\n<p>A quest\u00e3o de fundo permanece atual: tudo o que a ci\u00eancia permite fazer deve necessariamente ser feito? Em um momento em que a tecnologia avan\u00e7a mais rapidamente do que as regula\u00e7\u00f5es, essa pergunta torna-se urgente nas universidades que formam os futuros desenvolvedores, m\u00e9dicos, engenheiros e cientistas.<\/p>\n\n\n\n<h2 class=\"wp-block-heading\">Profissionais com consci\u00eancia cr\u00edtica<\/h2>\n\n\n\n<p>Uma das contribui\u00e7\u00f5es mais significativas da bio\u00e9tica na educa\u00e7\u00e3o superior \u00e9 sua dimens\u00e3o pedag\u00f3gica. N\u00e3o se trata apenas de supervisionar pesquisas, mas de formar profissionais capazes de identificar dilemas \u00e9ticos em sua pr\u00e1tica cotidiana.<\/p>\n\n\n\n<p>Para D\u00edaz Amado, o desafio est\u00e1 em aproximar essa reflex\u00e3o das novas gera\u00e7\u00f5es, muitas vezes c\u00e9ticas diante de discursos moralizantes. A bio\u00e9tica contempor\u00e2nea, contudo, define-se por seu car\u00e1ter plural e inclusivo, aberto ao debate e \u00e0 diversidade de perspectivas.<\/p>\n\n\n\n<p>Longe de se opor \u00e0 inova\u00e7\u00e3o, a reflex\u00e3o bio\u00e9tica a complementa com um olhar cr\u00edtico e humano. Para o especialista, os laborat\u00f3rios, os ateli\u00eas de cria\u00e7\u00e3o e os espa\u00e7os de desenvolvimento tecnol\u00f3gico s\u00e3o cen\u00e1rios nos quais os jovens podem integrar criatividade, ci\u00eancia e responsabilidade social. \u201cEles est\u00e3o criando os novos dispositivos e as novas solu\u00e7\u00f5es, e tamb\u00e9m devem pensar em como faz\u00ea-lo de forma \u00e9tica\u201d, enfatiza.<\/p>\n\n\n\n<p>Nesse contexto, as universidades enfrentam uma tens\u00e3o permanente: produzir conhecimento competitivo em escala global sem se desconectar das necessidades locais. A experi\u00eancia impulsionada pela Unifranz evidencia que a pesquisa universit\u00e1ria n\u00e3o pode ser medida apenas por publica\u00e7\u00f5es ou indicadores de impacto, mas tamb\u00e9m por sua legitimidade social.<\/p>\n\n\n\n<p>A consolida\u00e7\u00e3o do Comit\u00ea de \u00c9tica para a Pesquisa da Unifranz e o interc\u00e2mbio acad\u00eamico promovido pelo projeto NIHR LATAM refor\u00e7am uma ideia central: a bio\u00e9tica atua como uma ponte entre o laborat\u00f3rio e a sociedade. Em tempos de transforma\u00e7\u00f5es aceleradas, pensar eticamente o conhecimento j\u00e1 n\u00e3o \u00e9 uma op\u00e7\u00e3o secund\u00e1ria, mas uma condi\u00e7\u00e3o indispens\u00e1vel para que a ci\u00eancia responda, de maneira leg\u00edtima, aos problemas reais da regi\u00e3o.<\/p>","protected":false},"excerpt":{"rendered":"<p>O passo dado pela Unifranz n\u00e3o apenas fortalece seus padr\u00f5es acad\u00eamicos, como tamb\u00e9m a posiciona em uma conversa internacional sobre ci\u00eancia respons\u00e1vel.<\/p>","protected":false},"author":53,"featured_media":711952,"comment_status":"open","ping_status":"open","sticky":false,"template":"","format":"standard","meta":{"_acf_changed":false,"footnotes":""},"categories":[60],"tags":[9032,2940,11970,651,10818,364,11479,53,1422,268,10793,242],"class_list":["post-712127","post","type-post","status-publish","format-standard","has-post-thumbnail","hentry","category-blog","tag-americalatina","tag-aprender-haciendo","tag-bioeti","tag-bioetica","tag-centro-nihr-latam","tag-ciencia","tag-comite-de-etica","tag-educacion","tag-innovacion-en-educacion","tag-investigacion","tag-tecnologia-2","tag-unifranz"],"acf":[],"_links":{"self":[{"href":"https:\/\/unifranz.edu.bo\/pt\/wp-json\/wp\/v2\/posts\/712127","targetHints":{"allow":["GET"]}}],"collection":[{"href":"https:\/\/unifranz.edu.bo\/pt\/wp-json\/wp\/v2\/posts"}],"about":[{"href":"https:\/\/unifranz.edu.bo\/pt\/wp-json\/wp\/v2\/types\/post"}],"author":[{"embeddable":true,"href":"https:\/\/unifranz.edu.bo\/pt\/wp-json\/wp\/v2\/users\/53"}],"replies":[{"embeddable":true,"href":"https:\/\/unifranz.edu.bo\/pt\/wp-json\/wp\/v2\/comments?post=712127"}],"version-history":[{"count":1,"href":"https:\/\/unifranz.edu.bo\/pt\/wp-json\/wp\/v2\/posts\/712127\/revisions"}],"predecessor-version":[{"id":712130,"href":"https:\/\/unifranz.edu.bo\/pt\/wp-json\/wp\/v2\/posts\/712127\/revisions\/712130"}],"wp:featuredmedia":[{"embeddable":true,"href":"https:\/\/unifranz.edu.bo\/pt\/wp-json\/wp\/v2\/media\/711952"}],"wp:attachment":[{"href":"https:\/\/unifranz.edu.bo\/pt\/wp-json\/wp\/v2\/media?parent=712127"}],"wp:term":[{"taxonomy":"category","embeddable":true,"href":"https:\/\/unifranz.edu.bo\/pt\/wp-json\/wp\/v2\/categories?post=712127"},{"taxonomy":"post_tag","embeddable":true,"href":"https:\/\/unifranz.edu.bo\/pt\/wp-json\/wp\/v2\/tags?post=712127"}],"curies":[{"name":"wp","href":"https:\/\/api.w.org\/{rel}","templated":true}]}}