{"id":711951,"date":"2026-02-11T17:10:18","date_gmt":"2026-02-11T21:10:18","guid":{"rendered":"https:\/\/unifranz.edu.bo\/?p=711951"},"modified":"2026-02-11T17:10:21","modified_gmt":"2026-02-11T21:10:21","slug":"unifranz-atrai-mais-de-meio-milhar-de-estudantes-de-10-paises-com-educacao-inovadora","status":"publish","type":"post","link":"https:\/\/unifranz.edu.bo\/pt\/blog\/unifranz-atrai-mais-de-meio-milhar-de-estudantes-de-10-paises-com-educacao-inovadora\/","title":{"rendered":"Unifranz atrai mais de meio milhar de estudantes de 10 pa\u00edses com educa\u00e7\u00e3o inovadora"},"content":{"rendered":"<p>Neste primeiro semestre de 2026, a Universidade Franz Tamayo (Unifranz) recebeu estudantes estrangeiros provenientes de diferentes pontos da Am\u00e9rica Latina e da Europa para vivenciar uma experi\u00eancia acad\u00eamica que combina inova\u00e7\u00e3o, pr\u00e1tica profissional e imers\u00e3o cultural. A universidade tornou-se um ponto de encontro para jovens do Peru, Brasil, Col\u00f4mbia, M\u00e9xico, Chile, Argentina, Espanha, Paraguai, Equador e Venezuela.<\/p>\n\n\n\n<blockquote class=\"wp-block-quote is-layout-flow wp-block-quote-is-layout-flow\">\n<p>\u201cA internacionaliza\u00e7\u00e3o \u00e9 um pilar do nosso modelo educacional. Buscamos que nossos estudantes n\u00e3o apenas adquiram conhecimento em sala de aula, mas tamb\u00e9m vivenciem experi\u00eancias que os preparem para enfrentar um mundo interconectado, com desafios globais que exigem profissionais capazes de inovar e se adaptar\u201d, afirma a reitora da Unifranz, Ver\u00f3nica \u00c1greda de Pazos.<\/p>\n<\/blockquote>\n\n\n\n<p>Dos mais de meio milhar de estudantes internacionais matriculados neste semestre, 87% s\u00e3o provenientes do Peru, o que consolida a Unifranz como uma das principais op\u00e7\u00f5es de forma\u00e7\u00e3o superior para a juventude do pa\u00eds vizinho. Em seguida est\u00e1 o Brasil, com 8%, atra\u00eddo principalmente por um modelo educacional que aposta na pr\u00e1tica desde o primeiro dia, no uso intensivo de tecnologia e na possibilidade de obter certifica\u00e7\u00f5es internacionais.<\/p>\n\n\n\n<h2 class=\"wp-block-heading\"><strong>Olhar a profiss\u00e3o com outros olhos<\/strong><\/h2>\n\n\n\n<p>Embora muitos escolham a Unifranz para cursar toda a gradua\u00e7\u00e3o, h\u00e1 tamb\u00e9m aqueles que optam pelo pa\u00eds para realizar um interc\u00e2mbio acad\u00eamico, como Slendy Uribe Bayona, que chegou da Col\u00f4mbia. Ela estuda Publicidade e Marketing Digital na Universidade de Investiga\u00e7\u00e3o e Desenvolvimento (UDI) e agora cursar\u00e1 um semestre na Unifranz.<\/p>\n\n\n\n<blockquote class=\"wp-block-quote is-layout-flow wp-block-quote-is-layout-flow\">\n<p>\u201cN\u00e3o se trata apenas do aspecto acad\u00eamico, mas de uma oportunidade para observar como se constroem as estrat\u00e9gias e campanhas a partir de outra realidade. Quero conhecer como trabalham aqui na minha \u00e1rea, aprender, adquirir novos conhecimentos e conhecer as tradi\u00e7\u00f5es do pa\u00eds\u201d, relata.<\/p>\n<\/blockquote>\n\n\n\n<p>O primeiro impacto para ela n\u00e3o foi acad\u00eamico, mas cotidiano: o frio de La Paz e uma gastronomia diferente da colombiana. No entanto, essas diferen\u00e7as, longe de serem um obst\u00e1culo, enriquecem sua forma\u00e7\u00e3o.<\/p>\n\n\n\n<p>\u201cCada coisa que a gente adquire ajuda no futuro a se relacionar melhor. Minha carreira trata muito disso: de criar conex\u00f5es com as pessoas\u201d, afirma.<\/p>\n\n\n\n<figure class=\"wp-block-embed is-type-video is-provider-youtube wp-block-embed-youtube wp-embed-aspect-16-9 wp-has-aspect-ratio\"><div class=\"wp-block-embed__wrapper\">\n<iframe loading=\"lazy\" title=\"Unifranz recibe estudiantes de 10 pa\u00edses y se consolida como universidad global\" width=\"500\" height=\"281\" src=\"https:\/\/www.youtube.com\/embed\/TbPr5OCgpNk?feature=oembed\" frameborder=\"0\" allow=\"accelerometer; autoplay; clipboard-write; encrypted-media; gyroscope; picture-in-picture; web-share\" referrerpolicy=\"strict-origin-when-cross-origin\" allowfullscreen><\/iframe>\n<\/div><\/figure>\n\n\n\n<p>Uma vis\u00e3o semelhante \u00e9 compartilhada por Valeria Sanchez Monroy, estudante de Rela\u00e7\u00f5es P\u00fablicas e Comunica\u00e7\u00e3o da Universidade de Guadalajara, no M\u00e9xico. Ela escolheu a Unifranz n\u00e3o apenas pelos conv\u00eanios institucionais, mas tamb\u00e9m por uma afinidade especial com a Bol\u00edvia.<\/p>\n\n\n\n<blockquote class=\"wp-block-quote is-layout-flow wp-block-quote-is-layout-flow\">\n<p>\u201cA Bol\u00edvia \u00e9 um lugar muito especial para mim e, al\u00e9m disso, pelas diferen\u00e7as culturais que posso encontrar aqui, tanto em n\u00edvel pessoal quanto em todo o ambiente que me cerca\u201d, sustenta.<\/p>\n<\/blockquote>\n\n\n\n<p>No campo acad\u00eamico, encontrou no Jornalismo uma \u00e1rea pr\u00f3xima \u00e0 sua forma\u00e7\u00e3o. E as instala\u00e7\u00f5es do campus refor\u00e7aram sua expectativa de qualidade. \u201cChamou-me a aten\u00e7\u00e3o a oportunidade de crescer, experimentar e conhecer novas perspectivas. Sua infraestrutura \u00e9 uma das melhores.\u201d<\/p>\n\n\n\n<h2 class=\"wp-block-heading\"><strong>A pr\u00e1tica como eixo, a experi\u00eancia como valor<\/strong><\/h2>\n\n\n\n<p>Em cursos como Medicina, nos quais o contato com o paciente \u00e9 fundamental, a Unifranz tamb\u00e9m soube se posicionar. Monserrat Aguilar Orosco, estudante de Medicina da Universidade de Guadalajara, escolheu a Bol\u00edvia pela aten\u00e7\u00e3o personalizada e pela \u00eanfase pr\u00e1tica.<\/p>\n\n\n\n<p>\u201cParece-me importante que se d\u00ea muito peso \u00e0 pr\u00e1tica, pois me interessa estar pr\u00f3xima do paciente e ter contato direto com ele\u201d, afirma. Para ela, estudar em outro pa\u00eds n\u00e3o apenas amplia o conhecimento cl\u00ednico, mas tamb\u00e9m a compreens\u00e3o dos sistemas de sa\u00fade e das realidades sociais que os cercam. \u201cTudo isso torna essa experi\u00eancia muito importante e enriquecedora.\u201d<\/p>\n\n\n\n<p>Na \u00e1rea de design e comunica\u00e7\u00e3o visual, Valentina Colmenares, tamb\u00e9m colombiana, busca na Bol\u00edvia um olhar diferente para sua carreira em Design Gr\u00e1fico. \u201cQuero ter um novo enfoque para minha carreira a partir deste pa\u00eds, em compara\u00e7\u00e3o com a Col\u00f4mbia, para levar esse conhecimento de volta.\u201d<\/p>\n\n\n\n<p>Seu conselho para outros estudantes \u00e9 perder o medo e aproveitar as oportunidades: pesquisar, comparar e escolher aquilo que esteja alinhado com os sonhos e metas pessoais.<\/p>\n\n\n\n<h2 class=\"wp-block-heading\"><strong>Um campus que tamb\u00e9m \u00e9 uma porta para o mundo<\/strong><\/h2>\n\n\n\n<p>O interc\u00e2mbio cultural n\u00e3o se vive apenas nas salas de aula. Pedro Sanchez Ortega, estudante colombiano da \u00e1rea audiovisual, chegou atra\u00eddo tanto pela universidade quanto pelo pa\u00eds.<\/p>\n\n\n\n<blockquote class=\"wp-block-quote is-layout-flow wp-block-quote-is-layout-flow\">\n<p>\u201cMeus colegas de interc\u00e2mbio me falaram da Unifranz e de suas \u00e1reas de especializa\u00e7\u00e3o, sobretudo na \u00e1rea audiovisual. E a Bol\u00edvia me parece muito atraente, por lugares como Copacabana e o Salar de Uyuni, que meu pai me recomendou visitar\u201d.<\/p>\n<\/blockquote>\n\n\n\n<p>Para ele, aprender a estruturar roteiros e projetos se complementa com o conhecimento de novas culturas e formas de trabalho. \u201cAo compartilhar experi\u00eancias, a gente pode melhorar e crescer tanto pessoal quanto profissionalmente\u201d.<\/p>\n\n\n\n<h2 class=\"wp-block-heading\"><strong>Unifranz, uma universidade que se internacionaliza<\/strong><\/h2>\n\n\n\n<p>O que hoje se vive nos campi da Unifranz \u00e9 o resultado de uma aposta sustentada na internacionaliza\u00e7\u00e3o. Tanto os estudantes matriculados em cursos regulares quanto os de interc\u00e2mbio fazem parte de uma mesma estrat\u00e9gia: abrir a universidade para o mundo e trazer o mundo para a Bol\u00edvia.<\/p>\n\n\n\n<p>Com um modelo educacional inovador, enfoque pr\u00e1tico, infraestrutura tecnol\u00f3gica e uma rede crescente de conv\u00eanios internacionais, a Unifranz conseguiu se posicionar al\u00e9m de suas fronteiras. Para centenas de jovens latino-americanos, a Bol\u00edvia j\u00e1 n\u00e3o \u00e9 apenas um destino de passagem, mas um lugar onde come\u00e7am a construir um futuro profissional.<\/p>","protected":false},"excerpt":{"rendered":"<p>A universidade tornou-se um ponto de encontro para jovens do Peru, Brasil, Col\u00f4mbia, M\u00e9xico, Chile, Argentina, Espanha, Paraguai, Equador e Venezuela.<\/p>","protected":false},"author":53,"featured_media":711845,"comment_status":"open","ping_status":"open","sticky":false,"template":"","format":"standard","meta":{"_acf_changed":false,"footnotes":""},"categories":[60],"tags":[2940,11569,53,386,1422,312,248,49,218,242],"class_list":["post-711951","post","type-post","status-publish","format-standard","has-post-thumbnail","hentry","category-blog","tag-aprender-haciendo","tag-calidad-academica-2","tag-educacion","tag-estudiantes","tag-innovacion-en-educacion","tag-intercambio-estudiantil","tag-internacionalizacion","tag-medicina","tag-tecnologia","tag-unifranz"],"acf":[],"_links":{"self":[{"href":"https:\/\/unifranz.edu.bo\/pt\/wp-json\/wp\/v2\/posts\/711951","targetHints":{"allow":["GET"]}}],"collection":[{"href":"https:\/\/unifranz.edu.bo\/pt\/wp-json\/wp\/v2\/posts"}],"about":[{"href":"https:\/\/unifranz.edu.bo\/pt\/wp-json\/wp\/v2\/types\/post"}],"author":[{"embeddable":true,"href":"https:\/\/unifranz.edu.bo\/pt\/wp-json\/wp\/v2\/users\/53"}],"replies":[{"embeddable":true,"href":"https:\/\/unifranz.edu.bo\/pt\/wp-json\/wp\/v2\/comments?post=711951"}],"version-history":[{"count":1,"href":"https:\/\/unifranz.edu.bo\/pt\/wp-json\/wp\/v2\/posts\/711951\/revisions"}],"predecessor-version":[{"id":711957,"href":"https:\/\/unifranz.edu.bo\/pt\/wp-json\/wp\/v2\/posts\/711951\/revisions\/711957"}],"wp:featuredmedia":[{"embeddable":true,"href":"https:\/\/unifranz.edu.bo\/pt\/wp-json\/wp\/v2\/media\/711845"}],"wp:attachment":[{"href":"https:\/\/unifranz.edu.bo\/pt\/wp-json\/wp\/v2\/media?parent=711951"}],"wp:term":[{"taxonomy":"category","embeddable":true,"href":"https:\/\/unifranz.edu.bo\/pt\/wp-json\/wp\/v2\/categories?post=711951"},{"taxonomy":"post_tag","embeddable":true,"href":"https:\/\/unifranz.edu.bo\/pt\/wp-json\/wp\/v2\/tags?post=711951"}],"curies":[{"name":"wp","href":"https:\/\/api.w.org\/{rel}","templated":true}]}}