{"id":711942,"date":"2026-02-11T11:48:39","date_gmt":"2026-02-11T15:48:39","guid":{"rendered":"https:\/\/unifranz.edu.bo\/?p=711942"},"modified":"2026-02-11T12:04:52","modified_gmt":"2026-02-11T16:04:52","slug":"graduado-de-unifranz-demuestra-competencias-laborales-con-proyectos-universitarios-reales","status":"publish","type":"post","link":"https:\/\/unifranz.edu.bo\/pt\/blog\/graduado-de-unifranz-demuestra-competencias-laborales-con-proyectos-universitarios-reales\/","title":{"rendered":"Graduado de Unifranz demuestra competencias laborales con proyectos universitarios reales"},"content":{"rendered":"<p>La formaci\u00f3n universitaria cobra verdadero sentido cuando logra conectar el aprendizaje acad\u00e9mico con las exigencias del mundo laboral. El entorno profesional cada vez es m\u00e1s competitivo y orientado a resultados, no basta con dominar la teor\u00eda, hoy las empresas buscan perfiles capaces de adaptarse, trabajar en equipo y resolver problemas reales.<\/p>\n\n\n\n<p>La experiencia de Ronald Choque, graduado de la carrera de Ingenier\u00eda de Sistemas de la Universidad Franz Tamayo (Unifranz), es un ejemplo de c\u00f3mo los proyectos universitarios, proyectos integradores, pueden convertirse en una plataforma directa hacia el empleo.<\/p>\n\n\n\n<blockquote class=\"wp-block-quote is-layout-flow wp-block-quote-is-layout-flow\">\n<p>\u201cMi primera y actual oportunidad laboral la encontr\u00e9 a partir de una publicaci\u00f3n de la empresa en redes sociales, m\u00e1s espec\u00edficamente en Facebook, donde invitaba a los candidatos a postularse para las distintas pruebas tanto de entrevistas, ex\u00e1menes te\u00f3ricos y ex\u00e1menes t\u00e9cnicos\u201d, sostiene Ronald en su primer acercamiento al mundo laboral.<\/p>\n<\/blockquote>\n\n\n\n<p>El proceso de inserci\u00f3n laboral se dio poco tiempo despu\u00e9s de culminar su formaci\u00f3n acad\u00e9mica. \u201cFue un mes despu\u00e9s de la conclusi\u00f3n del plan de estudios. Despu\u00e9s del egreso de la carrera de ingenier\u00eda de sistemas.\u201d En ese corto lapso, Ronald no solo enfrent\u00f3 entrevistas y evaluaciones t\u00e9cnicas, sino que pudo evidenciar que su preparaci\u00f3n universitaria estaba alineada con las demandas reales del mercado.<\/p>\n\n\n\n<blockquote class=\"wp-block-quote is-layout-flow wp-block-quote-is-layout-flow\">\n<p>Para el joven ingeniero, uno de los factores determinantes en su desempe\u00f1o profesional fue el fortalecimiento de las habilidades desarrolladas en su vida acad\u00e9mica. \u201cActualmente el mercado laboral es muy competitivo, muchas personas conocen bastantes bases te\u00f3ricas, pero esta incursi\u00f3n que hace Unifranz con las pr\u00e1cticas, para el desarrollo e interconexi\u00f3n con otras \u00e1reas, te permiten desarrollar dichas habilidades para compartir con los dem\u00e1s y dar buenos resultados en pruebas de suficiencia en estas empresas\u201d, destaca Ronald.<\/p>\n<\/blockquote>\n\n\n\n<figure class=\"wp-block-embed is-type-video is-provider-youtube wp-block-embed-youtube wp-embed-aspect-16-9 wp-has-aspect-ratio\"><div class=\"wp-block-embed__wrapper\">\n<iframe loading=\"lazy\" title=\"unifranz empleabilidad RCH\" width=\"500\" height=\"281\" src=\"https:\/\/www.youtube.com\/embed\/GeqGYQ3CAFw?feature=oembed\" frameborder=\"0\" allow=\"accelerometer; autoplay; clipboard-write; encrypted-media; gyroscope; picture-in-picture; web-share\" referrerpolicy=\"strict-origin-when-cross-origin\" allowfullscreen><\/iframe>\n<\/div><\/figure>\n\n\n\n<p><\/p>\n\n\n\n<p>El modelo formativo basado en proyectos pr\u00e1cticos fue clave en este proceso. M\u00e1s all\u00e1 de trabajos simulados, Ronald particip\u00f3 en iniciativas que replicaban din\u00e1micas reales de trabajo, con metas claras, tiempos definidos y evaluaci\u00f3n por resultados.<\/p>\n\n\n\n<blockquote class=\"wp-block-quote is-layout-flow wp-block-quote-is-layout-flow\">\n<p>\u201cLa herramienta m\u00e1s \u00fatil fue el desarrollo de proyectos, ya que esto te permite adaptarte mucho m\u00e1s r\u00e1pido a un ambiente laboral real que est\u00e1 basado en resultados actualmente. Muchas empresas ya no buscan a una persona que vayan a cumplir un horario de ocho a cuatro de la tarde, sino que buscan a un candidato que d\u00e9 los resultados en base a los objetivos planteados desde un inicio\u201d, revela el joven ingeniero de Unifranz.<\/p>\n<\/blockquote>\n\n\n\n<p>Entre los proyectos que Ronald desarroll\u00f3 durante su etapa universitaria, uno de los m\u00e1s destacados fue la creaci\u00f3n de una pr\u00f3tesis de mano electr\u00f3nica inteligente que replica movimientos humanos utilizando \u00fanicamente la c\u00e1mara de un celular.<\/p>\n\n\n\n<blockquote class=\"wp-block-quote is-layout-flow wp-block-quote-is-layout-flow\">\n<p>\u201cUno de los proyectos desarrollados fue una pr\u00f3tesis de mano electr\u00f3nica que utiliza el acto de la imitaci\u00f3n para generar sus movimientos. Como sabemos, la imitaci\u00f3n est\u00e1 presente en nuestro d\u00eda a d\u00eda, ya que nosotros observamos alg\u00fan movimiento y lo reflejamos en nuestro comportamiento o movimiento\u201d, explica Ronald.<\/p>\n<\/blockquote>\n\n\n\n<p>Otro proyecto relevante fue el sistema de monitoreo de contaminaci\u00f3n del agua desarrollado junto a otros estudiantes de Ingenier\u00eda de Sistemas de Unifranz, agrupados bajo el nombre ViewGreenTec.<\/p>\n\n\n\n<blockquote class=\"wp-block-quote is-layout-flow wp-block-quote-is-layout-flow\">\n<p>\u201cEl proyecto consisti\u00f3 en desarrollar un sistema de monitoreo para medir los niveles de contaminaci\u00f3n h\u00eddrica en zonas acu\u00edferas. El objetivo fue verificar estos niveles de contaminaci\u00f3n para extraerlos y as\u00ed, por ejemplo, algunas comunidades puedan adjuntar los datos como pruebas y solicitar trabajos de limpieza\u201d, explica.<\/p>\n<\/blockquote>\n\n\n\n<p>Esta l\u00f3gica de trabajo por objetivos refleja la transformaci\u00f3n del mercado laboral, especialmente en el \u00e1rea tecnol\u00f3gica.<\/p>\n\n\n\n<p>Hoy, las organizaciones valoran profesionales que comprendan metodolog\u00edas \u00e1giles, trabajo colaborativo y enfoque en soluciones eficientes. En ese sentido, los proyectos desarrollados durante la carrera permitieron a Ronald aplicar conocimientos de programaci\u00f3n, an\u00e1lisis de datos y desarrollo de sistemas en contextos concretos, fortaleciendo su capacidad de respuesta ante desaf\u00edos reales.<\/p>\n\n\n\n<p>Adem\u00e1s del componente t\u00e9cnico, la participaci\u00f3n en eventos acad\u00e9micos internos y externos contribuy\u00f3 a consolidar su perfil profesional.<\/p>\n\n\n\n<blockquote class=\"wp-block-quote is-layout-flow wp-block-quote-is-layout-flow\">\n<p>\u201cPara m\u00ed, la experiencia acad\u00e9mica en Unifranz fue altamente positiva, porque pude aplicar todos los conocimientos planteados en el aula por los distintos docentes. en pr\u00e1cticamente todos los eventos internos y externos desarrollados por la propia Unifranz. He desarrollado proyectos con el enfoque pr\u00e1ctico y as\u00ed estar mejor preparado y m\u00e1s animado para enfrentar el mundo laboral\u201d, destaca el ingeniero graduado de Unifranz.<\/p>\n<\/blockquote>\n\n\n\n<p>La experiencia de Ronald demuestra que cuando la universidad apuesta por metodolog\u00edas activas, aprendizaje basado en proyectos e integraci\u00f3n entre \u00e1reas, los estudiantes no solo adquieren conocimientos, sino tambi\u00e9n competencias laborales tangibles. La transici\u00f3n del aula al trabajo deja de ser un salto incierto y se convierte en una continuidad natural del proceso formativo.<\/p>\n\n\n\n<p>Hoy, ya inserto en el mercado laboral, en una empresa reconocida a nivel nacional, Ronald confirma que las bases construidas durante su formaci\u00f3n universitaria le permitieron afrontar con seguridad entrevistas, pruebas t\u00e9cnicas y desaf\u00edos profesionales. Su historia refleja c\u00f3mo la educaci\u00f3n superior, cuando est\u00e1 orientada a resultados y a la pr\u00e1ctica real, se convierte en el puente directo hacia el \u00e9xito profesional.<\/p>","protected":false},"excerpt":{"rendered":"<p>Ronald Choque, graduado de Ingenier\u00eda de Sistemas de Unifranz, demuestra c\u00f3mo los proyectos universitarios fortalecen competencias laborales reales. Gracias al aprendizaje basado en proyectos, logr\u00f3 insertarse r\u00e1pidamente en el mercado laboral y afrontar con \u00e9xito entrevistas y pruebas t\u00e9cnicas.<\/p>","protected":false},"author":51,"featured_media":711943,"comment_status":"open","ping_status":"open","sticky":false,"template":"","format":"standard","meta":{"_acf_changed":false,"footnotes":""},"categories":[60],"tags":[266,11737,3768,47,2802,11938,448,1422,2960,41,1596,218,242],"class_list":["post-711942","post","type-post","status-publish","format-standard","has-post-thumbnail","hentry","category-blog","tag-bolivia","tag-certificacion-internacional-qs","tag-competencias-laborales","tag-el-alto","tag-empleabilidad","tag-graduado-unifranz","tag-ingenieria-de-sistemas","tag-innovacion-en-educacion","tag-insercion-laboral","tag-la-paz","tag-proyectos-integradores","tag-tecnologia","tag-unifranz"],"acf":[],"_links":{"self":[{"href":"https:\/\/unifranz.edu.bo\/pt\/wp-json\/wp\/v2\/posts\/711942","targetHints":{"allow":["GET"]}}],"collection":[{"href":"https:\/\/unifranz.edu.bo\/pt\/wp-json\/wp\/v2\/posts"}],"about":[{"href":"https:\/\/unifranz.edu.bo\/pt\/wp-json\/wp\/v2\/types\/post"}],"author":[{"embeddable":true,"href":"https:\/\/unifranz.edu.bo\/pt\/wp-json\/wp\/v2\/users\/51"}],"replies":[{"embeddable":true,"href":"https:\/\/unifranz.edu.bo\/pt\/wp-json\/wp\/v2\/comments?post=711942"}],"version-history":[{"count":2,"href":"https:\/\/unifranz.edu.bo\/pt\/wp-json\/wp\/v2\/posts\/711942\/revisions"}],"predecessor-version":[{"id":711947,"href":"https:\/\/unifranz.edu.bo\/pt\/wp-json\/wp\/v2\/posts\/711942\/revisions\/711947"}],"wp:featuredmedia":[{"embeddable":true,"href":"https:\/\/unifranz.edu.bo\/pt\/wp-json\/wp\/v2\/media\/711943"}],"wp:attachment":[{"href":"https:\/\/unifranz.edu.bo\/pt\/wp-json\/wp\/v2\/media?parent=711942"}],"wp:term":[{"taxonomy":"category","embeddable":true,"href":"https:\/\/unifranz.edu.bo\/pt\/wp-json\/wp\/v2\/categories?post=711942"},{"taxonomy":"post_tag","embeddable":true,"href":"https:\/\/unifranz.edu.bo\/pt\/wp-json\/wp\/v2\/tags?post=711942"}],"curies":[{"name":"wp","href":"https:\/\/api.w.org\/{rel}","templated":true}]}}