{"id":711746,"date":"2026-02-04T18:12:30","date_gmt":"2026-02-04T22:12:30","guid":{"rendered":"https:\/\/unifranz.edu.bo\/?p=711746"},"modified":"2026-02-04T18:12:32","modified_gmt":"2026-02-04T22:12:32","slug":"la-inteligencia-artificial-ya-esta-en-la-universidad-pero-estamos-preparados-para-usarla-bien","status":"publish","type":"post","link":"https:\/\/unifranz.edu.bo\/pt\/blog\/la-inteligencia-artificial-ya-esta-en-la-universidad-pero-estamos-preparados-para-usarla-bien\/","title":{"rendered":"La inteligencia artificial ya est\u00e1 en la universidad, pero \u00bfestamos preparados para usarla bien?"},"content":{"rendered":"<p>La inteligencia artificial (IA) dej\u00f3 de ser una promesa futurista para convertirse en una realidad cotidiana dentro de las universidades. Desde plataformas que personalizan el aprendizaje hasta herramientas capaces de redactar textos, analizar datos o apoyar procesos administrativos, la IA ya forma parte del ecosistema acad\u00e9mico. Sin embargo, su presencia plantea una pregunta clave: \u00bflas universidades est\u00e1n realmente preparadas para usarla de manera \u00e9tica, cr\u00edtica y responsable?<\/p>\n\n\n\n<p>El informe \u201cLos desaf\u00edos de la IA en la educaci\u00f3n superior y las respuestas institucionales\u201d, elaborado por UNESCO-IESALC, advierte que el principal reto no es tecnol\u00f3gico, sino formativo. El documento subraya que la IA \u201cdebe complementar, y no sustituir, la inteligencia humana\u201d, y alerta sobre la ausencia de marcos claros de competencias que orienten su uso en la educaci\u00f3n superior. Sin estas gu\u00edas, la adopci\u00f3n de la IA corre el riesgo de ser fragmentada, desigual y poco reflexiva.<\/p>\n\n\n\n<blockquote class=\"wp-block-quote is-layout-flow wp-block-quote-is-layout-flow\">\n<p>Esta preocupaci\u00f3n coincide con la visi\u00f3n de la Universidad Franz Tamayo (Unifranz), que concibe a la IA como un eje estrat\u00e9gico de transformaci\u00f3n educativa, pero siempre con el ser humano en el centro. Para esta instituci\u00f3n, la IA no reemplaza al docente, sino que ampl\u00eda sus capacidades pedag\u00f3gicas. As\u00ed lo explica Sara Yoshino Otsuka, jefa nacional de Ense\u00f1anza y Aprendizaje de Unifranz, al se\u00f1alar que \u201cla inteligencia artificial no viene a reemplazar al docente, sino a potenciarlo, permiti\u00e9ndole enfocarse en el acompa\u00f1amiento y el desarrollo de habilidades en los estudiantes\u201d.<\/p>\n<\/blockquote>\n\n\n\n<p>El informe de UNESCO-IESALC respalda esta idea al afirmar que el rol del profesorado es insustituible, especialmente en dimensiones como la \u00e9tica, el pensamiento cr\u00edtico y la responsabilidad social. De hecho, el documento alerta sobre los temores que existen entre los docentes, relacionados con el plagio, los sesgos algor\u00edtmicos o la p\u00e9rdida de la integridad acad\u00e9mica, y enfatiza que estas preocupaciones no se resuelven prohibiendo la tecnolog\u00eda, sino formando criterios s\u00f3lidos para su uso.<\/p>\n\n\n\n<p>Uno de los datos m\u00e1s reveladores del informe es que el 58% de los estudiantes manifiesta no sentirse preparado para un futuro laboral atravesado por la IA, y casi la mitad considera que la universidad no les brinda las herramientas necesarias para enfrentar ese escenario. Esta brecha formativa confirma que el uso cotidiano de la tecnolog\u00eda no equivale a una alfabetizaci\u00f3n en inteligencia artificial.<\/p>\n\n\n\n<p>En este punto, Unifranz destaca el potencial de la IA para personalizar el aprendizaje y atender la diversidad del aula. Seg\u00fan Clara Sol\u00f3rzano, responsable de la Jefatura de Ense\u00f1anza y Aprendizaje, la IA permite identificar dificultades espec\u00edficas y adaptar estrategias pedag\u00f3gicas, lo que favorece una educaci\u00f3n m\u00e1s equitativa. Esta perspectiva dialoga con el enfoque de UNESCO-IESALC, que sostiene que la alfabetizaci\u00f3n en IA debe incluir competencias transversales como la comunicaci\u00f3n, el trabajo colaborativo y la capacidad de evaluar cr\u00edticamente la informaci\u00f3n generada por sistemas automatizados.<\/p>\n\n\n\n<p>Otro aspecto clave es la inclusi\u00f3n. En contextos diversos como el boliviano, Unifranz resalta que la IA puede convertirse en un puente para reducir barreras ling\u00fc\u00edsticas y de accesibilidad, mediante herramientas de traducci\u00f3n, lectura automatizada o subtitulado en tiempo real. El informe de la UNESCO coincide en que la IA solo ser\u00e1 leg\u00edtima en la educaci\u00f3n superior si contribuye a construir sistemas m\u00e1s justos, inclusivos y socialmente responsables.<\/p>\n\n\n\n<blockquote class=\"wp-block-quote is-layout-flow wp-block-quote-is-layout-flow\">\n<p>De cara al futuro, UNESCO-IESALC propone adaptar los marcos de competencias existentes \u2014hoy enfocados principalmente en la educaci\u00f3n b\u00e1sica o en perfiles t\u00e9cnicos\u2014 a las particularidades de la universidad: la investigaci\u00f3n, la interdisciplinariedad y la vinculaci\u00f3n con la sociedad. En esa misma l\u00ednea, la rectora nacional de Unifranz, Ver\u00f3nica \u00c1greda de Pazos, ha se\u00f1alado que la inteligencia artificial generativa \u201cest\u00e1 llamada a revolucionar la forma en que ense\u00f1amos y aprendemos\u201d, por lo que la educaci\u00f3n superior debe anticiparse y formar profesionales con criterio \u00e9tico y pensamiento cr\u00edtico.<\/p>\n<\/blockquote>\n\n\n\n<p>En definitiva, la inteligencia artificial ya est\u00e1 en la universidad. El desaf\u00edo no es decidir si usarla o no, sino c\u00f3mo hacerlo. Tanto UNESCO-IESALC como Unifranz coinciden en un punto esencial: sin marcos claros, formaci\u00f3n adecuada y una visi\u00f3n humanista, la IA puede profundizar brechas. Con orientaci\u00f3n \u00e9tica y pedag\u00f3gica, en cambio, puede convertirse en una aliada clave para una educaci\u00f3n superior m\u00e1s pertinente y transformadora.<\/p>","protected":false},"excerpt":{"rendered":"<p>M\u00e1s que tecnolog\u00eda, la IA exige formaci\u00f3n humana. As\u00ed se prepara la universidad para usarla de manera responsable.<\/p>","protected":false},"author":49,"featured_media":711753,"comment_status":"open","ping_status":"open","sticky":false,"template":"","format":"standard","meta":{"_acf_changed":false,"footnotes":""},"categories":[60],"tags":[9432,266,11569,320,53,386,1422,3446,11118,242],"class_list":["post-711746","post","type-post","status-publish","format-standard","has-post-thumbnail","hentry","category-blog","tag-algoritmos","tag-bolivia","tag-calidad-academica-2","tag-docentes","tag-educacion","tag-estudiantes","tag-innovacion-en-educacion","tag-inteligencia-artificial","tag-unesco-iesalc-2","tag-unifranz"],"acf":[],"_links":{"self":[{"href":"https:\/\/unifranz.edu.bo\/pt\/wp-json\/wp\/v2\/posts\/711746","targetHints":{"allow":["GET"]}}],"collection":[{"href":"https:\/\/unifranz.edu.bo\/pt\/wp-json\/wp\/v2\/posts"}],"about":[{"href":"https:\/\/unifranz.edu.bo\/pt\/wp-json\/wp\/v2\/types\/post"}],"author":[{"embeddable":true,"href":"https:\/\/unifranz.edu.bo\/pt\/wp-json\/wp\/v2\/users\/49"}],"replies":[{"embeddable":true,"href":"https:\/\/unifranz.edu.bo\/pt\/wp-json\/wp\/v2\/comments?post=711746"}],"version-history":[{"count":1,"href":"https:\/\/unifranz.edu.bo\/pt\/wp-json\/wp\/v2\/posts\/711746\/revisions"}],"predecessor-version":[{"id":711748,"href":"https:\/\/unifranz.edu.bo\/pt\/wp-json\/wp\/v2\/posts\/711746\/revisions\/711748"}],"wp:featuredmedia":[{"embeddable":true,"href":"https:\/\/unifranz.edu.bo\/pt\/wp-json\/wp\/v2\/media\/711753"}],"wp:attachment":[{"href":"https:\/\/unifranz.edu.bo\/pt\/wp-json\/wp\/v2\/media?parent=711746"}],"wp:term":[{"taxonomy":"category","embeddable":true,"href":"https:\/\/unifranz.edu.bo\/pt\/wp-json\/wp\/v2\/categories?post=711746"},{"taxonomy":"post_tag","embeddable":true,"href":"https:\/\/unifranz.edu.bo\/pt\/wp-json\/wp\/v2\/tags?post=711746"}],"curies":[{"name":"wp","href":"https:\/\/api.w.org\/{rel}","templated":true}]}}