{"id":711704,"date":"2026-02-03T18:56:15","date_gmt":"2026-02-03T22:56:15","guid":{"rendered":"https:\/\/unifranz.edu.bo\/?p=711704"},"modified":"2026-02-03T18:56:18","modified_gmt":"2026-02-03T22:56:18","slug":"cancer-de-piel-mitos-que-nos-ponen-en-riesgo-y-lo-que-realmente-debes-saber-para-protegerte","status":"publish","type":"post","link":"https:\/\/unifranz.edu.bo\/pt\/blog\/cancer-de-piel-mitos-que-nos-ponen-en-riesgo-y-lo-que-realmente-debes-saber-para-protegerte\/","title":{"rendered":"C\u00e1ncer de piel: mitos que nos ponen en riesgo y lo que realmente debes saber para protegerte"},"content":{"rendered":"<p>\u00bfQu\u00e9 es el c\u00e1ncer de piel?, \u00bfqui\u00e9nes tienen mayor riesgo?, \u00bfc\u00f3mo se manifiesta?, \u00bfpor qu\u00e9 el sol y la altura influyen?, \u00bfy qu\u00e9 cuidados son realmente efectivos? Estas preguntas cobran urgencia ante la desinformaci\u00f3n que circula en redes y conversaciones cotidianas. Desmitificar creencias err\u00f3neas puede marcar la diferencia entre una detecci\u00f3n temprana y un diagn\u00f3stico tard\u00edo.<\/p>\n\n\n\n<blockquote class=\"wp-block-quote is-layout-flow wp-block-quote-is-layout-flow\">\n<p>\u201cEl c\u00e1ncer de piel es el crecimiento anormal y descontrolado de las c\u00e9lulas de la piel originando lesiones tumorales anormales, es uno de los c\u00e1nceres m\u00e1s frecuentes. La predisposici\u00f3n gen\u00e9tica, es un factor bastante importante, debido a que un paciente gen\u00e9ticamente predispuesto desarrollar\u00e1 cualquiera de los tipos de c\u00e1ncer de piel en un futuro, incluso el riesgo se eleva m\u00e1s cuando se expone a factores desencadenantes como la exposici\u00f3n solar o nicotina\u201d, explica Edith Viviana Apaza, docente en la carrera de Medicina de la Universidad Franz Tamayo (Unifranz).<\/p>\n<\/blockquote>\n\n\n\n<p>Este mi\u00e9rcoles 4 de febrero se conmemora el D\u00eda Mundial contra el C\u00e1ncer a fin de sensibilizar, prevenir y fomentar la detecci\u00f3n temprana de esta enfermedad y reducir muertes evitables mediante h\u00e1bitos saludables y mejor acceso a tratamientos.<\/p>\n\n\n\n<p><strong>No todos los \u201cgranitos\u201d son inofensivos<\/strong><\/p>\n\n\n\n<p>Uno de los mitos m\u00e1s comunes es creer que el c\u00e1ncer de piel siempre luce como una mancha oscura o un lunar evidente. La realidad es distinta.<\/p>\n\n\n\n<p>Apaza puntualiza que \u201chay varios tipos de c\u00e1ncer de piel. Sin embargo, son tres los que se deben considerar, en orden de frecuencia: el Carcinoma basocelular, el Carcinoma epidermoide y el Melanoma. La forma de presentaci\u00f3n de cada una de ellas es variada; la m\u00e1s frecuente aparece como un granito que se ulcera y nunca cicatriza y que al solo roce comienza a sangrar; otra forma de presentaci\u00f3n es como un lunar que apareci\u00f3 de repente en una persona adulta por encima de los 45 a\u00f1os, \u00e9ste tambi\u00e9n se ulcera y sangra cada vez que se lo toca\u201d.<\/p>\n\n\n\n<p>Detectar estas se\u00f1ales tempranas es clave para un tratamiento oportuno.<\/p>\n\n\n\n<p><strong>El sol s\u00ed es un detonante acumulativo<\/strong><\/p>\n\n\n\n<p>Existe la falsa idea de que solo largas exposiciones recientes al sol generan da\u00f1o. Sin embargo, el efecto es progresivo y acumulativo.<\/p>\n\n\n\n<blockquote class=\"wp-block-quote is-layout-flow wp-block-quote-is-layout-flow\">\n<p>\u201cLa fotoexposici\u00f3n cr\u00f3nica es uno de los factores m\u00e1s importantes para desarrollar el c\u00e1ncer de piel, los rayos del sol sobre todo los de tipo UVB penetran dentro de las c\u00e9lulas de la piel ocasionando alteraciones del ADN celular (\u2026). Cabe destacar que la fotoexposici\u00f3n es sumativa\u201d, aclara la doctora.<\/p>\n<\/blockquote>\n\n\n\n<p><strong>Lunares, verrugas y se\u00f1ales que deben observarse<\/strong><\/p>\n\n\n\n<p>Otro mito frecuente es que todos los lunares deben retirarse o que las verrugas no representan riesgo.<\/p>\n\n\n\n<p>\u201cHay cierto tipo de lunares, que en dermatolog\u00eda se los conoce como nevos at\u00edpicos, que, de manera abrupta, cambian de color o comienzan a crecer y ocasiona molestias. En esos casos tal vez se los podr\u00eda considerar como una lesi\u00f3n precancerosa\u201d, se\u00f1ala la docente universitaria con especialidad en dermatolog\u00eda.&nbsp;<\/p>\n\n\n\n<p>Sobre las verrugas, a\u00f1ade que \u201cson lesiones causadas por virus. Por ejemplo, las cepas oncog\u00e9nicas del virus del papiloma humano est\u00e1n asociados a c\u00e1ncer de piel, sobre todo al Carcinoma epidermoide\u201d.<\/p>\n\n\n\n<p><strong>Vivir en la altura incrementa el riesgo<\/strong><\/p>\n\n\n\n<p>En ciudades como La Paz, este factor cobra especial importancia.<\/p>\n\n\n\n<p>\u201cLa altura es un factor importante para desarrollar c\u00e1ncer de piel, debido a que hay una mayor penetraci\u00f3n de los rayos UVB y UBA sobre las c\u00e9lulas de la piel\u201d.<\/p>\n\n\n\n<p><strong>Fotoprotecci\u00f3n diaria, no ocasional<\/strong><\/p>\n\n\n\n<p>Usar protector solar solo cuando se sale de paseo es otro error com\u00fan.<\/p>\n\n\n\n<blockquote class=\"wp-block-quote is-layout-flow wp-block-quote-is-layout-flow\">\n<p>\u201cLos cuidados que se debe tener para prevenir el c\u00e1ncer de piel es la fotoprotecci\u00f3n diaria y no solo cuando se saldr\u00e1 fuera de la casa, utilizando medios f\u00edsicos como sombrillas, sombreros, asociado al uso de fotoprotectores solares\u201d, recomienda Apaza.<\/p>\n<\/blockquote>\n\n\n\n<p><strong>\u00bfQui\u00e9n debe diagnosticar?<\/strong><\/p>\n\n\n\n<p>La especialista es enf\u00e1tica frente a pr\u00e1cticas est\u00e9ticas riesgosas y asegura que los dermat\u00f3logos son los \u00fanicos capacitados hasta el momento para el diagn\u00f3stico y advierte que \u201cno todos los lunares deben ser retirados, y si se los retira por est\u00e9tica, se los debe extraer por completo y no con equipos como el l\u00e1ser o plasma pen, ya que nuevamente vuelven a aparecer\u201d.<\/p>\n\n\n\n<p>Comprender estos aspectos ayuda a desmontar mitos y asumir conductas responsables. El c\u00e1ncer de piel es prevenible y tratable si se detecta a tiempo. La informaci\u00f3n correcta, basada en evidencia m\u00e9dica y diagn\u00f3stico dermatol\u00f3gico, es la primera barrera de protecci\u00f3n.<\/p>","protected":false},"excerpt":{"rendered":"<p>C\u00e1ncer de piel: mitos, se\u00f1ales de alerta y la importancia de la fotoprotecci\u00f3n diaria, sobre todo en ciudades de altura.<\/p>","protected":false},"author":50,"featured_media":711705,"comment_status":"open","ping_status":"open","sticky":false,"template":"","format":"standard","meta":{"_acf_changed":false,"footnotes":""},"categories":[60],"tags":[11030,8940,10666,53,1422,49,124,242],"class_list":["post-711704","post","type-post","status-publish","format-standard","has-post-thumbnail","hentry","category-blog","tag-cancer-2","tag-cancer-de-piel","tag-dia-mundial-contra-el-cancer","tag-educacion","tag-innovacion-en-educacion","tag-medicina","tag-salud","tag-unifranz"],"acf":[],"_links":{"self":[{"href":"https:\/\/unifranz.edu.bo\/pt\/wp-json\/wp\/v2\/posts\/711704","targetHints":{"allow":["GET"]}}],"collection":[{"href":"https:\/\/unifranz.edu.bo\/pt\/wp-json\/wp\/v2\/posts"}],"about":[{"href":"https:\/\/unifranz.edu.bo\/pt\/wp-json\/wp\/v2\/types\/post"}],"author":[{"embeddable":true,"href":"https:\/\/unifranz.edu.bo\/pt\/wp-json\/wp\/v2\/users\/50"}],"replies":[{"embeddable":true,"href":"https:\/\/unifranz.edu.bo\/pt\/wp-json\/wp\/v2\/comments?post=711704"}],"version-history":[{"count":1,"href":"https:\/\/unifranz.edu.bo\/pt\/wp-json\/wp\/v2\/posts\/711704\/revisions"}],"predecessor-version":[{"id":711706,"href":"https:\/\/unifranz.edu.bo\/pt\/wp-json\/wp\/v2\/posts\/711704\/revisions\/711706"}],"wp:featuredmedia":[{"embeddable":true,"href":"https:\/\/unifranz.edu.bo\/pt\/wp-json\/wp\/v2\/media\/711705"}],"wp:attachment":[{"href":"https:\/\/unifranz.edu.bo\/pt\/wp-json\/wp\/v2\/media?parent=711704"}],"wp:term":[{"taxonomy":"category","embeddable":true,"href":"https:\/\/unifranz.edu.bo\/pt\/wp-json\/wp\/v2\/categories?post=711704"},{"taxonomy":"post_tag","embeddable":true,"href":"https:\/\/unifranz.edu.bo\/pt\/wp-json\/wp\/v2\/tags?post=711704"}],"curies":[{"name":"wp","href":"https:\/\/api.w.org\/{rel}","templated":true}]}}