{"id":711597,"date":"2026-01-30T17:26:49","date_gmt":"2026-01-30T21:26:49","guid":{"rendered":"https:\/\/unifranz.edu.bo\/?p=711597"},"modified":"2026-01-30T17:26:52","modified_gmt":"2026-01-30T21:26:52","slug":"ideas-circulares-un-nuevo-ciclo-para-transformar-basura-en-oportunidades","status":"publish","type":"post","link":"https:\/\/unifranz.edu.bo\/pt\/blog\/ideas-circulares-un-nuevo-ciclo-para-transformar-basura-en-oportunidades\/","title":{"rendered":"\u201cIdeas Circulares\u201d, un nuevo ciclo para transformar basura en oportunidades"},"content":{"rendered":"<p>En Bolivia, cada d\u00eda, m\u00e1s de 7.000 toneladas de residuos terminan en botaderos y rellenos sanitarios, creando monta\u00f1as de un problema a punto de estallar. La soluci\u00f3n es que la basura deje de ser el final de una historia y se convierta en el inicio de otra. De esta premisa naci\u00f3 el Fondo Concursable \u201cIdeas Circulares\u201d, una iniciativa que apuesta por transformar los desechos en oportunidades econ\u00f3micas, empleo verde y desarrollo sostenible.<\/p>\n\n\n\n<blockquote class=\"wp-block-quote is-layout-flow wp-block-quote-is-layout-flow\">\n<p>\u201cVivimos en una econom\u00eda lineal donde producimos, usamos y desechamos. La econom\u00eda circular&nbsp; propone que todo lo que parece que termina pueda volver a iniciarse. Es decir, reintegrar los residuos para producir cosas nuevas\u201d, se\u00f1ala Xiomara Zambrana, directora del Instituto de la Mujer y Empresa&nbsp; (IME).<\/p>\n<\/blockquote>\n\n\n\n<p>Este 28 de enero, Bolivia dio un paso decisivo hacia un modelo de desarrollo m\u00e1s sostenible. La Universidad Franz Tamayo (Unifranz), a trav\u00e9s del IME y el Programa de Desarrollo Urbano Sostenible de la Cooperaci\u00f3n Alemana (GIZ\/ProUrbano) -financiado por la Uni\u00f3n Europea y Alemania-&nbsp; lanzaron oficialmente el Fondo Concursable \u201cIdeas Circulares\u201d, una iniciativa que busca convertir los problemas ambientales en motores de innovaci\u00f3n.<\/p>\n\n\n\n<h2 class=\"wp-block-heading\"><strong>Un fondo para cambiar la l\u00f3gica de producci\u00f3n<\/strong><\/h2>\n\n\n\n<p>\u201cIdeas Circulares\u201d destinar\u00e1 aproximadamente 85 mil euros en fondos no reembolsables, para financiar entre siete y doce proyectos de microempresas, peque\u00f1as y medianas empresas, startups y asociaciones de recuperadores de base en La Paz, Cochabamba y Santa Cruz.<\/p>\n\n\n\n<p>M\u00e1s que un simple fondo econ\u00f3mico, la iniciativa incluye un acompa\u00f1amiento t\u00e9cnico y de formaci\u00f3n durante seis meses. Este apoyo, en diferentes dimensiones, es lo que marca una diferencia frente a otros concursos.<\/p>\n\n\n\n<blockquote class=\"wp-block-quote is-layout-flow wp-block-quote-is-layout-flow\">\n<p>\u201cEste fondo no concluye cuando se entrega el dinero. Acompa\u00f1amos al ganador a hacer realidad su proyecto, con expertos que ayudan a implementarlo de manera efectiva\u201d, explica Moira G\u00e1lvez, del programa GIZ ProUrbano.<\/p>\n<\/blockquote>\n\n\n\n<p>Para Zambrana, del IME de Unifranz, la econom\u00eda circular es, en esencia, un cambio en el ciclo de consumo y producci\u00f3n con una renovada mirada. Ese cambio se traduce en proyectos que pueden ir desde el ecodise\u00f1o de productos, el aprovechamiento de mermas industriales, la transformaci\u00f3n de residuos en nuevos bienes, hasta modelos de alquiler y reutilizaci\u00f3n que reduzcan el consumo.<\/p>\n\n\n\n<blockquote class=\"wp-block-quote is-layout-flow wp-block-quote-is-layout-flow\">\n<p>\u201cEl componente principal de este tipo de proyectos es la innovaci\u00f3n, es decir, solucionar un problema de manera diferente. Hay startups que alquilan bicicletas o lavadoras. Eso hace que consumamos menos y que podamos impulsar una mejor econom\u00eda circular\u201d, explica Zambrana.<\/p>\n<\/blockquote>\n\n\n\n<h2 class=\"wp-block-heading\"><strong>Mujeres y recicladoras, en el centro del modelo<\/strong><\/h2>\n\n\n\n<p>Uno de los pilares de \u201cIdeas Circulares\u201d es su enfoque de g\u00e9nero y de inclusi\u00f3n social. El fondo prioriza iniciativas lideradas por mujeres y, por primera vez, abre una puerta a las asociaciones de recuperadores de base, un sector hist\u00f3ricamente invisibilizado.<\/p>\n\n\n\n<p>\u201cEste fondo tambi\u00e9n se diferencia de otros porque toma en cuenta a las asociaciones de recuperadores de base que sabemos que la gran mayor\u00eda est\u00e1n lideradas y compuestas por mujeres\u201d, subraya G\u00e1lvez.<\/p>\n\n\n\n<figure class=\"wp-block-embed is-type-video is-provider-youtube wp-block-embed-youtube wp-embed-aspect-16-9 wp-has-aspect-ratio\"><div class=\"wp-block-embed__wrapper\">\n<iframe loading=\"lazy\" title=\"Ideas Circulares: el fondo que transforma basura en oportunidades en Bolivia\" width=\"500\" height=\"281\" src=\"https:\/\/www.youtube.com\/embed\/proV2GZyUdw?feature=oembed\" frameborder=\"0\" allow=\"accelerometer; autoplay; clipboard-write; encrypted-media; gyroscope; picture-in-picture; web-share\" referrerpolicy=\"strict-origin-when-cross-origin\" allowfullscreen><\/iframe>\n<\/div><\/figure>\n\n\n\n<p>Zambrana a\u00f1ade que en Bolivia la mayor\u00eda de las peque\u00f1as y medianas empresas est\u00e1n lideradas por mujeres, muchas de las cuales ya est\u00e1n apostando por la sostenibilidad, Sin embargo, a\u00fan tienen dificultades, en lo financiero y t\u00e9cnico, para escalar sus ideas.<\/p>\n\n\n\n<blockquote class=\"wp-block-quote is-layout-flow wp-block-quote-is-layout-flow\">\n<p>\u201cNo solo se trata solo de negocios, se trata de crear empleos verdes, mejorar ingresos y generar impacto ambiental, social y econ\u00f3mico al mismo tiempo\u201d, enfatiza.<\/p>\n<\/blockquote>\n\n\n\n<h2 class=\"wp-block-heading\"><strong>El respaldo del Estado y la cooperaci\u00f3n internacional<\/strong><\/h2>\n\n\n\n<p>La viceministra de Recursos H\u00eddricos y Saneamiento B\u00e1sico, Viviana Mariscal, destac\u00f3 que el fondo es una oportunidad para formalizar y fortalecer iniciativas que ya existen en las calles. \u201cTenemos un pa\u00eds creativo. De aqu\u00ed van a surgir nuevos negocios que evitar\u00e1n que residuos terminen en botaderos y convertir\u00e1n a los recicladores en l\u00edderes en gesti\u00f3n de residuos\u201d.<\/p>\n\n\n\n<p>Desde la cooperaci\u00f3n internacional, el embajador de Alemania en Bolivia, Jos\u00e9 Schulz, record\u00f3 que el crecimiento econ\u00f3mico sin control genera m\u00e1s basura y que se debe buscar una soluci\u00f3n para ello. \u201cUn mundo que crece produce residuos. La econom\u00eda circular busca producir lo m\u00ednimo posible de basura y reutilizar lo que ya existe\u201d.<\/p>\n\n\n\n<p>En la misma l\u00ednea, el embajador de la Uni\u00f3n Europea, Jaume Segura, subray\u00f3 que Europa quiere compartir su experiencia, pero tambi\u00e9n aprender de la creatividad boliviana. \u201cQueremos que esas ideas se traduzcan en negocios sostenibles, con mentor\u00eda y asistencia t\u00e9cnica para que realmente despeguen\u201d.<\/p>\n\n\n\n<h2 class=\"wp-block-heading\"><strong>Un fondo para impulsar el cambio&nbsp;<\/strong><\/h2>\n\n\n\n<p>Los interesados pueden participar en dos categor\u00edas: implementadora y exploradora. En la primera, la empresa u organizaci\u00f3n ya debe aplicar principios de econom\u00eda circular dentro de su modelo de negocio, ya sea en la gesti\u00f3n operativa de residuos, el redise\u00f1o de productos, el uso de materiales reciclados o reutilizables, o cualquier otra estrategia circular.<\/p>\n\n\n\n<p>La segunda est\u00e1 dirigida a empresas u organizaciones en proceso de transici\u00f3n o que deseen incorporar pr\u00e1cticas de econom\u00eda circular con enfoque en residuos y que busquen apoyo financiero y t\u00e9cnico para implementar medidas.&nbsp;<\/p>\n\n\n\n<p>Pueden participar asociaciones de recuperadores de base, microempresas, organizaciones productivas o de servicio con hasta 10 empleados, PyMEs y Start-ups de La Paz, Cochabamba y Santa Cruz. En todos los casos deben tener un m\u00ednimo de un a\u00f1o de operaciones demostrables en Bolivia, adem\u00e1s deben estar legalmente establecidas.<\/p>\n\n\n\n<p>No pueden participar quienes hayan recibido fondos no reembolsables en los \u00faltimos 18 meses, organizaciones de soporte exclusivo, cooperativas, fundaciones sin actividad productiva, empresas grandes, entidades p\u00fablicas y la academia. Si tiene dudas, puede escribir al correo <a href=\"mailto:ideascirculares@unifranz.edu.bo\">ideascirculares@unifranz.edu.bo<\/a>.&nbsp;<\/p>\n\n\n\n<p>Si las expectativas se cumplen, de este fondo no solo saldr\u00e1n emprendimientos exitosos, sino una nueva forma de entender el valor de los residuos. Ya no se entender\u00e1 los desechos como basura, sino como la materia prima de una Bolivia m\u00e1s verde, m\u00e1s justa y m\u00e1s resiliente.<\/p>","protected":false},"excerpt":{"rendered":"<p>Unifranz y la GIZ lanzan Ideas Circulares, un fondo que convierte basura en oportunidades mediante econom\u00eda circular y emprendimiento verde.<\/p>","protected":false},"author":53,"featured_media":711598,"comment_status":"open","ping_status":"open","sticky":false,"template":"","format":"standard","meta":{"_acf_changed":false,"footnotes":""},"categories":[60],"tags":[4220,53,11889,11888,11890,404,1422,928,10344,11864,218,242,7075],"class_list":["post-711597","post","type-post","status-publish","format-standard","has-post-thumbnail","hentry","category-blog","tag-economia-circular","tag-educacion","tag-fondo-concursable","tag-giz-prourbano","tag-ideas-circulares","tag-ime","tag-innovacion-en-educacion","tag-instituto-de-la-mujer-empresa-es","tag-recicladores","tag-reutilizar","tag-tecnologia","tag-unifranz","tag-union-europea"],"acf":[],"_links":{"self":[{"href":"https:\/\/unifranz.edu.bo\/pt\/wp-json\/wp\/v2\/posts\/711597","targetHints":{"allow":["GET"]}}],"collection":[{"href":"https:\/\/unifranz.edu.bo\/pt\/wp-json\/wp\/v2\/posts"}],"about":[{"href":"https:\/\/unifranz.edu.bo\/pt\/wp-json\/wp\/v2\/types\/post"}],"author":[{"embeddable":true,"href":"https:\/\/unifranz.edu.bo\/pt\/wp-json\/wp\/v2\/users\/53"}],"replies":[{"embeddable":true,"href":"https:\/\/unifranz.edu.bo\/pt\/wp-json\/wp\/v2\/comments?post=711597"}],"version-history":[{"count":1,"href":"https:\/\/unifranz.edu.bo\/pt\/wp-json\/wp\/v2\/posts\/711597\/revisions"}],"predecessor-version":[{"id":711601,"href":"https:\/\/unifranz.edu.bo\/pt\/wp-json\/wp\/v2\/posts\/711597\/revisions\/711601"}],"wp:featuredmedia":[{"embeddable":true,"href":"https:\/\/unifranz.edu.bo\/pt\/wp-json\/wp\/v2\/media\/711598"}],"wp:attachment":[{"href":"https:\/\/unifranz.edu.bo\/pt\/wp-json\/wp\/v2\/media?parent=711597"}],"wp:term":[{"taxonomy":"category","embeddable":true,"href":"https:\/\/unifranz.edu.bo\/pt\/wp-json\/wp\/v2\/categories?post=711597"},{"taxonomy":"post_tag","embeddable":true,"href":"https:\/\/unifranz.edu.bo\/pt\/wp-json\/wp\/v2\/tags?post=711597"}],"curies":[{"name":"wp","href":"https:\/\/api.w.org\/{rel}","templated":true}]}}