{"id":711565,"date":"2026-01-30T11:52:39","date_gmt":"2026-01-30T15:52:39","guid":{"rendered":"https:\/\/unifranz.edu.bo\/?p=711565"},"modified":"2026-01-30T11:52:43","modified_gmt":"2026-01-30T15:52:43","slug":"a-unifranz-recebe-mais-de-5-000-novos-estudantes-e-consolida-sua-lideranca-educacional-na-bolivia-e-na-regiao","status":"publish","type":"post","link":"https:\/\/unifranz.edu.bo\/pt\/blog\/a-unifranz-recebe-mais-de-5-000-novos-estudantes-e-consolida-sua-lideranca-educacional-na-bolivia-e-na-regiao\/","title":{"rendered":"A Unifranz recebe mais de 5.000 novos estudantes e consolida sua lideran\u00e7a educacional na Bol\u00edvia e na regi\u00e3o"},"content":{"rendered":"<p>A Universidade Franz Tamayo (Unifranz), na Bol\u00edvia, celebra a chegada de mais de cinco mil novos estudantes nacionais e estrangeiros que escolheram esta institui\u00e7\u00e3o de ensino superior para sua forma\u00e7\u00e3o profissional. Esse n\u00famero representa uma das maiores entradas dos \u00faltimos anos e consolida seu posicionamento como refer\u00eancia em inova\u00e7\u00e3o educacional na regi\u00e3o.<\/p>\n\n\n\n<blockquote class=\"wp-block-quote is-layout-flow wp-block-quote-is-layout-flow\">\n<p>\u201cQueremos dar-lhes as mais calorosas boas-vindas \u00e0 Na\u00e7\u00e3o Unifranz. Voc\u00eas iniciar\u00e3o uma nova etapa que marcar\u00e1 seu crescimento pessoal e profissional. Aproveitem cada oportunidade desde o primeiro dia: participem, perguntem e fa\u00e7am uso de todos os servi\u00e7os que a universidade coloca \u00e0 sua disposi\u00e7\u00e3o. Voc\u00eas encontrar\u00e3o uma comunidade que acompanha, orienta e acredita no seu potencial\u201d, afirmou Ninoska Pe\u00f1aloza, diretora nacional de Servi\u00e7os Estudantis da Unifranz.<\/p>\n<\/blockquote>\n\n\n\n<p>A partir de suas quatro sedes \u2014 em La Paz, El Alto, Cochabamba e Santa Cruz \u2014 a universidade promove um modelo educacional disruptivo no qual convergem a paix\u00e3o por aprender, a criatividade e o compromisso com o futuro. Essa nova gera\u00e7\u00e3o marca o in\u00edcio de uma etapa desafiadora, singular e repleta de oportunidades para transformar a educa\u00e7\u00e3o na Bol\u00edvia.<\/p>\n\n\n\n<h2 class=\"wp-block-heading\"><strong>Al\u00e9m das fronteiras<\/strong><\/h2>\n\n\n\n<p>A qualidade educacional da Unifranz j\u00e1 n\u00e3o \u00e9 refer\u00eancia apenas na Bol\u00edvia, mas em v\u00e1rios pa\u00edses da regi\u00e3o. Prova disso \u00e9 que, neste primeiro semestre de 2026, mais de meio milhar de estudantes prov\u00e9m de pa\u00edses vizinhos. Jovens e fam\u00edlias do Peru, Brasil, Argentina e Chile j\u00e1 apostam nesse modelo educacional inovador.<\/p>\n\n\n\n<p>Do total de estudantes estrangeiros matriculados, 87% s\u00e3o provenientes do Peru. Al\u00e9m de uma forma\u00e7\u00e3o certificada que pode competir com universidades de padr\u00e3o internacional, fatores como proximidade geogr\u00e1fica, facilidade nos tr\u00e2mites migrat\u00f3rios e uma cultura compartilhada pesam na escolha da universidade, facilitando a adapta\u00e7\u00e3o.<\/p>\n\n\n\n<p>Outro grupo expressivo, com 8%, \u00e9 o dos estudantes oriundos do Brasil. Nesse caso, o ensino baseado na pr\u00e1tica desde o primeiro dia, aliado a espa\u00e7os com tecnologia de ponta e certifica\u00e7\u00f5es internacionais, figura entre os principais motivos para a escolha da Unifranz.<\/p>\n\n\n\n<p>Nesta gest\u00e3o tamb\u00e9m s\u00e3o recebidos estudantes do Chile, Col\u00f4mbia, Espanha, Argentina, Paraguai, Equador e Venezuela.<\/p>\n\n\n\n<h2 class=\"wp-block-heading\"><strong>Uma comunidade que forma e transforma<\/strong><\/h2>\n\n\n\n<p>\u201cA Unifranz tem uma lideran\u00e7a importante. Sua tecnologia e sua filosofia de ensino do Aprender Fazendo s\u00e3o o que a tornam a melhor op\u00e7\u00e3o; isso nos ajuda a adquirir experi\u00eancia e nos oferece oportunidades de trabalho\u201d, afirmou Juan Reinos C., estudante dos cursos preparat\u00f3rios de Bioqu\u00edmica e Farm\u00e1cia.<\/p>\n\n\n\n<p>Com mais de tr\u00eas d\u00e9cadas formando profissionais, a Unifranz consolidou um modelo educacional centrado no estudante. Por meio do aprender fazendo, a universidade se dedica n\u00e3o apenas \u00e0 transmiss\u00e3o de conhecimentos, mas tamb\u00e9m ao desenvolvimento de compet\u00eancias pr\u00e1ticas que aproximam os alunos do mundo profissional desde o primeiro dia de sua forma\u00e7\u00e3o. O objetivo \u00e9 que cada estudante desenvolva habilidades como pensamento cr\u00edtico, criatividade e lideran\u00e7a.<\/p>\n\n\n\n<blockquote class=\"wp-block-quote is-layout-flow wp-block-quote-is-layout-flow\">\n<p>\u201cN\u00e3o buscamos apenas que os estudantes e novos profissionais sejam competentes em sua \u00e1rea pelo conhecimento adquirido em nossa universidade. Queremos que sejam cidad\u00e3os de verdade, pessoas capazes de contribuir para a sociedade, para a regi\u00e3o ou para a cidade onde vivem. Por isso, a inclus\u00e3o social \u00e9 fundamental para n\u00f3s\u201d, afirmou Carlos Dabdoub, vice-reitor da Unifranz Santa Cruz.<\/p>\n<\/blockquote>\n\n\n\n<p>Neste ano, al\u00e9m do grande n\u00famero de matriculados, a institui\u00e7\u00e3o reafirma seu compromisso com a forma\u00e7\u00e3o global e multicultural por meio de seus programas de internacionaliza\u00e7\u00e3o, alian\u00e7as acad\u00eamicas com universidades dos cinco continentes e experi\u00eancias de mobilidade estudantil que abrem portas para novas perspectivas de aprendizagem e crescimento.<\/p>\n\n\n\n<figure class=\"wp-block-embed is-type-video is-provider-youtube wp-block-embed-youtube wp-embed-aspect-16-9 wp-has-aspect-ratio\"><div class=\"wp-block-embed__wrapper\">\n<iframe loading=\"lazy\" title=\"Bienvenidos a la Naci\u00f3n Unifranz: educaci\u00f3n que transforma vidas\" width=\"500\" height=\"281\" src=\"https:\/\/www.youtube.com\/embed\/47IUzkHJh-0?feature=oembed\" frameborder=\"0\" allow=\"accelerometer; autoplay; clipboard-write; encrypted-media; gyroscope; picture-in-picture; web-share\" referrerpolicy=\"strict-origin-when-cross-origin\" allowfullscreen><\/iframe>\n<\/div><\/figure>\n\n\n\n<p>\u201cA internacionaliza\u00e7\u00e3o e a alta empregabilidade fazem parte das oportunidades que a universidade oferece. O interc\u00e2mbio estudantil \u00e9 algo muito atrativo, pois \u00e9 importante para conhecer diferentes contextos e culturas\u201d, indicou Luciana Olivares, estudante de curso preparat\u00f3rio.<\/p>\n\n\n\n<p>Esse modelo n\u00e3o \u00e9 apenas um discurso, como demonstram as certifica\u00e7\u00f5es de qualidade educacional concedidas pelo Mercosul e pelo sistema QS Stars, que respaldam o compromisso institucional com a excel\u00eancia acad\u00eamica.<\/p>\n\n\n\n<h2 class=\"wp-block-heading\"><strong>Integra\u00e7\u00e3o al\u00e9m das salas de aula<\/strong><\/h2>\n\n\n\n<p>A acolhida n\u00e3o se limita a palavras; ela se traduz em eventos e espa\u00e7os concebidos para que os estudantes se integrem, explorem seus talentos e encontrem seu lugar na comunidade Unifranz. Do esporte \u00e0 arte, diversas atividades fazem parte da oferta de uma forma\u00e7\u00e3o integral.<\/p>\n\n\n\n<blockquote class=\"wp-block-quote is-layout-flow wp-block-quote-is-layout-flow\">\n<p>\u201cNos Servi\u00e7os Estudantis oferecemos apoios pensados para acompanhar nossos estudantes em sua adapta\u00e7\u00e3o acad\u00eamica, social e emocional durante toda a vida universit\u00e1ria. Desde o primeiro dia de aula, os novos estudantes contam com um anfitri\u00e3o \u2014 um aluno de semestres mais avan\u00e7ados \u2014 que os acompanha durante todo o semestre em seu processo de integra\u00e7\u00e3o\u201d, explicou Pe\u00f1aloza.<\/p>\n<\/blockquote>\n\n\n\n<p>Para isso, a Unifranz disp\u00f5e da Oficina de Apoio Estudantil, com pessoal especializado que oferece orienta\u00e7\u00e3o a estudantes que enfrentam dificuldades econ\u00f4micas ou acad\u00eamicas. Tamb\u00e9m s\u00e3o disponibilizadas tutorias acad\u00eamicas, orienta\u00e7\u00e3o e acompanhamento psicol\u00f3gico.<\/p>\n\n\n\n<p>\u201cA cada semestre desenvolvemos um calend\u00e1rio de atividades focado no bem-estar integral, abordando dimens\u00f5es sociais, emocionais, culturais, espirituais, financeiras, acad\u00eamicas e profissionais, al\u00e9m de oficinas esportivas e culturais\u201d, acrescentou a diretora.<\/p>\n\n\n\n<p>Al\u00e9m disso, o servi\u00e7o de Bibliotecas Unifranz oferece recursos digitais e f\u00edsicos que sustentam o aprendizado e a pesquisa desde o primeiro semestre. Os estudantes t\u00eam acesso a uma ampla cole\u00e7\u00e3o de livros, revistas acad\u00eamicas e plataformas digitais para complementar sua forma\u00e7\u00e3o.<\/p>\n\n\n\n<h2 class=\"wp-block-heading\"><strong>Uma mensagem para a nova gera\u00e7\u00e3o<\/strong><\/h2>\n\n\n\n<p>Aos mais de cinco mil estudantes que iniciam esta jornada universit\u00e1ria, a Unifranz estende uma calorosa acolhida e reafirma que eles escolheram um espa\u00e7o onde cada desafio se transforma em uma oportunidade de crescimento. A universidade n\u00e3o apenas os impulsiona a aprender, mas tamb\u00e9m a transformar seu entorno e deixar uma marca em sua comunidade local e global.<\/p>\n\n\n\n<p>Nesta nova etapa da vida acad\u00eamica, os estudantes s\u00e3o convidados a explorar, construir conex\u00f5es, aproveitar cada recurso dispon\u00edvel e viver uma experi\u00eancia universit\u00e1ria que transcenda as salas de aula. A Unifranz permanece firmemente comprometida com sua miss\u00e3o de transformar vidas por meio de uma educa\u00e7\u00e3o de qualidade, formando profissionais competentes, inovadores e com vis\u00e3o de impacto social.<\/p>","protected":false},"excerpt":{"rendered":"<p>Mais de 5.000 estudantes ingressam na Unifranz, refor\u00e7ando sua posi\u00e7\u00e3o como refer\u00eancia em ensino superior e internacionaliza\u00e7\u00e3o na Bol\u00edvia.<\/p>","protected":false},"author":53,"featured_media":711400,"comment_status":"open","ping_status":"open","sticky":false,"template":"","format":"standard","meta":{"_acf_changed":false,"footnotes":""},"categories":[60],"tags":[2940,2830,1128,11569,1084,310,53,8794,386,1422,62,3942,4706,10785,218,242],"class_list":["post-711565","post","type-post","status-publish","format-standard","has-post-thumbnail","hentry","category-blog","tag-aprender-haciendo","tag-argentina","tag-brasil","tag-calidad-academica-2","tag-chile","tag-colombia","tag-educacion","tag-espana","tag-estudiantes","tag-innovacion-en-educacion","tag-internacionalizate","tag-movilidad-estudiantil","tag-paraguay","tag-peru-2","tag-tecnologia","tag-unifranz"],"acf":[],"_links":{"self":[{"href":"https:\/\/unifranz.edu.bo\/pt\/wp-json\/wp\/v2\/posts\/711565","targetHints":{"allow":["GET"]}}],"collection":[{"href":"https:\/\/unifranz.edu.bo\/pt\/wp-json\/wp\/v2\/posts"}],"about":[{"href":"https:\/\/unifranz.edu.bo\/pt\/wp-json\/wp\/v2\/types\/post"}],"author":[{"embeddable":true,"href":"https:\/\/unifranz.edu.bo\/pt\/wp-json\/wp\/v2\/users\/53"}],"replies":[{"embeddable":true,"href":"https:\/\/unifranz.edu.bo\/pt\/wp-json\/wp\/v2\/comments?post=711565"}],"version-history":[{"count":1,"href":"https:\/\/unifranz.edu.bo\/pt\/wp-json\/wp\/v2\/posts\/711565\/revisions"}],"predecessor-version":[{"id":711566,"href":"https:\/\/unifranz.edu.bo\/pt\/wp-json\/wp\/v2\/posts\/711565\/revisions\/711566"}],"wp:featuredmedia":[{"embeddable":true,"href":"https:\/\/unifranz.edu.bo\/pt\/wp-json\/wp\/v2\/media\/711400"}],"wp:attachment":[{"href":"https:\/\/unifranz.edu.bo\/pt\/wp-json\/wp\/v2\/media?parent=711565"}],"wp:term":[{"taxonomy":"category","embeddable":true,"href":"https:\/\/unifranz.edu.bo\/pt\/wp-json\/wp\/v2\/categories?post=711565"},{"taxonomy":"post_tag","embeddable":true,"href":"https:\/\/unifranz.edu.bo\/pt\/wp-json\/wp\/v2\/tags?post=711565"}],"curies":[{"name":"wp","href":"https:\/\/api.w.org\/{rel}","templated":true}]}}