{"id":711530,"date":"2026-01-29T17:40:38","date_gmt":"2026-01-29T21:40:38","guid":{"rendered":"https:\/\/unifranz.edu.bo\/?p=711530"},"modified":"2026-01-29T18:18:16","modified_gmt":"2026-01-29T22:18:16","slug":"importancia-de-los-primeros-auxilios-psicologicos-2","status":"publish","type":"post","link":"https:\/\/unifranz.edu.bo\/pt\/blog\/importancia-de-los-primeros-auxilios-psicologicos-2\/","title":{"rendered":"Primeros auxilios psicol\u00f3gicos: el rol clave de los psic\u00f3logos en la atenci\u00f3n de crisis"},"content":{"rendered":"<p>En situaciones de emergencia, la atenci\u00f3n psicol\u00f3gica inmediata es tan importante como la atenci\u00f3n f\u00edsica. Desastres naturales, accidentes, hechos de violencia, entre otros, generan un impacto emocional profundo en las personas afectadas. En ese escenario, los profesionales en psicolog\u00eda cumplen un rol fundamental para aplicar los primeros auxilios psicol\u00f3gicos.<\/p>\n\n\n\n<p>Los primeros auxilios psicol\u00f3gicos (PAP) son una herramienta b\u00e1sica del ejercicio profesional en psicolog\u00eda. Permiten brindar contenci\u00f3n emocional inmediata, reducir el estr\u00e9s agudo y ayudar a las personas a recuperar un m\u00ednimo equilibrio emocional tras un evento traum\u00e1tico. No sustituyen la terapia, pero s\u00ed representan el primer eslab\u00f3n del cuidado de la salud mental en contextos cr\u00edticos.<\/p>\n\n\n\n<p>Para Georgina Romero, presidenta del Colegio de Psic\u00f3logos de La Paz, los primeros auxilios psicol\u00f3gicos forman parte de las competencias esenciales de los psic\u00f3logos, especialmente cuando se trata de intervenir en crisis.<\/p>\n\n\n\n<p>\u201cLos primeros auxilios psicol\u00f3gicos son una herramienta fundamental para todo profesional en psicolog\u00eda, porque una persona que ha sufrido un evento traum\u00e1tico se encuentra en un estado de desequilibrio emocional y necesita apoyo inmediato\u201d, se\u00f1ala.<\/p>\n\n\n\n<p>La especialista explica que, en estos escenarios, el objetivo principal es reducir el impacto emocional, evitar reacciones m\u00e1s graves y orientar a la persona hacia redes de apoyo adecuadas.<\/p>\n\n\n\n<h2 class=\"wp-block-heading\"><strong>Una herramienta que trasciende la psicolog\u00eda<\/strong><\/h2>\n\n\n\n<p>Si bien los psic\u00f3logos son los profesionales responsables de liderar este tipo de intervenciones, Romero destaca que los primeros auxilios psicol\u00f3gicos tambi\u00e9n deben ser conocidos por otros actores que responden en primera l\u00ednea.<\/p>\n\n\n\n<p>M\u00e9dicos, enfermeros, param\u00e9dicos, polic\u00edas, militares e incluso personal municipal suelen ser los primeros en llegar a escenarios de emergencia. Contar con nociones b\u00e1sicas de PAP les permite actuar con mayor sensibilidad y responsabilidad frente al sufrimiento emocional.<\/p>\n\n\n\n<p>Sin embargo, la intervenci\u00f3n especializada y el seguimiento posterior recaen en los profesionales en psicolog\u00eda, quienes cuentan con la formaci\u00f3n necesaria para evaluar, contener y derivar adecuadamente.<\/p>\n\n\n\n<figure class=\"wp-block-embed is-type-video is-provider-youtube wp-block-embed-youtube wp-embed-aspect-16-9 wp-has-aspect-ratio\"><div class=\"wp-block-embed__wrapper\">\n<iframe loading=\"lazy\" title=\"\u00bfConoces los Primeros Auxilios Psicol\u00f3gicos?\" width=\"500\" height=\"281\" src=\"https:\/\/www.youtube.com\/embed\/GvxiemAX0aQ?feature=oembed\" frameborder=\"0\" allow=\"accelerometer; autoplay; clipboard-write; encrypted-media; gyroscope; picture-in-picture; web-share\" referrerpolicy=\"strict-origin-when-cross-origin\" allowfullscreen><\/iframe>\n<\/div><\/figure>\n\n\n\n<h2 class=\"wp-block-heading\"><strong>Situaciones donde los PAP son fundamentales<\/strong><\/h2>\n\n\n\n<p>Los primeros auxilios psicol\u00f3gicos son especialmente relevantes en casos como: desastres naturales, accidentes de tr\u00e1nsito, violencia intrafamiliar, abuso y agresiones, crisis emocionales agudas, emergencias colectivas.<\/p>\n\n\n\n<p>En estos contextos, una intervenci\u00f3n inadecuada puede profundizar el da\u00f1o emocional. Por el contrario, una escucha activa, una comunicaci\u00f3n clara y una actitud emp\u00e1tica pueden marcar una diferencia significativa en la recuperaci\u00f3n posterior.<\/p>\n\n\n\n<h2 class=\"wp-block-heading\"><strong>La formaci\u00f3n en primeros auxilios psicol\u00f3gicos en Unifranz<\/strong><\/h2>\n\n\n\n<p>La ense\u00f1anza de los primeros auxilios psicol\u00f3gicos es una parte clave en la formaci\u00f3n de los futuros profesionales en psicolog\u00eda. En Unifranz, este enfoque permite que los estudiantes comprendan que su rol va m\u00e1s all\u00e1 del consultorio y se extiende a la comunidad y a contextos de alta vulnerabilidad.<\/p>\n\n\n\n<p>\u201cTodos los profesionales en psicolog\u00eda, en alg\u00fan momento de nuestra vida, vamos a estar frente a situaciones donde las personas requieran de nuestro apoyo\u201d, afirma Romero.<\/p>\n\n\n\n<p>Para ello, la formaci\u00f3n acad\u00e9mica en Unifranz destaca por su modelo formativo basado en competencias, el cual ofrece una plataforma s\u00f3lida para la preparaci\u00f3n de nuevos psic\u00f3logos, en especial cuando se integra el uso y aprovechamiento de nuevas tecnolog\u00edas. Esto permite desarrollar habilidades pr\u00e1cticas y adaptativas necesarias para una atenci\u00f3n de salud mental efectiva en la era digital.<\/p>\n\n\n\n<p>\u00abLa tecnolog\u00eda emergente ha transformado radicalmente la pr\u00e1ctica psicol\u00f3gica, proporcionando herramientas innovadoras para la evaluaci\u00f3n, el diagn\u00f3stico y la intervenci\u00f3n. Nuestro programa acad\u00e9mico integra de manera estrat\u00e9gica estas tecnolog\u00edas en un modelo basado en competencias, asegurando que nuestros estudiantes desarrollen habilidades s\u00f3lidas y est\u00e9n preparados para enfrentar los desaf\u00edos de la pr\u00e1ctica contempor\u00e1nea\u201d, afirma Eliana Exalto, directora de la carrera de Psicolog\u00eda en Unifranz El Alto.&nbsp;<\/p>\n\n\n\n<p>A trav\u00e9s de experiencias pr\u00e1cticas inmersivas, como el uso de su propia c\u00e1mara Gesell, la gamificaci\u00f3n y el desarrollo de plataformas digitales, nuestros estudiantes adquieren un conocimiento profundo de las herramientas tecnol\u00f3gicas m\u00e1s avanzadas y aprenden a aplicarlas de manera \u00e9tica y efectiva en el contexto terap\u00e9utico, desde las primeras etapas de su formaci\u00f3n\u00bb, a\u00f1ade la psic\u00f3loga.<\/p>\n\n\n\n<h2 class=\"wp-block-heading\"><strong>M\u00e1s que una t\u00e9cnica, una responsabilidad social<\/strong><\/h2>\n\n\n\n<p>Los primeros auxilios psicol\u00f3gicos no son solo una t\u00e9cnica, sino una responsabilidad social frente a una realidad marcada por emergencias, crisis y altos niveles de estr\u00e9s colectivo.<\/p>\n\n\n\n<p>Promover su conocimiento y aplicaci\u00f3n contribuye a construir comunidades m\u00e1s resilientes y profesionales mejor preparados. En ese camino, la formaci\u00f3n en psicolog\u00eda cumple un rol clave al formar especialistas capaces de responder con conocimiento, empat\u00eda y compromiso.<\/p>\n\n\n\n<p>Porque en momentos cr\u00edticos, saber c\u00f3mo acompa\u00f1ar tambi\u00e9n puede cambiar una vida.<\/p>\n\n\n\n<p>Si quieres acompa\u00f1ar, comprender y generar impacto en momentos cr\u00edticos, <strong>la Psicolog\u00eda es tu camino<\/strong>. Para m\u00e1s informaci\u00f3n, comun\u00edcate al 78816057 o haz click en el siguiente enlace:\u00a0<a href=\"https:\/\/wa.link\/nsetlz\" target=\"_blank\" rel=\"noopener\">https:\/\/wa.link\/nsetlz<\/a>.<\/p>\n\n\n\n<p><\/p>","protected":false},"excerpt":{"rendered":"<p>En emergencias y crisis, los psic\u00f3logos cumplen un rol clave aplicando primeros auxilios psicol\u00f3gicos para contener y orientar a las personas afectadas.<\/p>","protected":false},"author":25,"featured_media":711553,"comment_status":"open","ping_status":"open","sticky":false,"template":"","format":"standard","meta":{"_acf_changed":false,"footnotes":""},"categories":[11083,60,302,1004,2194,6466,1782,10374],"tags":[53,47,386,240,242],"class_list":["post-711530","post","type-post","status-publish","format-standard","has-post-thumbnail","hentry","category-unifranzelalto","category-blog","category-el-alto","category-estudiantes","category-psicologia","category-salud-mental","category-unifranz","category-unifranz-el-alto","tag-educacion","tag-el-alto","tag-estudiantes","tag-psicologia","tag-unifranz"],"acf":[],"_links":{"self":[{"href":"https:\/\/unifranz.edu.bo\/pt\/wp-json\/wp\/v2\/posts\/711530","targetHints":{"allow":["GET"]}}],"collection":[{"href":"https:\/\/unifranz.edu.bo\/pt\/wp-json\/wp\/v2\/posts"}],"about":[{"href":"https:\/\/unifranz.edu.bo\/pt\/wp-json\/wp\/v2\/types\/post"}],"author":[{"embeddable":true,"href":"https:\/\/unifranz.edu.bo\/pt\/wp-json\/wp\/v2\/users\/25"}],"replies":[{"embeddable":true,"href":"https:\/\/unifranz.edu.bo\/pt\/wp-json\/wp\/v2\/comments?post=711530"}],"version-history":[{"count":2,"href":"https:\/\/unifranz.edu.bo\/pt\/wp-json\/wp\/v2\/posts\/711530\/revisions"}],"predecessor-version":[{"id":712712,"href":"https:\/\/unifranz.edu.bo\/pt\/wp-json\/wp\/v2\/posts\/711530\/revisions\/712712"}],"wp:featuredmedia":[{"embeddable":true,"href":"https:\/\/unifranz.edu.bo\/pt\/wp-json\/wp\/v2\/media\/711553"}],"wp:attachment":[{"href":"https:\/\/unifranz.edu.bo\/pt\/wp-json\/wp\/v2\/media?parent=711530"}],"wp:term":[{"taxonomy":"category","embeddable":true,"href":"https:\/\/unifranz.edu.bo\/pt\/wp-json\/wp\/v2\/categories?post=711530"},{"taxonomy":"post_tag","embeddable":true,"href":"https:\/\/unifranz.edu.bo\/pt\/wp-json\/wp\/v2\/tags?post=711530"}],"curies":[{"name":"wp","href":"https:\/\/api.w.org\/{rel}","templated":true}]}}