{"id":711406,"date":"2026-01-23T09:53:40","date_gmt":"2026-01-23T13:53:40","guid":{"rendered":"https:\/\/unifranz.edu.bo\/?p=711406"},"modified":"2026-01-23T09:53:44","modified_gmt":"2026-01-23T13:53:44","slug":"carlos-dabdoub-es-distinguido-por-el-comite-civico-femenino-provincial-de-santa-cruz","status":"publish","type":"post","link":"https:\/\/unifranz.edu.bo\/pt\/blog\/carlos-dabdoub-es-distinguido-por-el-comite-civico-femenino-provincial-de-santa-cruz\/","title":{"rendered":"Carlos Dabdoub es distinguido por el Comit\u00e9 C\u00edvico Femenino Provincial de Santa Cruz"},"content":{"rendered":"<p>El Comit\u00e9 C\u00edvico Femenino Provincial de Santa Cruz distingui\u00f3 al Dr. Carlos Dabdoub por su destacada trayectoria y su aporte al desarrollo de las provincias y a la educaci\u00f3n. El reconocimiento fue entregado en el marco de los 34 a\u00f1os de aniversario de esta instituci\u00f3n c\u00edvica.<\/p>\n\n\n\n<p>El acto reuni\u00f3 a representantes de distintos sectores de la sociedad cruce\u00f1a, donde tambi\u00e9n se reconoci\u00f3 a personalidades del \u00e1mbito c\u00edvico, period\u00edstico, de la salud, empresarial y social. La jornada destac\u00f3 el compromiso de hombres y mujeres que contribuyen al desarrollo regional desde diferentes espacios.<\/p>\n\n\n\n<blockquote class=\"wp-block-quote is-layout-flow wp-block-quote-is-layout-flow\">\n<p>\u201cRecibir un reconocimiento de una instituci\u00f3n tan importante como son los comit\u00e9s c\u00edvicos provinciales femeninos indudablemente me motiva a seguir luchando y pensando en beneficio de Santa Cruz. Este reconocimiento lo quiero sentir como propio, pero tambi\u00e9n de Unifranz, que siempre piensa en la educaci\u00f3n como el eje central del desarrollo de esta regi\u00f3n\u201d, expres\u00f3 Carlos Dabdoub, vicerrector de la Universidad Franz Tamayo, Unifranz, sede Santa Cruz.<\/p>\n<\/blockquote>\n\n\n\n<p>El vicerrector enfatiz\u00f3 que el crecimiento sostenido de Santa Cruz tiene una relaci\u00f3n directa con la educaci\u00f3n en todos sus niveles. Se\u00f1al\u00f3 que la formaci\u00f3n primaria, secundaria y universitaria ha sido clave para consolidar el desarrollo regional en las \u00faltimas d\u00e9cadas.<\/p>\n\n\n\n<figure class=\"wp-block-embed is-type-video is-provider-youtube wp-block-embed-youtube wp-embed-aspect-16-9 wp-has-aspect-ratio\"><div class=\"wp-block-embed__wrapper\">\n<iframe loading=\"lazy\" title=\"Carlos Dabdoub es distinguido por el Comit\u00e9 C\u00edvico Femenino Provincial de Santa Cruz\" width=\"500\" height=\"281\" src=\"https:\/\/www.youtube.com\/embed\/cKgd6NoqYm8?feature=oembed\" frameborder=\"0\" allow=\"accelerometer; autoplay; clipboard-write; encrypted-media; gyroscope; picture-in-picture; web-share\" referrerpolicy=\"strict-origin-when-cross-origin\" allowfullscreen><\/iframe>\n<\/div><\/figure>\n\n\n\n<p>Asimismo, destac\u00f3 que el desaf\u00edo actual es formar profesionales con una mirada global y competitiva. Seg\u00fan Dabdoub, hoy no se puede pensar solo en profesionales regionales, sino en ciudadanos preparados para desenvolverse en un contexto internacional.<\/p>\n\n\n\n<p>Por su parte, Farah Galeb, presidenta del Comit\u00e9 C\u00edvico Femenino Provincial de Santa Cruz, explic\u00f3 las razones que motivaron el reconocimiento. Tambi\u00e9n resalt\u00f3 el compromiso del homenajeado con la educaci\u00f3n y el fortalecimiento del liderazgo femenino en las provincias.<\/p>\n\n\n\n<blockquote class=\"wp-block-quote is-layout-flow wp-block-quote-is-layout-flow\">\n<p>\u201cEl doctor Dabdoub es una imagen, un legado de civismo, historia y tradici\u00f3n. Nos ha colaborado en lo m\u00e1s importante para las mujeres: la formaci\u00f3n en educaci\u00f3n y emprendedurismo\u201d, afirm\u00f3 la autoridad c\u00edvica.<\/p>\n<\/blockquote>\n\n\n\n<p>La presidenta del Comit\u00e9 destac\u00f3 adem\u00e1s el valor simb\u00f3lico del reconocimiento entregado en el municipio de Porongo. Indic\u00f3 que este territorio representa historias de lucha, civismo y liderazgo impulsadas principalmente por mujeres organizadas.<\/p>\n\n\n\n<p>En ese contexto, Galeb envi\u00f3 un mensaje a las mujeres cruce\u00f1as y de las provincias. \u201cSigamos firmes en la lucha, unidas en la causa por el empoderamiento de la mujer y el desarrollo regional\u201d, exhort\u00f3.<\/p>\n\n\n\n<p>El reconocimiento al Dr. Carlos Dabdoub tambi\u00e9n pone en valor el trabajo articulado entre instituciones c\u00edvicas y la academia. Desde Unifranz, se promueven iniciativas a trav\u00e9s de programas educativos que benefician a estudiantes destacados de las provincias.<\/p>","protected":false},"excerpt":{"rendered":"<p>El Comit\u00e9 C\u00edvico Femenino Provincial de Santa Cruz distingui\u00f3 al Dr. Carlos Dabdoub por su destacada trayectoria y su aporte al desarrollo de las provincias y a la educaci\u00f3n. El reconocimiento fue entregado en el marco de los 34 a\u00f1os de aniversario de esta instituci\u00f3n c\u00edvica. El acto reuni\u00f3 a representantes de distintos sectores de &hellip; <a href=\"https:\/\/unifranz.edu.bo\/pt\/blog\/carlos-dabdoub-es-distinguido-por-el-comite-civico-femenino-provincial-de-santa-cruz\/\">Continued<\/a><\/p>","protected":false},"author":33,"featured_media":711407,"comment_status":"open","ping_status":"open","sticky":false,"template":"","format":"standard","meta":{"_acf_changed":false,"footnotes":""},"categories":[2576,60],"tags":[1422,43,242,3624],"class_list":["post-711406","post","type-post","status-publish","format-standard","has-post-thumbnail","hentry","category-unifranz-santa-cruz","category-blog","tag-innovacion-en-educacion","tag-santa-cruz","tag-unifranz","tag-unifranz-santa-cruz"],"acf":[],"_links":{"self":[{"href":"https:\/\/unifranz.edu.bo\/pt\/wp-json\/wp\/v2\/posts\/711406","targetHints":{"allow":["GET"]}}],"collection":[{"href":"https:\/\/unifranz.edu.bo\/pt\/wp-json\/wp\/v2\/posts"}],"about":[{"href":"https:\/\/unifranz.edu.bo\/pt\/wp-json\/wp\/v2\/types\/post"}],"author":[{"embeddable":true,"href":"https:\/\/unifranz.edu.bo\/pt\/wp-json\/wp\/v2\/users\/33"}],"replies":[{"embeddable":true,"href":"https:\/\/unifranz.edu.bo\/pt\/wp-json\/wp\/v2\/comments?post=711406"}],"version-history":[{"count":1,"href":"https:\/\/unifranz.edu.bo\/pt\/wp-json\/wp\/v2\/posts\/711406\/revisions"}],"predecessor-version":[{"id":711408,"href":"https:\/\/unifranz.edu.bo\/pt\/wp-json\/wp\/v2\/posts\/711406\/revisions\/711408"}],"wp:featuredmedia":[{"embeddable":true,"href":"https:\/\/unifranz.edu.bo\/pt\/wp-json\/wp\/v2\/media\/711407"}],"wp:attachment":[{"href":"https:\/\/unifranz.edu.bo\/pt\/wp-json\/wp\/v2\/media?parent=711406"}],"wp:term":[{"taxonomy":"category","embeddable":true,"href":"https:\/\/unifranz.edu.bo\/pt\/wp-json\/wp\/v2\/categories?post=711406"},{"taxonomy":"post_tag","embeddable":true,"href":"https:\/\/unifranz.edu.bo\/pt\/wp-json\/wp\/v2\/tags?post=711406"}],"curies":[{"name":"wp","href":"https:\/\/api.w.org\/{rel}","templated":true}]}}