{"id":711358,"date":"2026-01-22T13:22:20","date_gmt":"2026-01-22T17:22:20","guid":{"rendered":"https:\/\/unifranz.edu.bo\/?p=711358"},"modified":"2026-01-29T16:24:01","modified_gmt":"2026-01-29T20:24:01","slug":"contaduria-publica-clave-para-el-desarrollo-economico-de-el-alto","status":"publish","type":"post","link":"https:\/\/unifranz.edu.bo\/pt\/blog\/contaduria-publica-clave-para-el-desarrollo-economico-de-el-alto\/","title":{"rendered":"Contadores p\u00fablicos, profesionales clave para el desarrollo econ\u00f3mico sostenible"},"content":{"rendered":"<p>El futuro econ\u00f3mico de las ciudades no se define solo por la cantidad de negocios que nacen, sino por cu\u00e1ntos logran consolidarse, crecer y generar empleo sostenible. En ese escenario, los j\u00f3venes que comprenden los n\u00fameros \u2014costos, ingresos, impuestos y planificaci\u00f3n financiera\u2014 se convierten en actores estrat\u00e9gicos para el desarrollo econ\u00f3mico.<\/p>\n\n\n\n<p>En El Alto, una ciudad profundamente emprendedora, la formaci\u00f3n profesional ha sido clave para acompa\u00f1ar ese crecimiento. Unifranz El Alto ha formado, durante varias generaciones, profesionales en Contadur\u00eda P\u00fablica que hoy aportan desde empresas, instituciones p\u00fablicas, emprendimientos propios y asesor\u00edas independientes al desarrollo econ\u00f3mico de la ciudad y del pa\u00eds.<\/p>\n\n\n\n<p>\u201cDominar los n\u00fameros es el lenguaje de los j\u00f3venes que hoy lideran el futuro econ\u00f3mico de la ciudad. Formar contadores no es solo ense\u00f1ar contabilidad; es formar estrategas capaces de tomar decisiones que consolidan y hacen crecer grandes negocios\u201d, se\u00f1ala Allison\u00a0Arteaga, la directora de la carrera de Contadur\u00eda P\u00fablica de la Universidad Franz Tamayo, Unifranz El Alto.<\/p>\n\n\n\n<p>La ciudad refleja esfuerzo, iniciativa y dinamismo comercial. Sin embargo, muchos emprendimientos enfrentan dificultades no por falta de trabajo, sino por carencias en gesti\u00f3n financiera, planificaci\u00f3n y control contable. Este desaf\u00edo trasciende lo individual y se convierte en un reto colectivo.<\/p>\n\n\n\n<h2 class=\"wp-block-heading\">Educaci\u00f3n financiera: una necesidad urgente en ciudades emprendedoras<\/h2>\n\n\n\n<p>La falta de educaci\u00f3n financiera impacta directamente en la estabilidad de los negocios, el acceso a financiamiento y la formalizaci\u00f3n econ\u00f3mica. En contextos como El Alto, donde gran parte de la econom\u00eda se construye desde el autoempleo y la iniciativa propia, la contadur\u00eda p\u00fablica se posiciona como parte de la soluci\u00f3n estructural.<\/p>\n\n\n\n<p>\u201cCada profesional en Contadur\u00eda P\u00fablica formado en Unifranz tiene la capacidad de acompa\u00f1ar a decenas de emprendimientos y empresas, ayud\u00e1ndolos a crecer de manera ordenada y sostenible\u201d, destaca la directora de carrera.<\/p>\n\n\n\n<p>Desde esta perspectiva, el contador no solo cumple un rol t\u00e9cnico, sino tambi\u00e9n social: orienta, previene riesgos y fortalece la econom\u00eda local desde el conocimiento y la \u00e9tica profesional.<\/p>\n\n\n\n<figure class=\"wp-block-image aligncenter size-large is-resized\"><img loading=\"lazy\" decoding=\"async\" width=\"1024\" height=\"683\" src=\"https:\/\/unifranz.edu.bo\/wp-content\/uploads\/2026\/01\/ChatGPT-Image-22-ene-2026-12_54_56-1-1024x683.png\" alt=\"\" class=\"wp-image-711360\" style=\"aspect-ratio:1.5000111321384837;width:621px;height:auto\" srcset=\"https:\/\/unifranz.edu.bo\/wp-content\/uploads\/2026\/01\/ChatGPT-Image-22-ene-2026-12_54_56-1-1024x683.png 1024w, https:\/\/unifranz.edu.bo\/wp-content\/uploads\/2026\/01\/ChatGPT-Image-22-ene-2026-12_54_56-1-300x200.png 300w, https:\/\/unifranz.edu.bo\/wp-content\/uploads\/2026\/01\/ChatGPT-Image-22-ene-2026-12_54_56-1-768x512.png 768w, https:\/\/unifranz.edu.bo\/wp-content\/uploads\/2026\/01\/ChatGPT-Image-22-ene-2026-12_54_56-1-18x12.png 18w, https:\/\/unifranz.edu.bo\/wp-content\/uploads\/2026\/01\/ChatGPT-Image-22-ene-2026-12_54_56-1.png 1536w\" sizes=\"auto, (max-width: 1024px) 100vw, 1024px\" \/><\/figure>\n\n\n\n<h2 class=\"wp-block-heading\">Formaci\u00f3n con impacto real y alta empleabilidad<\/h2>\n\n\n\n<p>El ejercicio actual de la contadur\u00eda exige profesionales capaces de analizar informaci\u00f3n, interpretar datos financieros y participar en la toma de decisiones estrat\u00e9gicas. Esta realidad ha incrementado la demanda de contadores bien formados y con experiencia pr\u00e1ctica.<\/p>\n\n\n\n<p>Unifranz El Alto apuesta por una formaci\u00f3n basada en el aprender haciendo, con casos reales, simulaciones, uso de herramientas actualizadas e infraestructura adecuada, lo que permite a los estudiantes enfrentar escenarios similares a los del mundo laboral desde su etapa universitaria.<\/p>\n\n\n\n<p>\u201cEl futuro de los n\u00fameros es digital y nuestros profesionales se convierten en los encargados de liderar la econom\u00eda alte\u00f1a, a partir del uso de la IA y nuevas tecnolog\u00edas. En Unifranz formamos expertos para potenciar decenas de negocios\u201d, destaca Arteaga.<\/p>\n\n\n\n<p>Este enfoque ha sido reconocido internacionalmente con cinco estrellas en empleabilidad otorgadas por <a href=\"https:\/\/www.topuniversities.com\/qs-stars\" target=\"_blank\" rel=\"noopener\">QS Stars<\/a>, un aval que respalda la calidad de la formaci\u00f3n y la inserci\u00f3n laboral de sus egresados.<\/p>\n\n\n\n<h2 class=\"wp-block-heading\">Contadores que construyen desarrollo<\/h2>\n\n\n\n<p>Hoy, profesionales formados en Unifranz aportan desde distintos espacios al crecimiento econ\u00f3mico, asesorando emprendimientos, fortaleciendo empresas, trabajando en el sector p\u00fablico y contribuyendo a la formalizaci\u00f3n y transparencia financiera.<\/p>\n\n\n\n<p>\u201cCada generaci\u00f3n de contadores que egresa de Unifranz representa una oportunidad de desarrollo para la ciudad y el pa\u00eds\u201d, concluye la profesional.<\/p>\n\n\n\n<p>En una ciudad donde los n\u00fameros est\u00e1n presentes en cada actividad econ\u00f3mica, formar j\u00f3venes que los comprendan y los gestionen con responsabilidad es apostar por un futuro m\u00e1s s\u00f3lido, equitativo y sostenible. Porque entender los n\u00fameros tambi\u00e9n es una forma de liderar.<\/p>\n\n\n\n<p>\u00bfTe intriga saber c\u00f3mo las empresas y organizaciones gestionan sus recursos financieros y toman decisiones cruciales que afectan su \u00e9xito?, estudia Contadur\u00eda P\u00fablica. Para m\u00e1s informaci\u00f3n, comun\u00edcate al 78816057 o haz click en el siguiente enlace:&nbsp;<a href=\"https:\/\/wa.link\/nsetlz\" target=\"_blank\" rel=\"noopener\">https:\/\/wa.link\/nsetlz<\/a>.<\/p>\n\n\n\n<p><\/p>","protected":false},"excerpt":{"rendered":"<p>Contadur\u00eda p\u00fablica, educaci\u00f3n financiera y empleabilidad: claves para el desarrollo econ\u00f3mico y el futuro de j\u00f3venes emprendedores en El Alto.<\/p>","protected":false},"author":25,"featured_media":711361,"comment_status":"open","ping_status":"open","sticky":false,"template":"","format":"standard","meta":{"_acf_changed":false,"footnotes":""},"categories":[11083,60,2604,2282,1954,302,1004,6414,1782,10374],"tags":[10636,11858,47,386,3614,1422,242],"class_list":["post-711358","post","type-post","status-publish","format-standard","has-post-thumbnail","hentry","category-unifranzelalto","category-blog","category-contaduria-publica-es","category-contaduria-publica","category-economia","category-el-alto","category-estudiantes","category-finanzas","category-unifranz","category-unifranz-el-alto","tag-contaduria-publica-2","tag-desarrollo-economico-2","tag-el-alto","tag-estudiantes","tag-finanzas","tag-innovacion-en-educacion","tag-unifranz"],"acf":[],"_links":{"self":[{"href":"https:\/\/unifranz.edu.bo\/pt\/wp-json\/wp\/v2\/posts\/711358","targetHints":{"allow":["GET"]}}],"collection":[{"href":"https:\/\/unifranz.edu.bo\/pt\/wp-json\/wp\/v2\/posts"}],"about":[{"href":"https:\/\/unifranz.edu.bo\/pt\/wp-json\/wp\/v2\/types\/post"}],"author":[{"embeddable":true,"href":"https:\/\/unifranz.edu.bo\/pt\/wp-json\/wp\/v2\/users\/25"}],"replies":[{"embeddable":true,"href":"https:\/\/unifranz.edu.bo\/pt\/wp-json\/wp\/v2\/comments?post=711358"}],"version-history":[{"count":6,"href":"https:\/\/unifranz.edu.bo\/pt\/wp-json\/wp\/v2\/posts\/711358\/revisions"}],"predecessor-version":[{"id":711546,"href":"https:\/\/unifranz.edu.bo\/pt\/wp-json\/wp\/v2\/posts\/711358\/revisions\/711546"}],"wp:featuredmedia":[{"embeddable":true,"href":"https:\/\/unifranz.edu.bo\/pt\/wp-json\/wp\/v2\/media\/711361"}],"wp:attachment":[{"href":"https:\/\/unifranz.edu.bo\/pt\/wp-json\/wp\/v2\/media?parent=711358"}],"wp:term":[{"taxonomy":"category","embeddable":true,"href":"https:\/\/unifranz.edu.bo\/pt\/wp-json\/wp\/v2\/categories?post=711358"},{"taxonomy":"post_tag","embeddable":true,"href":"https:\/\/unifranz.edu.bo\/pt\/wp-json\/wp\/v2\/tags?post=711358"}],"curies":[{"name":"wp","href":"https:\/\/api.w.org\/{rel}","templated":true}]}}