{"id":711188,"date":"2026-01-15T16:36:41","date_gmt":"2026-01-15T20:36:41","guid":{"rendered":"https:\/\/unifranz.edu.bo\/?p=711188"},"modified":"2026-01-16T10:50:08","modified_gmt":"2026-01-16T14:50:08","slug":"cuando-actuar-puede-salvar-una-vida","status":"publish","type":"post","link":"https:\/\/unifranz.edu.bo\/pt\/blog\/cuando-actuar-puede-salvar-una-vida\/","title":{"rendered":"Cuando una se\u00f1al de emergencia m\u00e9dica puede salvar vidas"},"content":{"rendered":"<p>Las emergencias m\u00e9dicas no siempre llegan con sirenas o escenas evidentes. Muchas veces comienzan de forma silenciosa, con se\u00f1ales sutiles que pueden pasar desapercibidas si no se sabe qu\u00e9 observar. Reconocer a tiempo estos signos puede marcar la diferencia entre una atenci\u00f3n oportuna y consecuencias irreversibles.<\/p>\n\n\n\n<p>Desde la dificultad repentina para respirar, un dolor intenso en el pecho, confusi\u00f3n s\u00fabita o la coloraci\u00f3n azulada en labios y dedos, el cuerpo suele advertir que algo no est\u00e1 bien. Sin embargo, una de las reacciones m\u00e1s frecuentes es minimizar la situaci\u00f3n y pensar que \u201cpasar\u00e1 pronto\u201d, perdiendo minutos que &#8211; en una emergencia &#8211; son vitales.<\/p>\n\n\n\n<p>\u201cSaber identificar se\u00f1ales de alerta y decidir cu\u00e1ndo pedir ayuda profesional puede salvar una vida. Por eso es tan importante que m\u00e1s personas tengan nociones b\u00e1sicas de respuesta ante emergencias\u201d, explica Milena Arroyo, directora de la carrera de Enfermer\u00eda de Unifranz El Alto.<\/p>\n\n\n\n<p>Organismos internacionales coinciden en esta alerta. La <a href=\"https:\/\/www.who.int\/es\" target=\"_blank\" rel=\"noopener\">Organizaci\u00f3n Mundial de la Salud (OMS)<\/a> sostiene que una intervenci\u00f3n temprana ante signos cr\u00edticos reduce significativamente el riesgo de complicaciones graves y mortalidad, especialmente en casos cardiovasculares, respiratorios y neurol\u00f3gicos.&nbsp;<\/p>\n\n\n\n<p>En la misma l\u00ednea, la <a href=\"https:\/\/www.icrc.org\/es\" target=\"_blank\" rel=\"noopener\">Cruz Roja Internacional<\/a> enfatiza que reconocer una emergencia y activar el sistema de ayuda es el primer eslab\u00f3n de la cadena de supervivencia.<\/p>\n\n\n\n<p>Entre las se\u00f1ales que requieren atenci\u00f3n inmediata se encuentran la dificultad para respirar, p\u00e9rdida de conciencia, dolor tor\u00e1cico persistente, convulsiones, sangrados abundantes y desorientaci\u00f3n repentina. Todas ellas indican que el cuerpo est\u00e1 en riesgo y necesita atenci\u00f3n especializada sin demora.<\/p>\n\n\n\n<p><strong>La preparaci\u00f3n hace la diferencia<\/strong><\/p>\n\n\n\n<p>Saber qu\u00e9 hacer \u2014y qu\u00e9 no\u2014 en una situaci\u00f3n cr\u00edtica requiere pr\u00e1ctica constante. No basta con conocer la teor\u00eda: es necesario entrenar la observaci\u00f3n, el criterio cl\u00ednico y la toma de decisiones bajo presi\u00f3n. Esa preparaci\u00f3n es parte esencial de la formaci\u00f3n en Enfermer\u00eda, una profesi\u00f3n clave en la atenci\u00f3n de emergencias y el cuidado de la salud.<\/p>\n\n\n\n<p>En <a href=\"https:\/\/unifranz.edu.bo\/sedes\/el-alto\/\">Unifranz El Alto<\/a>, la formaci\u00f3n en <a href=\"https:\/\/ux.unifranz.edu.bo\/enfermeria\">Enfermagem<\/a> se desarrolla bajo el enfoque de aprender haciendo. Los estudiantes practican en laboratorios especializados, equipados con simuladores cl\u00ednicos y tecnolog\u00eda similar a la que encontrar\u00e1n en hospitales y centros de salud. Este entrenamiento se complementa con docentes que no solo ense\u00f1an, sino que tambi\u00e9n cuentan con experiencia activa en la pr\u00e1ctica profesional.<\/p>\n\n\n\n<p>\u201cFormarse en Enfermer\u00eda implica aprender a actuar con calma, rapidez y responsabilidad en contextos reales\u201d, se\u00f1ala la directora de la carrera. \u201cNuestros estudiantes se preparan para reconocer se\u00f1ales de riesgo y responder de manera adecuada desde el primer contacto con el paciente\u201d.<\/p>\n\n\n\n<p>Un factor que marca la diferencia, apunta Arroyo, es que la carrera cuenta con acreditaci\u00f3n <a href=\"https:\/\/www.mercosur.int\/\" target=\"_blank\" rel=\"noopener\">Mercosul<\/a>, lo que garantiza est\u00e1ndares de calidad acad\u00e9mica y abre oportunidades de proyecci\u00f3n profesional en otros pa\u00edses de la regi\u00f3n. Esta certificaci\u00f3n se logra a partir de la combinaci\u00f3n de infraestructura, experiencia docente y pr\u00e1ctica constante en la formaci\u00f3n de los futuros enfermeros para enfrentar emergencias reales con seguridad y criterio.<\/p>\n\n\n\n<p>La orientaci\u00f3n pr\u00e1ctica y el v\u00ednculo con el entorno real tambi\u00e9n se reflejan en otros indicadores internacionales, como la acreditaci\u00f3n QS Stars, que recientemente certific\u00f3 la calidad de Unifranz, valorando positivamente factores como la empleabilidad y el impacto social, aspectos que hoy son parte central de la formaci\u00f3n universitaria moderna.<\/p>\n\n\n\n<p>\u201cLa Enfermer\u00eda es una profesi\u00f3n que salva vidas todos los d\u00edas. Por eso, la formaci\u00f3n debe ser rigurosa, humana y conectada con la realidad\u201d, concluye Arroyo.<\/p>\n\n\n\n<p>Reconocer se\u00f1ales de alerta y actuar a tiempo no solo es una responsabilidad social, sino tambi\u00e9n una vocaci\u00f3n. Las emergencias pueden ocurrir en cualquier momento, por ello contar con profesionales preparados marca la diferencia entre reaccionar tarde o salvar una vida.<\/p>\n\n\n\n<figure class=\"wp-block-embed is-type-video is-provider-youtube wp-block-embed-youtube wp-embed-aspect-16-9 wp-has-aspect-ratio\"><div class=\"wp-block-embed__wrapper\">\n<iframe loading=\"lazy\" title=\"SE\u00d1ALES DE ALERTA QUE INDICAN UNA EMERGENCIA\" width=\"500\" height=\"281\" src=\"https:\/\/www.youtube.com\/embed\/dG_qEdvcTJM?feature=oembed\" frameborder=\"0\" allow=\"accelerometer; autoplay; clipboard-write; encrypted-media; gyroscope; picture-in-picture; web-share\" referrerpolicy=\"strict-origin-when-cross-origin\" allowfullscreen><\/iframe>\n<\/div><\/figure>","protected":false},"excerpt":{"rendered":"<p>Las emergencias m\u00e9dicas no siempre llegan con sirenas o escenas evidentes. Muchas veces comienzan de forma silenciosa, con se\u00f1ales sutiles que pueden pasar desapercibidas si no se sabe qu\u00e9 observar. Reconocer a tiempo estos signos puede marcar la diferencia entre una atenci\u00f3n oportuna y consecuencias irreversibles. Desde la dificultad repentina para respirar, un dolor intenso &hellip; <a href=\"https:\/\/unifranz.edu.bo\/pt\/blog\/cuando-actuar-puede-salvar-una-vida\/\">Continued<\/a><\/p>","protected":false},"author":25,"featured_media":711196,"comment_status":"open","ping_status":"open","sticky":false,"template":"","format":"standard","meta":{"_acf_changed":false,"footnotes":""},"categories":[11083,6158,60,4148,1900,5104,1878,1782,10374],"tags":[53,47,603,386,1422,124,242],"class_list":["post-711188","post","type-post","status-publish","format-standard","has-post-thumbnail","hentry","category-unifranzelalto","category-acreditacion-mercosur","category-blog","category-enfermeria","category-mercosur","category-organizacion-mundial-de-la-salud","category-salud","category-unifranz","category-unifranz-el-alto","tag-educacion","tag-el-alto","tag-enfermeria","tag-estudiantes","tag-innovacion-en-educacion","tag-salud","tag-unifranz"],"acf":[],"_links":{"self":[{"href":"https:\/\/unifranz.edu.bo\/pt\/wp-json\/wp\/v2\/posts\/711188","targetHints":{"allow":["GET"]}}],"collection":[{"href":"https:\/\/unifranz.edu.bo\/pt\/wp-json\/wp\/v2\/posts"}],"about":[{"href":"https:\/\/unifranz.edu.bo\/pt\/wp-json\/wp\/v2\/types\/post"}],"author":[{"embeddable":true,"href":"https:\/\/unifranz.edu.bo\/pt\/wp-json\/wp\/v2\/users\/25"}],"replies":[{"embeddable":true,"href":"https:\/\/unifranz.edu.bo\/pt\/wp-json\/wp\/v2\/comments?post=711188"}],"version-history":[{"count":4,"href":"https:\/\/unifranz.edu.bo\/pt\/wp-json\/wp\/v2\/posts\/711188\/revisions"}],"predecessor-version":[{"id":712714,"href":"https:\/\/unifranz.edu.bo\/pt\/wp-json\/wp\/v2\/posts\/711188\/revisions\/712714"}],"wp:featuredmedia":[{"embeddable":true,"href":"https:\/\/unifranz.edu.bo\/pt\/wp-json\/wp\/v2\/media\/711196"}],"wp:attachment":[{"href":"https:\/\/unifranz.edu.bo\/pt\/wp-json\/wp\/v2\/media?parent=711188"}],"wp:term":[{"taxonomy":"category","embeddable":true,"href":"https:\/\/unifranz.edu.bo\/pt\/wp-json\/wp\/v2\/categories?post=711188"},{"taxonomy":"post_tag","embeddable":true,"href":"https:\/\/unifranz.edu.bo\/pt\/wp-json\/wp\/v2\/tags?post=711188"}],"curies":[{"name":"wp","href":"https:\/\/api.w.org\/{rel}","templated":true}]}}