{"id":711063,"date":"2026-01-09T18:02:37","date_gmt":"2026-01-09T22:02:37","guid":{"rendered":"https:\/\/unifranz.edu.bo\/?p=711063"},"modified":"2026-01-09T18:02:41","modified_gmt":"2026-01-09T22:02:41","slug":"internacionalizacion-una-experiencia-que-transforma-carreras-y-vidas","status":"publish","type":"post","link":"https:\/\/unifranz.edu.bo\/pt\/blog\/internacionalizacion-una-experiencia-que-transforma-carreras-y-vidas\/","title":{"rendered":"Internacionalizaci\u00f3n, una experiencia que transforma carreras y vidas"},"content":{"rendered":"<p>La internacionalizaci\u00f3n acad\u00e9mica se ha consolidado como uno de los pilares m\u00e1s importantes en la formaci\u00f3n de profesionales del siglo XXI. En un contexto marcado por la globalizaci\u00f3n, la movilidad estudiantil, el intercambio cultural y el contacto con otras realidades educativas se convierten en experiencias que ampl\u00edan la visi\u00f3n del mundo, fortalecen competencias profesionales y transforman profundamente la vida de quienes las viven. Para los estudiantes universitarios, estudiar en otro pa\u00eds ya no es solo una experiencia acad\u00e9mica, sino una oportunidad de crecimiento personal, cultural y humano.<\/p>\n\n\n\n<p>En ese escenario, la Universidad Franz Tamayo (Unifranz), impulsa la internacionalizaci\u00f3n como parte esencial de su modelo educativo, convencida de que formar profesionales globales implica abrir fronteras, generar conexiones internacionales y fomentar una mentalidad abierta al cambio y a la diversidad.<\/p>\n\n\n\n<p>Mayte Pu\u00f1a, estudiante de la carrera de Periodismo, es una de las j\u00f3venes que vivi\u00f3 esta experiencia de primera mano. Durante un semestre acad\u00e9mico curs\u00f3 estudios en la Universidad Iberoamericana de Puebla, M\u00e9xico, como parte del programa Internacional\u00edzate. Para ella, el intercambio fue una vivencia transformadora.&nbsp;<\/p>\n\n\n\n<blockquote class=\"wp-block-quote is-layout-flow wp-block-quote-is-layout-flow\">\n<p>\u201cLa internacionalizaci\u00f3n te abre muchas puertas, porque te permite conocer personas de distintos pa\u00edses, hacer nuevas amistades y construir una red de contactos que es muy importante para el futuro profesional\u201d, afirma.<\/p>\n<\/blockquote>\n\n\n\n<p>Durante su estad\u00eda en M\u00e9xico, Mayte comparti\u00f3 aulas con estudiantes de diversas nacionalidades, conoci\u00f3 nuevas metodolog\u00edas de ense\u00f1anza y se enfrent\u00f3 a desaf\u00edos que fortalecieron su autonom\u00eda y confianza.&nbsp;<\/p>\n\n\n\n<blockquote class=\"wp-block-quote is-layout-flow wp-block-quote-is-layout-flow\">\n<p>\u201cNo solo aprend\u00ed sobre periodismo, tambi\u00e9n aprend\u00ed a convivir con personas de diferentes culturas, a adaptarme y a ver mi carrera desde otra perspectiva\u201d, se\u00f1ala. A su regreso, asegura que su forma de pensar y de proyectarse profesionalmente cambi\u00f3 por completo.<\/p>\n<\/blockquote>\n\n\n\n<p>Una experiencia similar vive Daner Escobar, estudiante de Ingenier\u00eda de Sistemas, quien actualmente realiza un intercambio en la Universidad An\u00e1huac Canc\u00fan. Motivado por salir de su zona de confort, decidi\u00f3 postular al programa de internacionalizaci\u00f3n con el objetivo de enriquecer su formaci\u00f3n acad\u00e9mica y personal.&nbsp;<\/p>\n\n\n\n<blockquote class=\"wp-block-quote is-layout-flow wp-block-quote-is-layout-flow\">\n<p>\u201cQuiero aprender diferentes formas de ense\u00f1anza, compartir con estudiantes de otros lugares y crecer como persona y como profesional\u201d, explica.<\/p>\n<\/blockquote>\n\n\n\n<p>Para Daner, la internacionalizaci\u00f3n no solo representa un avance acad\u00e9mico, sino una oportunidad para comprender que la tecnolog\u00eda y la innovaci\u00f3n tienen un alcance global. El contacto con otras culturas y realidades educativas refuerza su visi\u00f3n de futuro y lo prepara para un mercado laboral cada vez m\u00e1s competitivo y multicultural.<\/p>\n\n\n\n<p>En el \u00e1rea de la salud, Mar\u00eda Jos\u00e9 Rodr\u00edguez, estudiante de Bioqu\u00edmica y Farmacia, inici\u00f3 un semestre de intercambio en la Universidad de Boyac\u00e1, Colombia. Con entusiasmo, destaca que esta experiencia le permitir\u00e1 conocer nuevas tecnolog\u00edas, enfoques pr\u00e1cticos y realidades distintas.&nbsp;<\/p>\n\n\n\n<figure class=\"wp-block-embed is-type-video is-provider-youtube wp-block-embed-youtube wp-embed-aspect-16-9 wp-has-aspect-ratio\"><div class=\"wp-block-embed__wrapper\">\n<iframe loading=\"lazy\" title=\"Internacionalizaci\u00f3n, una experiencia que transforma carreras y vidas\" width=\"500\" height=\"281\" src=\"https:\/\/www.youtube.com\/embed\/BuGwUgA_2cg?feature=oembed\" frameborder=\"0\" allow=\"accelerometer; autoplay; clipboard-write; encrypted-media; gyroscope; picture-in-picture; web-share\" referrerpolicy=\"strict-origin-when-cross-origin\" allowfullscreen><\/iframe>\n<\/div><\/figure>\n\n\n\n<blockquote class=\"wp-block-quote is-layout-flow wp-block-quote-is-layout-flow\">\n<p>\u201cMe emociona llevar mi cultura y traer de vuelta todo lo aprendido para aplicarlo en mi formaci\u00f3n y en mi pa\u00eds\u201d, expresa.<\/p>\n<\/blockquote>\n\n\n\n<p>De acuerdo a datos del Censo de Poblaci\u00f3n y Vivienda&nbsp; 2024, en el pa\u00eds el 34.2% de las mujeres y el 32,5% de los varones acceden a educaci\u00f3n superior, ambos porcentajes superan los registrados en el Censo 2001, cuando s\u00f3lo el 15.7% de las mujeres y un 18.7% de los hombres alcanzaban dicho nivel de estudios.<\/p>\n\n\n\n<p>Este avance tambi\u00e9n impulsa el inter\u00e9s por la internacionalizaci\u00f3n y la movilidad estudiantil, aunque a\u00fan persisten desaf\u00edos estructurales. Muchas pol\u00edticas educativas priorizan el enviar estudiantes al extranjero por sobre recibir estudiantes de otros pa\u00edses.&nbsp;<\/p>\n\n\n\n<blockquote class=\"wp-block-quote is-layout-flow wp-block-quote-is-layout-flow\">\n<p>\u201cIr\u00e9 a M\u00e9xico a realizar mi intercambio estudiantil\u201d, se\u00f1ala Jade Choque Ch\u00e1vez, estudiante de Ingenier\u00eda de Sistemas en Unifranz, quien por un semestre ser\u00e1 parte de los estudiantes de Guadalajara. \u201cLa parte cultural es algo que me parece muy interesante. Siento intriga de saber c\u00f3mo ser\u00e1n los estudios all\u00e1 y c\u00f3mo me ayudar\u00e1 a desarrollar mis estudios y mi vida personal\u201d, sostiene.<\/p>\n<\/blockquote>\n\n\n\n<p>Mar\u00eda Fernanda Oll\u00e9, coordinadora nacional de Movilidad Internacional de Unifranz, subraya que la internacionalizaci\u00f3n tiene un impacto integral en los estudiantes.&nbsp;<\/p>\n\n\n\n<blockquote class=\"wp-block-quote is-layout-flow wp-block-quote-is-layout-flow\">\n<p>\u201cAdquieren una nueva visi\u00f3n de su carrera profesional, aprenden metodolog\u00edas distintas y generan redes de contactos, amigos y colegas que pueden facilitar futuras oportunidades laborales\u201d, sostiene.<\/p>\n<\/blockquote>\n\n\n\n<p>A su vez, autoridades acad\u00e9micas coinciden en que estas experiencias marcan una diferencia profunda. Patricia Avil\u00e9s, directora de la carrera de Bioqu\u00edmica y Farmacia, destaca que el contacto con otras realidades fortalece no solo los conocimientos t\u00e9cnicos, sino tambi\u00e9n habilidades humanas como la empat\u00eda, la comunicaci\u00f3n y el pensamiento cr\u00edtico.<\/p>\n\n\n\n<p>Actualmente, esta Casa de Estudios Superiores cuenta con m\u00e1s de 50 convenios internacionales activos y promueve modalidades como intercambios presenciales, virtuales, clases espejo y doble titulaci\u00f3n. Esta apuesta sostenida demuestra que la internacionalizaci\u00f3n no es una acci\u00f3n aislada, sino una pol\u00edtica institucional que atraviesa la formaci\u00f3n acad\u00e9mica.<\/p>\n\n\n\n<p>En Unifranz, la internacionalizaci\u00f3n forma parte de su ADN. Es una convicci\u00f3n que se traduce en oportunidades reales para sus estudiantes, quienes regresan con una mirada m\u00e1s amplia, una formaci\u00f3n m\u00e1s s\u00f3lida y la capacidad de aportar soluciones locales con una visi\u00f3n global. Las historias de Mayte, Daner, Jade y Mar\u00eda Jos\u00e9 confirman que cruzar fronteras acad\u00e9micas no solo enriquece el curr\u00edculo, sino que transforma carreras y vidas.<\/p>","protected":false},"excerpt":{"rendered":"<p>La internacionalizaci\u00f3n acad\u00e9mica impulsa el crecimiento profesional y personal. Estudiar en el exterior transforma carreras y vidas.<\/p>","protected":false},"author":49,"featured_media":711069,"comment_status":"open","ping_status":"open","sticky":false,"template":"","format":"standard","meta":{"_acf_changed":false,"footnotes":""},"categories":[60],"tags":[1422,312,248,62,3942,10989,242,11293,1094,11798],"class_list":["post-711063","post","type-post","status-publish","format-standard","has-post-thumbnail","hentry","category-blog","tag-innovacion-en-educacion","tag-intercambio-estudiantil","tag-internacionalizacion","tag-internacionalizate","tag-movilidad-estudiantil","tag-udi","tag-unifranz","tag-universidad-anahuac-cancun","tag-universidad-de-boyaca","tag-universidad-iberoamericana-de-puebla"],"acf":[],"_links":{"self":[{"href":"https:\/\/unifranz.edu.bo\/pt\/wp-json\/wp\/v2\/posts\/711063","targetHints":{"allow":["GET"]}}],"collection":[{"href":"https:\/\/unifranz.edu.bo\/pt\/wp-json\/wp\/v2\/posts"}],"about":[{"href":"https:\/\/unifranz.edu.bo\/pt\/wp-json\/wp\/v2\/types\/post"}],"author":[{"embeddable":true,"href":"https:\/\/unifranz.edu.bo\/pt\/wp-json\/wp\/v2\/users\/49"}],"replies":[{"embeddable":true,"href":"https:\/\/unifranz.edu.bo\/pt\/wp-json\/wp\/v2\/comments?post=711063"}],"version-history":[{"count":1,"href":"https:\/\/unifranz.edu.bo\/pt\/wp-json\/wp\/v2\/posts\/711063\/revisions"}],"predecessor-version":[{"id":711064,"href":"https:\/\/unifranz.edu.bo\/pt\/wp-json\/wp\/v2\/posts\/711063\/revisions\/711064"}],"wp:featuredmedia":[{"embeddable":true,"href":"https:\/\/unifranz.edu.bo\/pt\/wp-json\/wp\/v2\/media\/711069"}],"wp:attachment":[{"href":"https:\/\/unifranz.edu.bo\/pt\/wp-json\/wp\/v2\/media?parent=711063"}],"wp:term":[{"taxonomy":"category","embeddable":true,"href":"https:\/\/unifranz.edu.bo\/pt\/wp-json\/wp\/v2\/categories?post=711063"},{"taxonomy":"post_tag","embeddable":true,"href":"https:\/\/unifranz.edu.bo\/pt\/wp-json\/wp\/v2\/tags?post=711063"}],"curies":[{"name":"wp","href":"https:\/\/api.w.org\/{rel}","templated":true}]}}