{"id":710989,"date":"2026-01-07T18:17:27","date_gmt":"2026-01-07T22:17:27","guid":{"rendered":"https:\/\/unifranz.edu.bo\/?p=710989"},"modified":"2026-01-07T18:17:31","modified_gmt":"2026-01-07T22:17:31","slug":"cultura-el-motor-invisible-que-impulsa-la-economia-creativa-en-bolivia","status":"publish","type":"post","link":"https:\/\/unifranz.edu.bo\/pt\/blog\/cultura-el-motor-invisible-que-impulsa-la-economia-creativa-en-bolivia\/","title":{"rendered":"Cultura, el motor invisible que impulsa la econom\u00eda creativa en Bolivia"},"content":{"rendered":"<p>La cultura atraviesa todas las dimensiones de la vida humana: es identidad, memoria, expresi\u00f3n y tambi\u00e9n un motor econ\u00f3mico que transforma realidades. En un mundo que busca modelos de desarrollo m\u00e1s inclusivos y sostenibles, su papel no puede seguir relegado al entretenimiento o a las artes elitistas. La cultura, en toda su amplitud, dinamiza la econom\u00eda creativa y genera oportunidades que mejoran la calidad de vida.<\/p>\n\n\n\n<blockquote class=\"wp-block-quote is-layout-flow wp-block-quote-is-layout-flow\">\n<p>\u201cSe ha ido visibilizando que el \u00e1mbito cultural aporta a la mejora de las condiciones de vida, porque cuando hablamos de las culturas hablamos tanto de c\u00f3mo la gente ve, percibe, vive y siente su realidad, y por ende es la base del resto de \u00e1mbitos econ\u00f3micos y del desarrollo\u201d, explica el viceministro de Culturas y Folklore, Andr\u00e9s Zaratti, invitado especial del III Foro Internacional de Econom\u00eda Creativa, organizado por la Universidad Franz Tamayo, Unifranz.<\/p>\n<\/blockquote>\n\n\n\n<p>En este encuentro acad\u00e9mico, Zaratti comparti\u00f3 su experiencia en la gesti\u00f3n cultural y abri\u00f3 el debate sobre la necesidad de repensar el lugar de la cultura dentro de las pol\u00edticas p\u00fablicas. El foro reuni\u00f3 a expertos, estudiantes y profesionales interesados en explorar las potencialidades de la econom\u00eda creativa como estrategia de desarrollo en Bolivia y la regi\u00f3n.<\/p>\n\n\n\n<p>La visi\u00f3n de Zaratti parte de una premisa clara: la cultura no solo produce arte, sino tambi\u00e9n riqueza. \u201cNo es solamente producci\u00f3n de arte, sino es producci\u00f3n de riqueza econ\u00f3mica, y eso tambi\u00e9n es uno de los elementos de la econom\u00eda creativa. El problema es que el Estado las invisibiliza, no las mira, no las mide\u201d, afirma, subrayando el reto de reconocer a las industrias culturales como agentes econ\u00f3micos de peso.<\/p>\n\n\n\n<p>Ejemplos sobran. El Gran Poder, una de las manifestaciones culturales m\u00e1s grandes del pa\u00eds, moviliza m\u00e1s de 30 millones de d\u00f3lares, seg\u00fan datos mencionados por el gestor. Sin embargo, su dimensi\u00f3n econ\u00f3mica sigue siendo invisibilizada. Lo mismo ocurre con otras festividades, artesan\u00edas y expresiones art\u00edsticas que generan empleo, dinamizan el turismo y sostienen cadenas productivas vinculadas al dise\u00f1o, la m\u00fasica, el cine o la gastronom\u00eda.<\/p>\n\n\n\n<blockquote class=\"wp-block-quote is-layout-flow wp-block-quote-is-layout-flow\">\n<p>Para Zaratti, el gran desaf\u00edo est\u00e1 en superar la visi\u00f3n reduccionista que a\u00fan predomina en la agenda p\u00fablica. \u201cTodav\u00eda hay una visi\u00f3n muy retr\u00f3grada y reduccionista de lo que es el \u00e1mbito cultural, porque lo ligan a lo recreativo o a las bellas artes, y no se lo ve en su potencial amplio, que lo tenemos en la realidad, pero lo invisibilizamos\u201d.<\/p>\n<\/blockquote>\n\n\n\n<p>Reconocer ese potencial significa incluir la cultura en las estrategias de desarrollo integral, tanto en salud como en educaci\u00f3n o medio ambiente. La recuperaci\u00f3n de la medicina tradicional, por ejemplo, es una muestra de c\u00f3mo lo cultural contribuye a soluciones innovadoras y sostenibles. Lo mismo ocurre con las formas de organizaci\u00f3n territorial y la relaci\u00f3n con el entorno natural.<\/p>\n\n\n\n<blockquote class=\"wp-block-quote is-layout-flow wp-block-quote-is-layout-flow\">\n<p>En este sentido, el papel del Estado es clave. \u201cDesde el Estado lo que se tiene que hacer es generar condiciones: infraestructura, normas, incentivos como fondos, para que desde la sociedad civil se siga creando, no solo desde los artistas, sino desde el ciudadano mismo\u201d, enfatiza Zaratti. El impulso de pol\u00edticas p\u00fablicas que reconozcan el car\u00e1cter productivo de la cultura es un paso indispensable para fortalecer la econom\u00eda creativa.<\/p>\n<\/blockquote>\n\n\n\n<p>El Foro se consolid\u00f3 como un espacio para discutir propuestas y abrir caminos hacia esas pol\u00edticas. All\u00ed se puso en evidencia que la cultura, lejos de ser un gasto, es una inversi\u00f3n que produce empleo, innovaci\u00f3n y cohesi\u00f3n social. La econom\u00eda creativa, en este marco, aparece como una alternativa de desarrollo con identidad, sustentada en el talento y en la diversidad cultural del pa\u00eds.<\/p>\n\n\n\n<blockquote class=\"wp-block-quote is-layout-flow wp-block-quote-is-layout-flow\">\n<p>\u201cSi logramos entender que desde la cultura podemos aportar a nuevas estrategias de desarrollo econ\u00f3mico como una alternativa distinta, vamos a tener la visi\u00f3n de generar pol\u00edticas para impulsarla\u201d, concluye Zaratti.<\/p>\n<\/blockquote>\n\n\n\n<p>Con este enfoque, el III Foro de Econom\u00eda Creativa de Unifranz no solo ofreci\u00f3 un espacio de reflexi\u00f3n, sino que tambi\u00e9n marc\u00f3 un camino hacia el dise\u00f1o de pol\u00edticas p\u00fablicas que reconozcan a la cultura como motor de cambio. Un camino en el que la creatividad y la identidad se convierten en capital productivo, y donde la cultura deja de ser un complemento para posicionarse como protagonista del desarrollo econ\u00f3mico y social en Bolivia.<\/p>","protected":false},"excerpt":{"rendered":"<p>El valor econ\u00f3mico de la cultura: el desaf\u00edo de convertir identidad en desarrollo sostenible<\/p>","protected":false},"author":49,"featured_media":710991,"comment_status":"open","ping_status":"open","sticky":false,"template":"","format":"standard","meta":{"_acf_changed":false,"footnotes":""},"categories":[60],"tags":[11372,617,1058,11794,11605,8662,7495,1422,11795,242],"class_list":["post-710989","post","type-post","status-publish","format-standard","has-post-thumbnail","hentry","category-blog","tag-creatividad-con-altura","tag-cultura","tag-economia-naranja","tag-folklore","tag-foro-de-economia-creativa-unifranz-2025","tag-gran-poder","tag-identidad","tag-innovacion-en-educacion","tag-politica-publica","tag-unifranz"],"acf":[],"_links":{"self":[{"href":"https:\/\/unifranz.edu.bo\/pt\/wp-json\/wp\/v2\/posts\/710989","targetHints":{"allow":["GET"]}}],"collection":[{"href":"https:\/\/unifranz.edu.bo\/pt\/wp-json\/wp\/v2\/posts"}],"about":[{"href":"https:\/\/unifranz.edu.bo\/pt\/wp-json\/wp\/v2\/types\/post"}],"author":[{"embeddable":true,"href":"https:\/\/unifranz.edu.bo\/pt\/wp-json\/wp\/v2\/users\/49"}],"replies":[{"embeddable":true,"href":"https:\/\/unifranz.edu.bo\/pt\/wp-json\/wp\/v2\/comments?post=710989"}],"version-history":[{"count":1,"href":"https:\/\/unifranz.edu.bo\/pt\/wp-json\/wp\/v2\/posts\/710989\/revisions"}],"predecessor-version":[{"id":710992,"href":"https:\/\/unifranz.edu.bo\/pt\/wp-json\/wp\/v2\/posts\/710989\/revisions\/710992"}],"wp:featuredmedia":[{"embeddable":true,"href":"https:\/\/unifranz.edu.bo\/pt\/wp-json\/wp\/v2\/media\/710991"}],"wp:attachment":[{"href":"https:\/\/unifranz.edu.bo\/pt\/wp-json\/wp\/v2\/media?parent=710989"}],"wp:term":[{"taxonomy":"category","embeddable":true,"href":"https:\/\/unifranz.edu.bo\/pt\/wp-json\/wp\/v2\/categories?post=710989"},{"taxonomy":"post_tag","embeddable":true,"href":"https:\/\/unifranz.edu.bo\/pt\/wp-json\/wp\/v2\/tags?post=710989"}],"curies":[{"name":"wp","href":"https:\/\/api.w.org\/{rel}","templated":true}]}}