{"id":710959,"date":"2026-01-07T12:53:01","date_gmt":"2026-01-07T16:53:01","guid":{"rendered":"https:\/\/unifranz.edu.bo\/?p=710959"},"modified":"2026-01-07T16:41:16","modified_gmt":"2026-01-07T20:41:16","slug":"de-pequenos-negocios-a-grandes-empresas","status":"publish","type":"post","link":"https:\/\/unifranz.edu.bo\/pt\/blog\/de-pequenos-negocios-a-grandes-empresas\/","title":{"rendered":"Vender bien no basta: el error financiero que frena a muchos negocios"},"content":{"rendered":"<p>En ciudades din\u00e1micas y emprendedoras como El Alto, miles de familias construyen su sustento a partir de peque\u00f1os negocios. Tiendas, talleres, transporte, comercio y servicios nacen con esfuerzo y visi\u00f3n, y muchos de ellos crecen con el tiempo hasta convertirse en empresas que generan muchas fuentes de empleo y movimiento econ\u00f3mico.<\/p>\n\n\n\n<p>En ese camino, la correcta gesti\u00f3n financiera se vuelve fundamental, y es ah\u00ed donde la formaci\u00f3n profesional en \u00e1reas como Contadur\u00eda P\u00fablica, cobra especial relevancia. Entender c\u00f3mo ordenar los recursos, interpretar los n\u00fameros y tomar decisiones informadas no solo es una necesidad empresarial, sino tambi\u00e9n una competencia profesional cada vez m\u00e1s valorada.<\/p>\n\n\n\n<p>\u201cLa gesti\u00f3n financiera es, sin duda, el motor de cualquier negocio. Permite a los emprendedores proyectar su crecimiento, identificar riesgos a tiempo y asignar recursos de manera eficiente\u201d, explica Nataly Bruno, docente de la carrera de <a href=\"https:\/\/ux.unifranz.edu.bo\/contaduria-publica\">Contabilidade P\u00fablica<\/a> en la <a href=\"https:\/\/unifranz.edu.bo\/\">Universidad Franz Tamayo<\/a>, Unifranz.<\/p>\n\n\n\n<p>Bruno se\u00f1ala que la sostenibilidad de cualquier negocio no depende \u00fanicamente de una buena idea o de la pasi\u00f3n de sus emprendedores, sino de la manera en que administran sus recursos.<\/p>\n\n\n\n<p><\/p>\n\n\n\n<h2 class=\"wp-block-heading\">El rol clave de la contadur\u00eda en el desarrollo econ\u00f3mico<\/h2>\n\n\n\n<p>Administrar un negocio no solo implica vender bien o atraer clientes. Tambi\u00e9n exige registrar ingresos y gastos, conocer si realmente se gana o se pierde dinero, planificar inversiones y cumplir responsabilidades tributarias. Sin un orden financiero adecuado, incluso los emprendimientos con mayor potencial pueden enfrentar dificultades.<\/p>\n\n\n\n<p>Por ello, detr\u00e1s de toda empresa que crece de manera sostenible existen profesionales que ordenan, analizan y proyectan sus finanzas. La contadur\u00eda p\u00fablica no se limita a llevar libros contables; cumple un rol estrat\u00e9gico en la toma de decisiones y en el cumplimiento de la normativa vigente.<\/p>\n\n\n\n<p>En contextos con intensa actividad comercial, como El Alto, la demanda de contadores capacitados es constante. Empresas, instituciones p\u00fablicas, organizaciones sociales y emprendimientos familiares requieren profesionales que comprendan su realidad econ\u00f3mica y los ayuden a planificar su crecimiento.<\/p>\n\n\n\n<p>El trabajo de un contador bien formado impacta directamente en la sostenibilidad de las empresas y en la seguridad econ\u00f3mica de las familias.<\/p>\n\n\n\n<h2 class=\"wp-block-heading\">Una carrera con impacto real en la vida cotidiana<\/h2>\n\n\n\n<p>En Unifranz, la formaci\u00f3n en Contadur\u00eda P\u00fablica prepara a los j\u00f3venes para enfrentar escenarios reales. Desde asesorar a peque\u00f1os negocios hasta trabajar en empresas consolidadas o desarrollar consultor\u00edas propias, el campo laboral es amplio y diverso.<\/p>\n\n\n\n<p>Hoy, adem\u00e1s, la carrera incorpora herramientas digitales, sistemas inform\u00e1ticos y an\u00e1lisis financiero, lo que ampl\u00eda las oportunidades profesionales y permite adaptarse a distintos sectores econ\u00f3micos.<\/p>\n\n\n\n<p>\u201cEn Unifranz no s\u00f3lo preparamos a nuestros estudiantes para ser profesionales altamente competitivos en su campo, sino tambi\u00e9n para ser agentes de cambio en su comunidad. Nuestros profesionales est\u00e1n equipados con las herramientas necesarias para transformar la econom\u00eda local, promoviendo una cultura de responsabilidad y sostenibilidad\u00bb, afirma la decana de Ciencias Econ\u00f3micas y Empresariales de Unifranz El Alto, Marilyn Soria.<\/p>\n\n\n\n<p>La formaci\u00f3n acad\u00e9mica en esta universidad incluye finanzas personales, contabilidad, gesti\u00f3n econ\u00f3mica, \u00e9tica y tecnolog\u00eda financiera y, algo muy importante, la elecci\u00f3n de una de dos menciones de especializaci\u00f3n: Gesti\u00f3n Tributaria o Gesti\u00f3n Financiera. El objetivo: que los futuros profesionales desarrollen pensamiento cr\u00edtico y que lideren procesos de transformaci\u00f3n desde sus entornos m\u00e1s cercanos.<\/p>\n\n\n\n<p>Una muestra de ello es el uso de simuladores y el software contable Labsag, un sistema predise\u00f1ado en que se desarrollan habilidades contables por equipos, mediante la observaci\u00f3n de los resultados de sus decisiones.<\/p>\n\n\n\n<p>Los escenarios son computarizados para acelerar la adquisici\u00f3n de experiencia en la toma de decisiones, este aspecto fomenta el pensamiento anal\u00edtico y creativo, habilidades fundamentales para los futuros contadores p\u00fablicos. Es as\u00ed que el enfoque de \u00abaprender haciendo\u00bb se integra de manera s\u00f3lida en la formaci\u00f3n de los estudiantes.<\/p>\n\n\n\n<p>Porque cuando las cuentas est\u00e1n claras, los negocios crecen, las empresas se fortalecen y las familias construyen un futuro con mayor seguridad. Y en ese camino, los contadores p\u00fablicos se consolidan como profesionales clave para el desarrollo de El Alto y del pa\u00eds.<\/p>\n\n\n\n<figure class=\"wp-block-embed is-type-video is-provider-youtube wp-block-embed-youtube wp-embed-aspect-16-9 wp-has-aspect-ratio\"><div class=\"wp-block-embed__wrapper\">\n<iframe loading=\"lazy\" title=\"Un negocio puede vender mucho\u2026 y aun as\u00ed perderlo todo\" width=\"500\" height=\"281\" src=\"https:\/\/www.youtube.com\/embed\/612zWsO_mRg?feature=oembed\" frameborder=\"0\" allow=\"accelerometer; autoplay; clipboard-write; encrypted-media; gyroscope; picture-in-picture; web-share\" referrerpolicy=\"strict-origin-when-cross-origin\" allowfullscreen><\/iframe>\n<\/div><\/figure>","protected":false},"excerpt":{"rendered":"<p>Cuando las cuentas est\u00e1n claras, los negocios crecen. La Contadur\u00eda P\u00fablica y la gesti\u00f3n financiera impulsan empresas s\u00f3lidas en El Alto.<\/p>","protected":false},"author":25,"featured_media":710962,"comment_status":"open","ping_status":"open","sticky":false,"template":"","format":"standard","meta":{"_acf_changed":false,"footnotes":""},"categories":[11083,60,2604,2282,302,1004,6414,6625,1782,10374],"tags":[655,53,47,386,3614,1422,242],"class_list":["post-710959","post","type-post","status-publish","format-standard","has-post-thumbnail","hentry","category-unifranzelalto","category-blog","category-contaduria-publica-es","category-contaduria-publica","category-el-alto","category-estudiantes","category-finanzas","category-finanzas-sostenibles","category-unifranz","category-unifranz-el-alto","tag-contaduria-publica","tag-educacion","tag-el-alto","tag-estudiantes","tag-finanzas","tag-innovacion-en-educacion","tag-unifranz"],"acf":[],"_links":{"self":[{"href":"https:\/\/unifranz.edu.bo\/pt\/wp-json\/wp\/v2\/posts\/710959","targetHints":{"allow":["GET"]}}],"collection":[{"href":"https:\/\/unifranz.edu.bo\/pt\/wp-json\/wp\/v2\/posts"}],"about":[{"href":"https:\/\/unifranz.edu.bo\/pt\/wp-json\/wp\/v2\/types\/post"}],"author":[{"embeddable":true,"href":"https:\/\/unifranz.edu.bo\/pt\/wp-json\/wp\/v2\/users\/25"}],"replies":[{"embeddable":true,"href":"https:\/\/unifranz.edu.bo\/pt\/wp-json\/wp\/v2\/comments?post=710959"}],"version-history":[{"count":4,"href":"https:\/\/unifranz.edu.bo\/pt\/wp-json\/wp\/v2\/posts\/710959\/revisions"}],"predecessor-version":[{"id":710973,"href":"https:\/\/unifranz.edu.bo\/pt\/wp-json\/wp\/v2\/posts\/710959\/revisions\/710973"}],"wp:featuredmedia":[{"embeddable":true,"href":"https:\/\/unifranz.edu.bo\/pt\/wp-json\/wp\/v2\/media\/710962"}],"wp:attachment":[{"href":"https:\/\/unifranz.edu.bo\/pt\/wp-json\/wp\/v2\/media?parent=710959"}],"wp:term":[{"taxonomy":"category","embeddable":true,"href":"https:\/\/unifranz.edu.bo\/pt\/wp-json\/wp\/v2\/categories?post=710959"},{"taxonomy":"post_tag","embeddable":true,"href":"https:\/\/unifranz.edu.bo\/pt\/wp-json\/wp\/v2\/tags?post=710959"}],"curies":[{"name":"wp","href":"https:\/\/api.w.org\/{rel}","templated":true}]}}