{"id":710911,"date":"2026-01-05T18:15:46","date_gmt":"2026-01-05T22:15:46","guid":{"rendered":"https:\/\/unifranz.edu.bo\/?p=710911"},"modified":"2026-01-05T18:15:50","modified_gmt":"2026-01-05T22:15:50","slug":"con-agua-juegos-y-empatia-estudiantes-de-unifranz-ensenan-a-ninos-de-alpacoma-a-cuidarse-desde-pequenos","status":"publish","type":"post","link":"https:\/\/unifranz.edu.bo\/pt\/blog\/con-agua-juegos-y-empatia-estudiantes-de-unifranz-ensenan-a-ninos-de-alpacoma-a-cuidarse-desde-pequenos\/","title":{"rendered":"Con agua, juegos y empat\u00eda: estudiantes de Unifranz ense\u00f1an a ni\u00f1os de Alpacoma a cuidarse desde peque\u00f1os"},"content":{"rendered":"<p>El agua corr\u00eda lentamente entre las manos de Adri\u00e1n, un ni\u00f1o que, hasta hace poco, no sab\u00eda que el simple acto de lavarse pod\u00eda protegerlo de enfermedades. A su alrededor, risas, canciones y colores acompa\u00f1aban una escena poco habitual en la unidad educativa de Alpacoma, una zona periurbana de La Paz.&nbsp;<\/p>\n\n\n\n<p>Esa fue la imagen que marc\u00f3 el inicio del proyecto denominado <strong>H\u00e1bitos de higiene corporal y alimentaria en ni\u00f1os de Alpacoma<\/strong>, impulsado por estudiantes de sexto semestre de la carrera de Medicina de la Universidad Franz Tamayo (Unifranz) en la Unidad Educativa 16 de Julio, ubicada en la zona de Alpacoma, del municipio de Achocalla en La Paz.<\/p>\n\n\n\n<blockquote class=\"wp-block-quote is-layout-flow wp-block-quote-is-layout-flow\">\n<p>Romy Coila, una de las estudiantes participantes, explica que el objetivo fue claro desde el inicio. \u201cNuestro proyecto consisti\u00f3 en la mejora de la higiene corporal e higiene alimentaria en estudiantes de la Unidad Educativa 16 de Julio de Alpacoma, con el fin de promover que adquieran h\u00e1bitos desde peque\u00f1os, porque cuando somos adultos es mucho m\u00e1s dif\u00edcil adquirir h\u00e1bitos saludables\u201d.<\/p>\n<\/blockquote>\n\n\n\n<p>Seg\u00fan la estudiante de Unifranz, el proyecto naci\u00f3 luego de una visita a la zona y tras identificar deficiencias evidentes en el autocuidado infantil.&nbsp;<\/p>\n\n\n\n<p>Durante la primera visita, el diagn\u00f3stico fue preocupante. \u201cVimos una deficiencia en lo que ser\u00eda el lavado de manos, el conocimiento que ellos ten\u00edan era muy limitado\u201d, relata Coila. La poblaci\u00f3n intervenida estuvo conformada por cerca de 20 ni\u00f1os, de entre 4 y 11 a\u00f1os, quienes reconocieron que el lavado de manos era poco frecuente y que el consumo de verduras era ocasional.<\/p>\n\n\n\n<p>En Bolivia, los h\u00e1bitos de higiene y alimentaci\u00f3n en ni\u00f1os en edad escolar reflejan profundas desigualdades sociales y territoriales, especialmente entre \u00e1reas urbanas, rurales y periurbanas. Diversos contextos educativos muestran que pr\u00e1cticas b\u00e1sicas como el lavado frecuente de manos, la higiene bucal diaria y el consumo de agua segura no est\u00e1n plenamente incorporadas en la rutina de muchos escolares, debido a la limitada educaci\u00f3n sanitaria, la falta de acceso continuo a servicios b\u00e1sicos y la escasa supervisi\u00f3n adulta.&nbsp;<\/p>\n\n\n\n<p>En cuanto a la alimentaci\u00f3n, persisten patrones poco equilibrados caracterizados por un bajo consumo de frutas, verduras y alimentos ricos en micronutrientes, junto con una alta ingesta de carbohidratos y productos ultraprocesados.&nbsp;<\/p>\n\n\n\n<p>La falta de educaci\u00f3n alimentaria, sumada a limitaciones econ\u00f3micas y culturales, dificulta la adopci\u00f3n de h\u00e1bitos saludables desde edades tempranas, lo que plantea un desaf\u00edo estructural para el sistema educativo y de salud, que requiere intervenciones preventivas sostenidas y articuladas entre escuela, familia y comunidad.<\/p>\n\n\n\n<figure class=\"wp-block-embed is-type-video is-provider-youtube wp-block-embed-youtube wp-embed-aspect-16-9 wp-has-aspect-ratio\"><div class=\"wp-block-embed__wrapper\">\n<iframe loading=\"lazy\" title=\"Con agua y juegos: estudiantes de Unifranz transforman la salud infantil en Alpacoma\" width=\"500\" height=\"281\" src=\"https:\/\/www.youtube.com\/embed\/UC3wINEomqU?feature=oembed\" frameborder=\"0\" allow=\"accelerometer; autoplay; clipboard-write; encrypted-media; gyroscope; picture-in-picture; web-share\" referrerpolicy=\"strict-origin-when-cross-origin\" allowfullscreen><\/iframe>\n<\/div><\/figure>\n\n\n\n<p><strong>Aprender haciendo: la clave del cambio<\/strong><\/p>\n\n\n\n<p>Frente a este escenario, los estudiantes de sexto semestre de Medicina de Unifranz optaron por una metodolog\u00eda pr\u00e1ctica y cercana. Yesenia Choquehuanca destaca que la intervenci\u00f3n se dise\u00f1\u00f3 pensando en la etapa de desarrollo de los ni\u00f1os.&nbsp;<\/p>\n\n\n\n<blockquote class=\"wp-block-quote is-layout-flow wp-block-quote-is-layout-flow\">\n<p>\u201cLa poblaci\u00f3n infantil es una etapa donde se desarrollan m\u00e1s los h\u00e1bitos que van a tener para su posterior desarrollo, por eso decidimos intervenir en sus h\u00e1bitos de higiene corporal y alimentaria\u201d, se\u00f1ala.<\/p>\n<\/blockquote>\n\n\n\n<p>Las actividades incluyeron charlas, dramatizaciones, juegos y ejercicios pr\u00e1cticos que permitieron a los escolares aprender desde la experiencia. \u201cDesarrollamos pr\u00e1cticas de higiene alimentaria y corporal para que posteriormente ellos puedan adquirirlas y mejorar sus h\u00e1bitos, promoviendo tambi\u00e9n una alimentaci\u00f3n equilibrada\u201d, a\u00f1ade Choquehuanca.<\/p>\n\n\n\n<p><strong>Resultados que se reflejan en peque\u00f1as acciones<\/strong><\/p>\n\n\n\n<p>Tras la intervenci\u00f3n, los cambios comenzaron a notarse en cada uno de los ni\u00f1os que participaron en el proyecto.&nbsp;<\/p>\n\n\n\n<blockquote class=\"wp-block-quote is-layout-flow wp-block-quote-is-layout-flow\">\n<p>\u201cDespu\u00e9s de intervenir vimos que hubo una mejora en el conocimiento y que ellos mismos se impulsaban a realizar m\u00e1s el lavado de manos y a consumir m\u00e1s frutas y verduras\u201d, cuenta Coila. El aprendizaje l\u00fadico se convirti\u00f3 en una herramienta poderosa para fortalecer la salud infantil en un contexto de vulnerabilidad.<\/p>\n<\/blockquote>\n\n\n\n<p><strong>M\u00e1s all\u00e1 de los h\u00e1bitos: empat\u00eda y compromiso social<\/strong><\/p>\n\n\n\n<p>El proyecto tambi\u00e9n permiti\u00f3 visibilizar problem\u00e1ticas m\u00e1s profundas. Sharon Velasco, otra de las integrantes, recuerda que durante el proceso detectaron \u201cdos ni\u00f1os con bajo peso y un tercer caso de un ni\u00f1o con autismo\u201d, situaciones que evidencian los desaf\u00edos alimentarios y sociales de la zona. Sin embargo, destaca la actitud de la comunidad educativa.&nbsp;<\/p>\n\n\n\n<blockquote class=\"wp-block-quote is-layout-flow wp-block-quote-is-layout-flow\">\n<p>\u201cNo vimos un trato discriminatorio, los ni\u00f1os fueron muy emp\u00e1ticos e incluyeron al ni\u00f1o con autismo en todas las actividades que realizamos\u201d, afirma.<\/p>\n<\/blockquote>\n\n\n\n<p>La experiencia dej\u00f3 una huella profunda en los nueve estudiantes que participaron. \u201cFue impactante conocer que en la ciudad todav\u00eda hay personas que no tienen acceso a servicios b\u00e1sicos como el agua potable. Nos encari\u00f1amos mucho con los ni\u00f1os, tanto ellos con nosotros como nosotros con ellos\u201d, relata Velasco.<\/p>\n\n\n\n<p><strong>Formaci\u00f3n m\u00e9dica con sentido humano<\/strong><\/p>\n\n\n\n<p>M\u00e1s all\u00e1 de los resultados inmediatos, la iniciativa reafirma el valor de la formaci\u00f3n m\u00e9dica con enfoque social.&nbsp;<\/p>\n\n\n\n<blockquote class=\"wp-block-quote is-layout-flow wp-block-quote-is-layout-flow\">\n<p>\u201cEl aprender haciendo es tener empat\u00eda con nuestros pacientes, entender que cada uno tiene una historia propia y poder mejorar esa historia\u201d, reflexiona Velasco. Para los estudiantes de Unifranz, intervenir en los h\u00e1bitos de higiene y alimentaci\u00f3n en zonas periurbanas no solo fortaleci\u00f3 la salud infantil, sino tambi\u00e9n su vocaci\u00f3n de servicio.<\/p>\n<\/blockquote>\n\n\n\n<p>As\u00ed, entre juegos, agua y frutas, los ni\u00f1os de Alpacoma comenzaron a construir h\u00e1bitos que podr\u00edan acompa\u00f1arlos toda la vida, mientras futuros m\u00e9dicos aprend\u00edan que la prevenci\u00f3n, la educaci\u00f3n y la empat\u00eda tambi\u00e9n salvan vidas.<\/p>","protected":false},"excerpt":{"rendered":"<p>Estudiantes de Medicina de Unifranz promueven h\u00e1bitos de higiene y alimentaci\u00f3n saludable en ni\u00f1os de Alpacoma mediante juegos, empat\u00eda y aprendizaje pr\u00e1ctico.<\/p>","protected":false},"author":50,"featured_media":710913,"comment_status":"open","ping_status":"open","sticky":false,"template":"","format":"standard","meta":{"_acf_changed":false,"footnotes":""},"categories":[60],"tags":[11790,53,11688,9680,1422,41,49,124,242],"class_list":["post-710911","post","type-post","status-publish","format-standard","has-post-thumbnail","hentry","category-blog","tag-alpacoma","tag-educacion","tag-habitos-de-higiene","tag-habitos-saludables","tag-innovacion-en-educacion","tag-la-paz","tag-medicina","tag-salud","tag-unifranz"],"acf":[],"_links":{"self":[{"href":"https:\/\/unifranz.edu.bo\/pt\/wp-json\/wp\/v2\/posts\/710911","targetHints":{"allow":["GET"]}}],"collection":[{"href":"https:\/\/unifranz.edu.bo\/pt\/wp-json\/wp\/v2\/posts"}],"about":[{"href":"https:\/\/unifranz.edu.bo\/pt\/wp-json\/wp\/v2\/types\/post"}],"author":[{"embeddable":true,"href":"https:\/\/unifranz.edu.bo\/pt\/wp-json\/wp\/v2\/users\/50"}],"replies":[{"embeddable":true,"href":"https:\/\/unifranz.edu.bo\/pt\/wp-json\/wp\/v2\/comments?post=710911"}],"version-history":[{"count":1,"href":"https:\/\/unifranz.edu.bo\/pt\/wp-json\/wp\/v2\/posts\/710911\/revisions"}],"predecessor-version":[{"id":710918,"href":"https:\/\/unifranz.edu.bo\/pt\/wp-json\/wp\/v2\/posts\/710911\/revisions\/710918"}],"wp:featuredmedia":[{"embeddable":true,"href":"https:\/\/unifranz.edu.bo\/pt\/wp-json\/wp\/v2\/media\/710913"}],"wp:attachment":[{"href":"https:\/\/unifranz.edu.bo\/pt\/wp-json\/wp\/v2\/media?parent=710911"}],"wp:term":[{"taxonomy":"category","embeddable":true,"href":"https:\/\/unifranz.edu.bo\/pt\/wp-json\/wp\/v2\/categories?post=710911"},{"taxonomy":"post_tag","embeddable":true,"href":"https:\/\/unifranz.edu.bo\/pt\/wp-json\/wp\/v2\/tags?post=710911"}],"curies":[{"name":"wp","href":"https:\/\/api.w.org\/{rel}","templated":true}]}}