{"id":710902,"date":"2026-01-05T13:41:52","date_gmt":"2026-01-05T17:41:52","guid":{"rendered":"https:\/\/unifranz.edu.bo\/?p=710902"},"modified":"2026-01-05T13:41:55","modified_gmt":"2026-01-05T17:41:55","slug":"pausas-estrategicas-elevan-la-satisfaccion-y-eficiencia-en-el-trabajo","status":"publish","type":"post","link":"https:\/\/unifranz.edu.bo\/pt\/blog\/pausas-estrategicas-elevan-la-satisfaccion-y-eficiencia-en-el-trabajo\/","title":{"rendered":"Pausas estrat\u00e9gicas elevan la satisfacci\u00f3n y eficiencia en el trabajo"},"content":{"rendered":"<p>Equilibrar la vida personal y laboral es un desaf\u00edo central para mantener la salud mental y el bienestar general. Las intensas jornadas de trabajo y la hiperconexi\u00f3n tecnol\u00f3gica generan un desgaste psicol\u00f3gico que afecta tanto el desempe\u00f1o como la calidad de vida. Por ello, comprender la importancia del descanso y la desconexi\u00f3n se vuelve indispensable para cualquier trabajador.<\/p>\n\n\n\n<blockquote class=\"wp-block-quote is-layout-flow wp-block-quote-is-layout-flow\">\n<p>\u201cEl descanso es esencial para el \u00e9xito laboral, es un factor clave\u201d, afirma M\u00f3nica Messa, directora de la carrera de Psicolog\u00eda de la Universidad Franz Tamayo (Unifranz), se\u00f1alando que trabajar sin pausas prolonga la fatiga, aumenta los errores y debilita la concentraci\u00f3n.&nbsp;<\/p>\n<\/blockquote>\n\n\n\n<p>Seg\u00fan la acad\u00e9mica, \u201cno se trata de qui\u00e9n pasa m\u00e1s horas en la oficina, sino de qui\u00e9n gestiona mejor su tiempo y mantiene su estabilidad emocional\u201d.<\/p>\n\n\n\n<p>Un estudio publicado en la revista International Journal of Environmental Research and Public Health, muestra que mantener un buen equilibrio entre el trabajo y la vida personal est\u00e1 relacionado con un mejor desempe\u00f1o laboral, mayor motivaci\u00f3n y mayor retenci\u00f3n de empleados. Adem\u00e1s, ayuda a reducir los niveles de ansiedad y depresi\u00f3n, mejorando el bienestar general de las personas.<\/p>\n\n\n\n<p><strong>Beneficios concretos del descanso<\/strong><\/p>\n\n\n\n<p>El descanso no solo implica detener la actividad f\u00edsica, sino tambi\u00e9n desconectarse mental y emocionalmente. Un estudio de Sodexo revela que por cada 10 horas de vacaciones, el desempe\u00f1o de una persona mejora en promedio un 8%, mientras que la retenci\u00f3n de talento se incrementa gracias a la motivaci\u00f3n y creatividad renovadas.<\/p>\n\n\n\n<blockquote class=\"wp-block-quote is-layout-flow wp-block-quote-is-layout-flow\">\n<p>Psic\u00f3logos y terapeutas de Gestalt en Madrid explican que descansar significa \u201cpoder confiar en que tu organismo se autorregule y recupere la energ\u00eda necesaria para poder afrontar m\u00e1s tarde lo que te trae el d\u00eda a d\u00eda. De igual modo, es soltar el control y abandonarse a la tendencia natural de recuperar energ\u00eda\u201d. Esta idea demuestra que el descanso no es un lujo, sino una inversi\u00f3n directa en productividad y bienestar emocional.<\/p>\n<\/blockquote>\n\n\n\n<p>Por otro lado, los riesgos del agotamiento laboral prolongado pueden tener graves consecuencias para la salud. M\u00e1s conocido como burnout, genera riesgos graves para la salud f\u00edsica, mental y organizacional, con impactos acumulativos que pueden volverse irreversibles si no se abordan. Estudios de la Organizaci\u00f3n Mundial de la Salud (OMS) lo clasifica como s\u00edndrome ocupacional, vincul\u00e1ndolo a estr\u00e9s cr\u00f3nico no gestionado.<\/p>\n\n\n\n<p><strong>Estrategias para un descanso integral<\/strong><\/p>\n\n\n\n<p>El descanso integral combina pausas f\u00edsicas, mentales y emocionales para recuperar energ\u00eda y prevenir el agotamiento, usando estrategias comprobadas en empresas. Estas pr\u00e1cticas no solo ayudan al bienestar de los empleados, sino que tambi\u00e9n pueden aumentar la productividad entre un 20 y 25 % al mejorar la concentraci\u00f3n y la creatividad.<\/p>\n\n\n\n<p>Para lograrlo, las pol\u00edticas de pausas estructuradas incluyen descansos programados, como micro-pausas de 5 minutos cada hora para estiramientos y bloques de 25 minutos siguiendo la t\u00e9cnica Pomodoro. Tambi\u00e9n se recomienda desconectarse totalmente de dispositivos durante el almuerzo, usando aplicaciones que recuerden la pausa y reduzcan la sensaci\u00f3n de culpa por tomar tiempo para descansar.<\/p>\n\n\n\n<p>Adem\u00e1s, es importante crear espacios y h\u00e1bitos que favorezcan la recuperaci\u00f3n, como zonas de relajaci\u00f3n con luz suave, m\u00fasica ambiental o \u00e1reas de juegos ligeros. Actividades como mindfulness guiado, respiraci\u00f3n profunda o caminatas activas de 10 minutos ayudan a reducir el cortisol y mejorar la circulaci\u00f3n.&nbsp;<\/p>\n\n\n\n<p>Adem\u00e1s, promover una buena higiene del sue\u00f1o mediante horarios flexibles, rutinas previas sin pantallas y liderazgo que modele la desconexi\u00f3n asegura de siete a ocho horas de descanso reparador cada noche.<\/p>\n\n\n\n<p>Para Messa, el descanso debe ser integral, abarcando cuerpo, mente y emociones. Incorporar h\u00e1bitos saludables como dormir al menos ocho horas, limitar el uso de pantallas antes de acostarse y practicar yoga o meditaci\u00f3n permite mantener la claridad mental y la estabilidad emocional.<\/p>\n\n\n\n<blockquote class=\"wp-block-quote is-layout-flow wp-block-quote-is-layout-flow\">\n<p>\u201cSe ve la importancia de que las personas puedan tener equilibrio entre la vida laboral y la vida personal o familiar, que podamos equilibrar esto para que as\u00ed evitemos cualquier factor psicol\u00f3gico que afecte el desempe\u00f1o o el desenvolvimiento laboral a futuro\u201d, explica Messa.&nbsp;<\/p>\n<\/blockquote>\n\n\n\n<p>Estas pr\u00e1cticas fortalecen habilidades blandas esenciales, ya que \u201cestas habilidades, que son m\u00e1s personales y al margen de las t\u00e9cnicas, son fundamentales y est\u00e1n basadas en la estabilidad emocional, en el fortalecimiento mental que nos van a permitir ser buenos trabajadores, dar lo mejor de nosotros y optimizar tiempos\u201d, sostiene la acad\u00e9mica.<\/p>\n\n\n\n<p>El enfoque moderno en las organizaciones no se centra en la cantidad de horas trabajadas, sino en la eficiencia y la gesti\u00f3n del tiempo. Empresas reconocidas como Great Place to Work promueven pol\u00edticas de flexibilidad que permiten a los colaboradores atender asuntos personales sin descuidar su rendimiento.<\/p>\n\n\n\n<p>El descanso no es perder el tiempo; es, como resume Messa, \u201cuna inversi\u00f3n en salud, motivaci\u00f3n y calidad de vida\u201d. Adoptar esta perspectiva permite construir un entorno laboral m\u00e1s humano, donde productividad y salud mental se complementan. Las organizaciones que fomentan el bienestar integral generan empleados m\u00e1s comprometidos, creativos y resilientes, fortaleciendo a la vez los v\u00ednculos familiares y comunitarios.<\/p>","protected":false},"excerpt":{"rendered":"<p>El descanso integral y las pausas estrat\u00e9gicas optimizan desempe\u00f1o laboral y bienestar emocional. Gestionar el tiempo, desconectarse de dispositivos y practicar h\u00e1bitos saludables previene burnout, mejora la concentraci\u00f3n y fortalece la motivaci\u00f3n y la productividad.<\/p>","protected":false},"author":51,"featured_media":710903,"comment_status":"open","ping_status":"open","sticky":false,"template":"","format":"standard","meta":{"_acf_changed":false,"footnotes":""},"categories":[60],"tags":[],"class_list":["post-710902","post","type-post","status-publish","format-standard","has-post-thumbnail","hentry","category-blog"],"acf":[],"_links":{"self":[{"href":"https:\/\/unifranz.edu.bo\/pt\/wp-json\/wp\/v2\/posts\/710902","targetHints":{"allow":["GET"]}}],"collection":[{"href":"https:\/\/unifranz.edu.bo\/pt\/wp-json\/wp\/v2\/posts"}],"about":[{"href":"https:\/\/unifranz.edu.bo\/pt\/wp-json\/wp\/v2\/types\/post"}],"author":[{"embeddable":true,"href":"https:\/\/unifranz.edu.bo\/pt\/wp-json\/wp\/v2\/users\/51"}],"replies":[{"embeddable":true,"href":"https:\/\/unifranz.edu.bo\/pt\/wp-json\/wp\/v2\/comments?post=710902"}],"version-history":[{"count":1,"href":"https:\/\/unifranz.edu.bo\/pt\/wp-json\/wp\/v2\/posts\/710902\/revisions"}],"predecessor-version":[{"id":710904,"href":"https:\/\/unifranz.edu.bo\/pt\/wp-json\/wp\/v2\/posts\/710902\/revisions\/710904"}],"wp:featuredmedia":[{"embeddable":true,"href":"https:\/\/unifranz.edu.bo\/pt\/wp-json\/wp\/v2\/media\/710903"}],"wp:attachment":[{"href":"https:\/\/unifranz.edu.bo\/pt\/wp-json\/wp\/v2\/media?parent=710902"}],"wp:term":[{"taxonomy":"category","embeddable":true,"href":"https:\/\/unifranz.edu.bo\/pt\/wp-json\/wp\/v2\/categories?post=710902"},{"taxonomy":"post_tag","embeddable":true,"href":"https:\/\/unifranz.edu.bo\/pt\/wp-json\/wp\/v2\/tags?post=710902"}],"curies":[{"name":"wp","href":"https:\/\/api.w.org\/{rel}","templated":true}]}}