{"id":710894,"date":"2026-01-04T11:26:51","date_gmt":"2026-01-04T15:26:51","guid":{"rendered":"https:\/\/unifranz.edu.bo\/?p=710894"},"modified":"2026-01-04T11:26:54","modified_gmt":"2026-01-04T15:26:54","slug":"unifranz-hace-posible-la-doble-titulacion-con-bolivia-y-colombia-en-ingenieria-comercial-y-administracion-de-empresas","status":"publish","type":"post","link":"https:\/\/unifranz.edu.bo\/pt\/blog\/unifranz-hace-posible-la-doble-titulacion-con-bolivia-y-colombia-en-ingenieria-comercial-y-administracion-de-empresas\/","title":{"rendered":"Unifranz hace posible la doble titulaci\u00f3n con Bolivia y Colombia en Ingenier\u00eda Comercial y Administraci\u00f3n de Empresas"},"content":{"rendered":"<p>En un contexto global cada vez m\u00e1s competitivo y din\u00e1mico, la formaci\u00f3n profesional se ha convertido en un factor clave para marcar la diferencia en el mercado laboral. Hoy, los nuevos profesionales buscan ampliar sus horizontes acad\u00e9micos y fortalecer su perfil con experiencias internacionales que les permitan responder a los desaf\u00edos de un mundo interconectado.<\/p>\n\n\n\n<p>En Bolivia, esta visi\u00f3n se hace realidad a trav\u00e9s de la alianza acad\u00e9mica entre la Universidad Franz Tamayo (Unifranz) y la Universidad de Investigaci\u00f3n y Desarrollo (UDI) de Colombia, que permite a los estudiantes acceder a la doble titulaci\u00f3n en Ingenier\u00eda Comercial y Administraci\u00f3n de Empresas. Esta modalidad brinda la posibilidad de obtener dos t\u00edtulos universitarios, emitidos por instituciones de prestigio en dos pa\u00edses, potenciando la empleabilidad y la proyecci\u00f3n profesional a nivel internacional.<\/p>\n\n\n\n<blockquote class=\"wp-block-quote is-layout-flow wp-block-quote-is-layout-flow\">\n<p>\u201cEs importante entender por qu\u00e9 los j\u00f3venes deben aprovechar este tipo de oportunidades, y es que no solo tendr\u00e1n dos t\u00edtulos, sino tambi\u00e9n podr\u00e1n ampliar su red de contacto a nivel internacional, conocer nuevas culturas y trabajar con colegas de otros pa\u00edses en entornos globales\u201d, destac\u00f3 Ver\u00f3nica \u00c1greda, rectora nacional de Unifranz.<\/p>\n<\/blockquote>\n\n\n\n<p>Adem\u00e1s del valor acad\u00e9mico, el programa promueve el intercambio cultural y el fortalecimiento de habilidades blandas, elementos fundamentales para el ejercicio profesional contempor\u00e1neo. Los estudiantes de Unifranz pueden cursar asignaturas en la UDI, complementando su formaci\u00f3n y adquiriendo herramientas que les permiten adaptarse a distintos mercados laborales, con el respaldo de una modalidad flexible que incorpora componentes virtuales.<\/p>\n\n\n\n<figure class=\"wp-block-embed is-type-video is-provider-youtube wp-block-embed-youtube wp-embed-aspect-16-9 wp-has-aspect-ratio\"><div class=\"wp-block-embed__wrapper\">\n<iframe loading=\"lazy\" title=\"Unifranz de Bolivia y UDI de Colombia firman convenio para doble titulaci\u00f3n universitaria\" width=\"500\" height=\"281\" src=\"https:\/\/www.youtube.com\/embed\/JNiAgM1UoWA?feature=oembed\" frameborder=\"0\" allow=\"accelerometer; autoplay; clipboard-write; encrypted-media; gyroscope; picture-in-picture; web-share\" referrerpolicy=\"strict-origin-when-cross-origin\" allowfullscreen><\/iframe>\n<\/div><\/figure>\n\n\n\n<p>La doble titulaci\u00f3n representa una ventaja competitiva significativa, ya que no solo ampl\u00eda el conocimiento acad\u00e9mico, sino que fortalece competencias interculturales, estrat\u00e9gicas y de liderazgo. Los estudiantes que acceden a este programa desarrollan una visi\u00f3n global de los negocios, comprenden distintos contextos econ\u00f3micos y se preparan para desempe\u00f1arse en entornos profesionales cada vez m\u00e1s exigentes y diversos.<\/p>\n\n\n\n<blockquote class=\"wp-block-quote is-layout-flow wp-block-quote-is-layout-flow\">\n<p>\u201cEsta alianza fortalece la formaci\u00f3n internacional de nuestros estudiantes, quienes no solo se comprometen con Bolivia, sino tambi\u00e9n con el mundo entero. La doble titulaci\u00f3n les abre un abanico de posibilidades y potencia sus competencias globales\u201d, afirm\u00f3 Mar\u00eda Fernanda Oll\u00e9, coordinadora nacional de Movilidad Internacional de Unifranz.<\/p>\n<\/blockquote>\n\n\n\n<p>La carrera de Ingenier\u00eda Comercial en Unifranz permite a los estudiantes especializarse en \u00e1reas estrat\u00e9gicas como E-Commerce o Comercio Internacional, formando profesionales capaces de liderar procesos de transformaci\u00f3n empresarial. Estos conocimientos, combinados con la formaci\u00f3n en Administraci\u00f3n de Empresas de la UDI, consolidan perfiles integrales con alto valor para organizaciones nacionales e internacionales.<\/p>\n\n\n\n<blockquote class=\"wp-block-quote is-layout-flow wp-block-quote-is-layout-flow\">\n<p>\u201cLa doble titulaci\u00f3n con la UDI de Colombia es una gran oportunidad para nosotros como futuros profesionales. En un contexto tan competitivo, este doble t\u00edtulo tiene un valor incalculable para quienes deseamos destacar en el mundo laboral\u201d, se\u00f1al\u00f3 Mar\u00eda de los \u00c1ngeles Condori, estudiante de Ingenier\u00eda Comercial de Unifranz.<\/p>\n<\/blockquote>\n\n\n\n<p>La UDI, con m\u00e1s de 43 a\u00f1os de trayectoria, es un referente en la formaci\u00f3n de profesionales y ahora extiende su alcance a los estudiantes bolivianos. En los \u00faltimos a\u00f1os, ha crecido al tiempo que se ha modernizado convirti\u00e9ndose en una de las primeras universidades de mayor proyecci\u00f3n internacional en Colombia.<\/p>\n\n\n\n<blockquote class=\"wp-block-quote is-layout-flow wp-block-quote-is-layout-flow\">\n<p>\u201cCelebramos este programa de doble titulaci\u00f3n e invitamos a los estudiantes a proyectarse como agentes de cambio con competencias globales que el mundo de hoy demanda\u201d, expres\u00f3 la Ing. Martha Guarnizo, directora de Relaciones Internacionales e Interinstitucionales de la UDI.<\/p>\n<\/blockquote>\n\n\n\n<p>Para Unifranz, la doble titulaci\u00f3n es parte de una visi\u00f3n educativa orientada a la innovaci\u00f3n y la internacionalizaci\u00f3n. De esta manera, la universidad reafirma su compromiso de formar profesionales capaces de impactar no solo en Bolivia, sino en el mundo.<\/p>\n\n\n\n<p>\u201cHace 32 a\u00f1os decidimos transformar la educaci\u00f3n en Bolivia con dos ejes clave: la innovaci\u00f3n y la internacionalizaci\u00f3n. Hoy seguimos abriendo puertas para que nuestros estudiantes se formen con una mirada global y lideren los cambios del futuro\u201d, concluy\u00f3 el Dr. Carlos Dabdoub, vicerrector de Unifranz Santa Cruz.&nbsp;<\/p>","protected":false},"excerpt":{"rendered":"<p>En un contexto global cada vez m\u00e1s competitivo y din\u00e1mico, la formaci\u00f3n profesional se ha convertido en un factor clave para marcar la diferencia en el mercado laboral. Hoy, los nuevos profesionales buscan ampliar sus horizontes acad\u00e9micos y fortalecer su perfil con experiencias internacionales que les permitan responder a los desaf\u00edos de un mundo interconectado. &hellip; <a href=\"https:\/\/unifranz.edu.bo\/pt\/blog\/unifranz-hace-posible-la-doble-titulacion-con-bolivia-y-colombia-en-ingenieria-comercial-y-administracion-de-empresas\/\">Continued<\/a><\/p>","protected":false},"author":33,"featured_media":710895,"comment_status":"open","ping_status":"open","sticky":false,"template":"","format":"standard","meta":{"_acf_changed":false,"footnotes":""},"categories":[2576,60,5100,3046,1608],"tags":[10491,53,1422,43,242,3624],"class_list":["post-710894","post","type-post","status-publish","format-standard","has-post-thumbnail","hentry","category-unifranz-santa-cruz","category-blog","category-bolivia","category-intercambio","category-internacionalizacion","tag-doble-titulacion","tag-educacion","tag-innovacion-en-educacion","tag-santa-cruz","tag-unifranz","tag-unifranz-santa-cruz"],"acf":[],"_links":{"self":[{"href":"https:\/\/unifranz.edu.bo\/pt\/wp-json\/wp\/v2\/posts\/710894","targetHints":{"allow":["GET"]}}],"collection":[{"href":"https:\/\/unifranz.edu.bo\/pt\/wp-json\/wp\/v2\/posts"}],"about":[{"href":"https:\/\/unifranz.edu.bo\/pt\/wp-json\/wp\/v2\/types\/post"}],"author":[{"embeddable":true,"href":"https:\/\/unifranz.edu.bo\/pt\/wp-json\/wp\/v2\/users\/33"}],"replies":[{"embeddable":true,"href":"https:\/\/unifranz.edu.bo\/pt\/wp-json\/wp\/v2\/comments?post=710894"}],"version-history":[{"count":1,"href":"https:\/\/unifranz.edu.bo\/pt\/wp-json\/wp\/v2\/posts\/710894\/revisions"}],"predecessor-version":[{"id":710897,"href":"https:\/\/unifranz.edu.bo\/pt\/wp-json\/wp\/v2\/posts\/710894\/revisions\/710897"}],"wp:featuredmedia":[{"embeddable":true,"href":"https:\/\/unifranz.edu.bo\/pt\/wp-json\/wp\/v2\/media\/710895"}],"wp:attachment":[{"href":"https:\/\/unifranz.edu.bo\/pt\/wp-json\/wp\/v2\/media?parent=710894"}],"wp:term":[{"taxonomy":"category","embeddable":true,"href":"https:\/\/unifranz.edu.bo\/pt\/wp-json\/wp\/v2\/categories?post=710894"},{"taxonomy":"post_tag","embeddable":true,"href":"https:\/\/unifranz.edu.bo\/pt\/wp-json\/wp\/v2\/tags?post=710894"}],"curies":[{"name":"wp","href":"https:\/\/api.w.org\/{rel}","templated":true}]}}