{"id":710886,"date":"2025-12-31T18:09:47","date_gmt":"2025-12-31T22:09:47","guid":{"rendered":"https:\/\/unifranz.edu.bo\/?p=710886"},"modified":"2025-12-31T19:34:06","modified_gmt":"2025-12-31T23:34:06","slug":"industria-creativa-un-sector-que-impulsa-empleo-y-oportunidades","status":"publish","type":"post","link":"https:\/\/unifranz.edu.bo\/pt\/blog\/industria-creativa-un-sector-que-impulsa-empleo-y-oportunidades\/","title":{"rendered":"Industria creativa: un sector que impulsa empleo y oportunidades para los j\u00f3venes bolivianos"},"content":{"rendered":"<p>El mundo est\u00e1 cambiando r\u00e1pidamente y, con \u00e9l, tambi\u00e9n las profesiones que generan mayores oportunidades laborales. Hoy, la industria creativa se posiciona entre los sectores econ\u00f3micos de m\u00e1s alto crecimiento a nivel global. Publicidad, dise\u00f1o gr\u00e1fico, producci\u00f3n audiovisual transmedia, animaci\u00f3n, videojuegos, marketing digital y comercio electr\u00f3nico son solo algunas de las \u00e1reas que crean millones de empleos en el planeta, y Bolivia no es la excepci\u00f3n.<\/p>\n\n\n\n<p>Las empresas \u2014grandes y peque\u00f1as\u2014 necesitan comunicar mejor. Desde un peque\u00f1o negocio familiar en El Alto, que buscan una identidad visual s\u00f3lida para destacar en redes sociales, hasta instituciones y compa\u00f1\u00edas nacionales e internacionales que requieren equipos creativos que desarrollen estrategias innovadoras para llegar a sus p\u00fablicos.<\/p>\n\n\n\n<p>Este contexto impulsa la demanda de profesionales formados en \u00e1reas vinculadas a la comunicaci\u00f3n visual y digital, como la carrera de Dise\u00f1o Digial y Producci\u00f3n Transmedia, una de las propuestas acad\u00e9micas que ofrece la Universidad Franz Tamayo, Unifranz, en alineaci\u00f3n con las necesidades del mercado.<\/p>\n\n\n\n<p>Marcas que todos conocemos en casa \u2014como Coca-Cola, Netflix, Adidas, Samsung o Disney\u2014 no solo venden productos: conectan emocionalmente con las personas gracias a dise\u00f1adores que crean sus anuncios, personajes, experiencias digitales y campa\u00f1as publicitarias.<\/p>\n\n\n\n<p>En Bolivia sucede lo mismo: bancos, empresas tecnol\u00f3gicas y marcas reconocidas de venta al por mayor y menor trabajan permanentemente con equipos creativos para innovar, posicionarse y generar identidad. Detr\u00e1s de cada comercial exitoso, de cada logo que recordamos o de cada contenido viral, hay un dise\u00f1ador que hizo posible esa conexi\u00f3n.<\/p>\n\n\n\n<p><strong>Una carrera con muchas oportunidades para j\u00f3venes talentosos<\/strong><\/p>\n\n\n\n<p>El auge del contenido digital ha transformado la manera en que consumimos informaci\u00f3n. Hoy, las marcas cuentan historias a trav\u00e9s de im\u00e1genes, videos, experiencias interactivas y plataformas m\u00faltiples.<\/p>\n\n\n\n<p>Por ejemplo, quienes estudian Dise\u00f1o Gr\u00e1fico y Producci\u00f3n Transmedia, se especializan en dar vida a esos mensajes: desarrollan capacidades en dise\u00f1o visual, construcci\u00f3n de marcas, producci\u00f3n y edici\u00f3n audiovisual, animaci\u00f3n, fotograf\u00eda y narrativas digitales.<\/p>\n\n\n\n<p>Mauricio Aguilar P\u00e9rez, dise\u00f1ador gr\u00e1fico y experto en comunicaci\u00f3n visual e identidad de marca, asegura que \u201csomos el v\u00ednculo entre una empresa, una instituci\u00f3n y el p\u00fablico. Creamos im\u00e1genes que se decodifican a golpe de vista. Sin nosotros, es dif\u00edcil que una marca comunique adecuadamente todo lo que quiere decir y todo lo que dice ser\u201d.<\/p>\n\n\n\n<p>La creatividad, una habilidad natural en muchos j\u00f3venes alte\u00f1os, se convierte aqu\u00ed en una herramienta profesional que abre puertas a agencias publicitarias, productoras, medios digitales, videojuegos, comercio electr\u00f3nico, emprendimientos y empresas tecnol\u00f3gicas. Adem\u00e1s, es una carrera con un fuerte potencial para trabajar de manera independiente y generar ingresos propios desde los primeros proyectos.<\/p>\n\n\n\n<p><strong>Formarse con experiencia: el valor de Unifranz<\/strong><\/p>\n\n\n\n<p>El alcance del dise\u00f1o gr\u00e1fico no se limita a los mercados ni a los salones de clase. Tambi\u00e9n desempe\u00f1a un papel crucial en la cultura y el activismo. Campa\u00f1as de sensibilizaci\u00f3n, movimientos sociales y expresiones art\u00edsticas digitales encuentran en el dise\u00f1o un medio poderoso para inspirar, protestar y movilizar. Es un instrumento para generar conciencia, cuestionar el statu quo y preservar la memoria visual de los pueblos.<\/p>\n\n\n\n<p>Por ello, en Unifranz, la formaci\u00f3n va m\u00e1s all\u00e1 de la teor\u00eda. Los estudiantes trabajan en desaf\u00edos reales desde los primeros semestres, construyen un portafolio profesional s\u00f3lido y se vinculan con la industria creativa mediante proyectos conjuntos, concursos, actividades de networking y laboratorios de innovaci\u00f3n.<\/p>\n\n\n\n<p>\u201cFormamos profesionales creativos con mentalidad estrat\u00e9gica y dominio de herramientas tecnol\u00f3gicas de vanguardia. Queremos que nuestros estudiantes salgan listos para competir en cualquier mercado, incluso fuera del pa\u00eds\u201d, afirm\u00f3 Luis Palacios, director de la carrera de Dise\u00f1o Gr\u00e1fico y Producci\u00f3n Transmedia en Unifranz El Alto.<\/p>\n\n\n\n<p>El objetivo es que los futuros dise\u00f1adores se grad\u00faen con competencias actualizadas y manejo de herramientas digitales de \u00faltima generaci\u00f3n, preparados para integrarse a un mercado laboral -sin fronteras- que premia la creatividad, la innovaci\u00f3n y la capacidad de transformar ideas en experiencias.<\/p>\n\n\n\n<p><\/p>","protected":false},"excerpt":{"rendered":"<p>La creatividad mueve la econom\u00eda: dise\u00f1adores y creadores digitales son cada vez m\u00e1s requeridos en Bolivia. Una oportunidad real para los j\u00f3venes.<\/p>","protected":false},"author":25,"featured_media":710887,"comment_status":"open","ping_status":"open","sticky":false,"template":"","format":"standard","meta":{"_acf_changed":false,"footnotes":""},"categories":[11083,60,2516,2182,302,1004,1782,10374],"tags":[47,386,1422,218,242],"class_list":["post-710886","post","type-post","status-publish","format-standard","has-post-thumbnail","hentry","category-unifranzelalto","category-blog","category-diseno-grafico-y-produccion-crossmedia","category-diseno-y-produccion-crossmedia","category-el-alto","category-estudiantes","category-unifranz","category-unifranz-el-alto","tag-el-alto","tag-estudiantes","tag-innovacion-en-educacion","tag-tecnologia","tag-unifranz"],"acf":[],"_links":{"self":[{"href":"https:\/\/unifranz.edu.bo\/pt\/wp-json\/wp\/v2\/posts\/710886","targetHints":{"allow":["GET"]}}],"collection":[{"href":"https:\/\/unifranz.edu.bo\/pt\/wp-json\/wp\/v2\/posts"}],"about":[{"href":"https:\/\/unifranz.edu.bo\/pt\/wp-json\/wp\/v2\/types\/post"}],"author":[{"embeddable":true,"href":"https:\/\/unifranz.edu.bo\/pt\/wp-json\/wp\/v2\/users\/25"}],"replies":[{"embeddable":true,"href":"https:\/\/unifranz.edu.bo\/pt\/wp-json\/wp\/v2\/comments?post=710886"}],"version-history":[{"count":3,"href":"https:\/\/unifranz.edu.bo\/pt\/wp-json\/wp\/v2\/posts\/710886\/revisions"}],"predecessor-version":[{"id":710891,"href":"https:\/\/unifranz.edu.bo\/pt\/wp-json\/wp\/v2\/posts\/710886\/revisions\/710891"}],"wp:featuredmedia":[{"embeddable":true,"href":"https:\/\/unifranz.edu.bo\/pt\/wp-json\/wp\/v2\/media\/710887"}],"wp:attachment":[{"href":"https:\/\/unifranz.edu.bo\/pt\/wp-json\/wp\/v2\/media?parent=710886"}],"wp:term":[{"taxonomy":"category","embeddable":true,"href":"https:\/\/unifranz.edu.bo\/pt\/wp-json\/wp\/v2\/categories?post=710886"},{"taxonomy":"post_tag","embeddable":true,"href":"https:\/\/unifranz.edu.bo\/pt\/wp-json\/wp\/v2\/tags?post=710886"}],"curies":[{"name":"wp","href":"https:\/\/api.w.org\/{rel}","templated":true}]}}