{"id":710867,"date":"2025-12-31T15:20:36","date_gmt":"2025-12-31T19:20:36","guid":{"rendered":"https:\/\/unifranz.edu.bo\/?p=710867"},"modified":"2026-01-09T10:54:19","modified_gmt":"2026-01-09T14:54:19","slug":"%f0%9d%90%80%f0%9d%90%a7%f0%9d%90%9d%f0%9d%90%abe-%f0%9d%90%95%f0%9d%90%9a%f0%9d%90%ab%f0%9d%90%a0%f0%9d%90%9a%f0%9d%90%ac-%f0%9d%90%9e%f0%9d%90%a5-%f0%9d%90%a6e%f0%9d%90%9d%f0%9d%90%a2%f0%9d%90%9co","status":"publish","type":"post","link":"https:\/\/unifranz.edu.bo\/pt\/blog\/%f0%9d%90%80%f0%9d%90%a7%f0%9d%90%9d%f0%9d%90%abe-%f0%9d%90%95%f0%9d%90%9a%f0%9d%90%ab%f0%9d%90%a0%f0%9d%90%9a%f0%9d%90%ac-%f0%9d%90%9e%f0%9d%90%a5-%f0%9d%90%a6e%f0%9d%90%9d%f0%9d%90%a2%f0%9d%90%9co\/","title":{"rendered":"Andr\u00e9 Vargas, el m\u00e9dico de Unifranz que transforma cifras en salud"},"content":{"rendered":"<figure class=\"wp-block-image size-large\"><img loading=\"lazy\" decoding=\"async\" width=\"1024\" height=\"536\" src=\"https:\/\/unifranz.edu.bo\/wp-content\/uploads\/2025\/12\/5-1024x536.png\" alt=\"\" class=\"wp-image-710854\" srcset=\"https:\/\/unifranz.edu.bo\/wp-content\/uploads\/2025\/12\/5-1024x536.png 1024w, https:\/\/unifranz.edu.bo\/wp-content\/uploads\/2025\/12\/5-300x157.png 300w, https:\/\/unifranz.edu.bo\/wp-content\/uploads\/2025\/12\/5-768x402.png 768w, https:\/\/unifranz.edu.bo\/wp-content\/uploads\/2025\/12\/5-1536x804.png 1536w, https:\/\/unifranz.edu.bo\/wp-content\/uploads\/2025\/12\/5-2048x1072.png 2048w, https:\/\/unifranz.edu.bo\/wp-content\/uploads\/2025\/12\/5-18x9.png 18w\" sizes=\"auto, (max-width: 1024px) 100vw, 1024px\" \/><figcaption class=\"wp-element-caption\"><em>Andr\u00e9 Vargas Aguilar destaca por su talento con las cifras, los datos y las estad\u00edsticas que ayudan a comprender mejor situaciones en materia de salud.<\/em><\/figcaption><\/figure>\n\n\n\n<p>Cuando <strong>\ud835\udc00\ud835\udc27\ud835\udc1d\ud835\udc2b\u00e9 <\/strong><strong>\ud835\udc15\ud835\udc1a\ud835\udc2b\ud835\udc20\ud835\udc1a\ud835\udc2c<\/strong> se para frente a una pantalla llena de n\u00fameros, gr\u00e1ficos y tablas, ocurre algo extra\u00f1o y bonito: el silencio se vuelve respeto. No porque levante la voz \u2014de hecho, le cuesta hablar\u2014, sino porque ah\u00ed, entre cifras fr\u00edas, \u00e9l encuentra calor humano. \ud835\udc13\ud835\udc22\ud835\udc1e\ud835\udc27\ud835\udc1e \ud835\udc1a\ud835\udc29\ud835\udc1e\ud835\udc27\ud835\udc1a\ud835\udc2c \ud835\udfd0\ud835\udfd4 \ud835\udc1a\u00f1\ud835\udc28\ud835\udc2c, pero su pensamiento es el de un m\u00e9dico decano, de esos que ya han visto el dolor, la evidencia y la urgencia de decidir bien. De esos que caminan por los pasillos de la universidad Franz Tamayo (Unifranz), donde ejerce como Docente Investigador de Medicina, con la seriedad de un sabio y la curiosidad de un ni\u00f1o.<\/p>\n\n\n\n<p>Alto, delgado, de gesto contenido<strong>, <\/strong><strong>\ud835\udc00\ud835\udc27\ud835\udc1d\ud835\udc2b\u00e9 <\/strong>no necesita grandes ademanes. Tartamudea a veces, porque busca la palabra justa, como si supiera que en la ciencia \u2014como en la vida\u2014 decir mal algo puede costar caro. A veces, las palabras parecen agolparse en su garganta, provocando un ligero ceceo; no es falta de conocimiento, es que su mente de genio viaja a una velocidad que la lengua a\u00fan no alcanza a procesar.&nbsp;<\/p>\n\n\n\n<p>Hijo de militar, por tanto, criado en la disciplina, rige sus proyectos con rigor casi mon\u00e1stico. Pero detr\u00e1s de esa estructura escu\u00e1lida y firme de 1,80 metros de estatura habita un esp\u00edritu profundamente emp\u00e1tico, generoso y servicial. \u00ab\ud835\ude0b\ud835\ude26\ud835\ude34\ud835\ude25\ud835\ude26 \ud835\ude2f\ud835\ude2a\u00f1\ud835\ude30 \ud835\ude34\ud835\ude2a\ud835\ude26\ud835\ude2e\ud835\ude31\ud835\ude33\ud835\ude26 \ud835\ude2e\ud835\ude26 \ud835\ude2a\ud835\ude2f\ud835\ude35\ud835\ude26\ud835\ude33\ud835\ude26\ud835\ude34\u00f3 \ud835\ude32\ud835\ude36\ud835\ude26 \ud835\ude2d\ud835\ude22\ud835\ude34 \ud835\ude31\ud835\ude26\ud835\ude33\ud835\ude34\ud835\ude30\ud835\ude2f\ud835\ude22\ud835\ude34 \ud835\ude26\ud835\ude34\ud835\ude35\u00e9\ud835\ude2f \ud835\ude23\ud835\ude2a\ud835\ude26\ud835\ude2f\u00bb, expresa con una actitud estoica. \ud835\udc18 \ud835\udc27\ud835\udc28 \ud835\udc1e\ud835\udc2c \ud835\udc2e\ud835\udc27\ud835\udc1a \ud835\udc1f\ud835\udc2b\ud835\udc1a\ud835\udc2c\ud835\udc1e: \ud835\udc1e\ud835\udc2c \ud835\udc2c\ud835\udc2e \ud835\udc29\ud835\udc2b\ud835\udc28\ud835\udc20\ud835\udc2b\ud835\udc1a\ud835\udc26\ud835\udc1a \ud835\udc1d\ud835\udc1e \ud835\udc2f\ud835\udc22\ud835\udc1d\ud835\udc1a.<\/p>\n\n\n\n<figure class=\"wp-block-image size-large\"><img loading=\"lazy\" decoding=\"async\" width=\"1024\" height=\"601\" src=\"https:\/\/unifranz.edu.bo\/wp-content\/uploads\/2025\/12\/3-1024x601.png\" alt=\"\" class=\"wp-image-710858\" srcset=\"https:\/\/unifranz.edu.bo\/wp-content\/uploads\/2025\/12\/3-1024x601.png 1024w, https:\/\/unifranz.edu.bo\/wp-content\/uploads\/2025\/12\/3-300x176.png 300w, https:\/\/unifranz.edu.bo\/wp-content\/uploads\/2025\/12\/3-768x451.png 768w, https:\/\/unifranz.edu.bo\/wp-content\/uploads\/2025\/12\/3-1536x902.png 1536w, https:\/\/unifranz.edu.bo\/wp-content\/uploads\/2025\/12\/3-2048x1202.png 2048w, https:\/\/unifranz.edu.bo\/wp-content\/uploads\/2025\/12\/3-18x12.png 18w\" sizes=\"auto, (max-width: 1024px) 100vw, 1024px\" \/><figcaption class=\"wp-element-caption\"><em>Andr\u00e9 Vargas ense\u00f1a los resultados de su investigaciones al vicerrector de Unifranz, sede Cochabamba, Ing. Rolando L\u00f3pez.<\/em><\/figcaption><\/figure>\n\n\n\n<p><strong>\ud835\udc0b\ud835\udc1a <\/strong><strong>\ud835\udc26\ud835\udc1e\ud835\udc27\ud835\udc2d\ud835\udc1e <\/strong><strong>\ud835\udc23\ud835\udc28\ud835\udc2f\ud835\udc1e\ud835\udc27, <\/strong><strong>\ud835\udc2e\ud835\udc27 <\/strong><strong>\ud835\udc2d\ud835\udc1e\ud835\udc2b\ud835\udc2b\ud835\udc22\ud835\udc2d\ud835\udc28\ud835\udc2b\ud835\udc22\ud835\udc28 <\/strong><strong>\ud835\udc2a\ud835\udc2e\ud835\udc1e <\/strong><strong>\ud835\udc2e\ud835\udc2b\ud835\udc20\ud835\udc1e <\/strong><strong>\ud835\udc1c\ud835\udc28\ud835\udc26\ud835\udc29\ud835\udc2b\ud835\udc1e\ud835\udc27\ud835\udc1d\ud835\udc1e\ud835\udc2b<\/strong><\/p>\n\n\n\n<p>Hoy, su mayor preocupaci\u00f3n es una herida silenciosa: la salud mental de los j\u00f3venes. Tras el Covid-19 y el uso extendido de redes sociales, las cifras alarman, sin embargo, no hay datos fidedignos que ayuden a definir alguna pol\u00edtica de salud.<\/p>\n\n\n\n<p>Ac\u00e1, dos motivaciones impulsaron a Andr\u00e9 a zambullirse en el mundo de las cifras, los datos, los gr\u00e1ficos. La primera, ante la saturaci\u00f3n de plazas en las especializaciones m\u00e9dicas, entendi\u00f3 que dominar la investigaci\u00f3n, la estad\u00edstica y el an\u00e1lisis de datos no solo ampl\u00eda sus oportunidades profesionales, sino que aporta un valor real al sistema de salud en un entorno altamente competitivo. <em>\u00abComprend\u00ed que desarrollar competencias s\u00f3lidas en investigaci\u00f3n, an\u00e1lisis estad\u00edstico y generaci\u00f3n de evidencia cient\u00edfica ampl\u00eda mi campo profesional como m\u00e9dico, y tambi\u00e9n aporta un valor real al sistema de salud\u00bb,<\/em> asegura con una determinaci\u00f3n que deslumbra.<\/p>\n\n\n\n<figure class=\"wp-block-pullquote\"><blockquote><p><strong>La segunda, p<\/strong>ara Andr\u00e9, en lo m\u00e1s \u00edntimo de su ser, los n\u00fameros representan un refugio de orden y claridad frente a la incertidumbre de la medicina cl\u00ednica, donde incluso las mejores decisiones pueden tener desenlaces impredecibles; en la estad\u00edstica encontr\u00f3 un lenguaje honesto y objetivo que le permite comprender mejor la realidad y tomar decisiones m\u00e1s justas. <em>\u00abLa estad\u00edstica es un lenguaje honesto, no juzga, no se conmueve, no reclama. Los n\u00fameros simplemente son, y en esa objetividad encontr\u00e9 un refugio intelectual y una herramienta poderosa para comprender mejor la realidad y tomar decisiones m\u00e1s justas y fundamentadas\u00bb, <\/em>asegura.&nbsp;<\/p><\/blockquote><\/figure>\n\n\n\n<p>Andr\u00e9 investiga precisamente esa brecha de datos que el pa\u00eds no ha querido \u2014o no ha sabido\u2014 llenar tras el Covid-19, y tambi\u00e9n las consecuencias que arroja el desmedido uso de las redes sociales. Entonces, su investigaci\u00f3n se\u00f1ala que existe en los j\u00f3venes u\ud835\udc27 \ud835\udfd1\ud835\udfd5% \ud835\udc1d\ud835\udc1e \ud835\udc29\ud835\udc2b\ud835\udc1e\ud835\udc2f\ud835\udc1a\ud835\udc25\ud835\udc1e\ud835\udc27\ud835\udc1c\ud835\udc22\ud835\udc1a \ud835\udc1d\ud835\udc1e \ud835\udc1a\ud835\udc27\ud835\udc2c\ud835\udc22\ud835\udc1e\ud835\udc1d\ud835\udc1a\ud835\udc1d \ud835\udc2c\ud835\udc1e\ud835\udc2f\ud835\udc1e\ud835\udc2b\ud835\udc1a \ud835\udc32 \ud835\udc2e\ud835\udc27 \ud835\udfcf\ud835\udfd5% \ud835\udc1d\ud835\udc1e \ud835\udc1d\ud835\udc1e\ud835\udc29\ud835\udc2b\ud835\udc1e\ud835\udc2c\ud835\udc22\u00f3\ud835\udc27 \ud835\udc2c\ud835\udc1e\ud835\udc2f\ud835\udc1e\ud835\udc2b\ud835\udc1a.&nbsp; Para Andr\u00e9, esta cruda realidad no puede seguir siendo solo porcentajes: necesita rostro, contexto y acci\u00f3n.<\/p>\n\n\n\n<figure class=\"wp-block-image size-large\"><img loading=\"lazy\" decoding=\"async\" width=\"1024\" height=\"536\" src=\"https:\/\/unifranz.edu.bo\/wp-content\/uploads\/2025\/12\/1-1024x536.png\" alt=\"\" class=\"wp-image-710856\" srcset=\"https:\/\/unifranz.edu.bo\/wp-content\/uploads\/2025\/12\/1-1024x536.png 1024w, https:\/\/unifranz.edu.bo\/wp-content\/uploads\/2025\/12\/1-300x157.png 300w, https:\/\/unifranz.edu.bo\/wp-content\/uploads\/2025\/12\/1-768x402.png 768w, https:\/\/unifranz.edu.bo\/wp-content\/uploads\/2025\/12\/1-1536x804.png 1536w, https:\/\/unifranz.edu.bo\/wp-content\/uploads\/2025\/12\/1-2048x1072.png 2048w, https:\/\/unifranz.edu.bo\/wp-content\/uploads\/2025\/12\/1-18x9.png 18w\" sizes=\"auto, (max-width: 1024px) 100vw, 1024px\" \/><figcaption class=\"wp-element-caption\"><em>El Vicerrector de Unifranz, sede Cochabamba, Ing. Rolando L\u00f3pez, destaca la labor de Andr\u00e9 Vargas en la instituci\u00f3n.<\/em><\/figcaption><\/figure>\n\n\n\n<p><strong>\ud835\udc03\ud835\udc1e <\/strong><strong>\ud835\udc25\ud835\udc1a <\/strong><strong>\ud835\udc1e\ud835\udc2f\ud835\udc22\ud835\udc1d\ud835\udc1e\ud835\udc27\ud835\udc1c\ud835\udc22\ud835\udc1a <\/strong><strong>\ud835\udc1a <\/strong><strong>\ud835\udc25\ud835\udc1a <\/strong><strong>\ud835\udc1a\ud835\udc1c\ud835\udc1c\ud835\udc22\u00f3<\/strong><strong>\ud835\udc27: <\/strong><strong>\ud835\udc1c\ud835\udc22\ud835\udc1e\ud835\udc27\ud835\udc1c\ud835\udc22\ud835\udc1a <\/strong><strong>\ud835\udc2a\ud835\udc2e\ud835\udc1e <\/strong><strong>\ud835\udc2c\ud835\udc22\ud835\udc2b\ud835\udc2f\ud835\udc1e<\/strong><\/p>\n\n\n\n<p>En la Feria de la Empleabilidad sorprendi\u00f3 con <strong>\ud835\udc0d\ud835\udc2e\ud835\udc2d\ud835\udc2b\ud835\udc22 <\/strong><strong>\ud835\udc02\ud835\udc25\ud835\udc22\ud835\udc26\ud835\udc1a, <\/strong>un estudio innovador capaz de anticipar hasta con 10 a\u00f1os la probabilidad de desarrollar diabetes seg\u00fan h\u00e1bitos alimenticios. Lo hizo caminando \ud835\udc10\ud835\udc2e\ud835\udc22\ud835\udc25\ud835\udc25\ud835\udc1a\ud835\udc1c\ud835\udc28\ud835\udc25\ud835\udc25\ud835\udc28 \ud835\udc32 \ud835\udc12\ud835\udc1a\ud835\udc1c\ud835\udc1a\ud835\udc1b\ud835\udc1a, encuestando j\u00f3venes, mirando de frente la realidad. La salud p\u00fablica contempor\u00e1nea le preocupa, y mucho.<\/p>\n\n\n\n<p><strong>Andr\u00e9 Vargas<\/strong> <strong>Aguilar <\/strong>es un m\u00e9dico de datos, lo demuestra. Pero, sobre todo, es un m\u00e9dico humano. Lee a San Agust\u00edn y a Kierkegaard, ama el pique macho que le preparan en casa, cree profundamente en Dios, en la amistad y en la educaci\u00f3n como pilar de la humanidad, esa que la sac\u00f3 de las cavernas. Su filosof\u00eda es clara: <strong>\ud835\udc1d\ud835\udc1e <\/strong><strong>\ud835\udc25\ud835\udc1a <\/strong><strong>\ud835\udc1e\ud835\udc2f\ud835\udc22\ud835\udc1d\ud835\udc1e\ud835\udc27\ud835\udc1c\ud835\udc22\ud835\udc1a <\/strong><strong>\ud835\udc1a <\/strong><strong>\ud835\udc25\ud835\udc1a <\/strong><strong>\ud835\udc1a\ud835\udc1c\ud835\udc1c\ud835\udc22\u00f3<\/strong><strong>\ud835\udc27.<\/strong><\/p>\n\n\n\n<p>Eso \u2014precisamente eso\u2014 es lo que imparte en \ud835\udc14\ud835\udc27\ud835\udc22\ud835\udc1f\ud835\udc2b\ud835\udc1a\ud835\udc27\ud835\udc33<strong>:<\/strong> aprender haciendo, investigar para servir, formar profesionales con excelencia acad\u00e9mica y coraz\u00f3n social. Andr\u00e9 no es una excepci\u00f3n. Es una promesa cumplida&#8230;&nbsp;<\/p>\n\n\n\n<figure class=\"wp-block-image size-large\"><img loading=\"lazy\" decoding=\"async\" width=\"1024\" height=\"536\" src=\"https:\/\/unifranz.edu.bo\/wp-content\/uploads\/2025\/12\/2-1-1024x536.png\" alt=\"\" class=\"wp-image-710857\" srcset=\"https:\/\/unifranz.edu.bo\/wp-content\/uploads\/2025\/12\/2-1-1024x536.png 1024w, https:\/\/unifranz.edu.bo\/wp-content\/uploads\/2025\/12\/2-1-300x157.png 300w, https:\/\/unifranz.edu.bo\/wp-content\/uploads\/2025\/12\/2-1-768x402.png 768w, https:\/\/unifranz.edu.bo\/wp-content\/uploads\/2025\/12\/2-1-1536x804.png 1536w, https:\/\/unifranz.edu.bo\/wp-content\/uploads\/2025\/12\/2-1-2048x1072.png 2048w, https:\/\/unifranz.edu.bo\/wp-content\/uploads\/2025\/12\/2-1-18x9.png 18w\" sizes=\"auto, (max-width: 1024px) 100vw, 1024px\" \/><figcaption class=\"wp-element-caption\"><em>Las investigaciones de Andr\u00e9 Vargas Aguilar ayudan a definir pol\u00edticas de salud.<\/em><\/figcaption><\/figure>\n\n\n\n<p><strong>Reconocimientos&nbsp;<\/strong><\/p>\n\n\n\n<p><strong>Andr\u00e9<\/strong> egres\u00f3 de la Universidad Mayor de San Sim\u00f3n, pero<strong> Unifranz<\/strong> fue quien divis\u00f3 su talento y lo incorpor\u00f3 en sus filas. Y gracias al programa de internacionalizaci\u00f3n que <strong>Unifranz <\/strong>ejecuta con otras naciones<strong>, <\/strong>Andr\u00e9 calific\u00f3 para una beca internacional de maestr\u00eda en la \ud835\udc29\ud835\udc2b\ud835\udc1e\ud835\udc2c\ud835\udc2d\ud835\udc22\ud835\udc20\ud835\udc22\ud835\udc1a\ud835\udc1d\ud835\udc1a \ud835\udc14\ud835\udc27\ud835\udc22\ud835\udc2f\ud835\udc1e\ud835\udc2b\ud835\udc2c\ud835\udc22\ud835\udc1d\ud835\udc1a\ud835\udc1d \ud835\udc09\ud835\udc1a\ud835\udc2f\ud835\udc1e\ud835\udc2b\ud835\udc22\ud835\udc1a\ud835\udc27\ud835\udc1a \ud835\udc1d\ud835\udc1e \ud835\udc02\ud835\udc28\ud835\udc25\ud835\udc28\ud835\udc26\ud835\udc1b\ud835\udc22\ud835\udc1a, que ya comienza en pocos d\u00edas. Por sus investigaciones, Andr\u00e9 recibi\u00f3 el \u00ab<strong>Premio Plurinacional de Ciencia, Tecnolog\u00eda e Innovaci\u00f3n del Bicentenario de Bolivia\u00bb<\/strong> otorgado por el Estado boliviano.<\/p>\n\n\n\n<p>Y \ud835\udc14\ud835\udc27\ud835\udc22\ud835\udc1f\ud835\udc2b\ud835\udc1a\ud835\udc27\ud835\udc33, coherente con su filosof\u00eda de promover el talento boliviano, le otorg\u00f3 asimismo un reconocimiento de manos del \ud835\udc2f\ud835\udc22\ud835\udc1c\ud835\udc1e\ud835\udc2b\ud835\udc2b\ud835\udc1e\ud835\udc1c\ud835\udc2d\ud835\udc28\ud835\udc2b, \ud835\udc11\ud835\udc28\ud835\udc25\ud835\udc1a\ud835\udc27\ud835\udc1d\ud835\udc28 \ud835\udc0b\u00f3\ud835\udc29\ud835\udc1e\ud835\udc33. En la actualidad, \ud835\udc00\ud835\udc27\ud835\udc1d\ud835\udc2b\u00e9 \ud835\udc1e\ud835\udc2c \ud835\udc03\ud835\udc28\ud835\udc1c\ud835\udc1e\ud835\udc27\ud835\udc2d\ud835\udc1e \ud835\udc08\ud835\udc27\ud835\udc2f\ud835\udc1e\ud835\udc2c\ud835\udc2d\ud835\udc22\ud835\udc20\ud835\udc1a\ud835\udc1d\ud835\udc28\ud835\udc2b \ud835\udc1d\ud835\udc1e \ud835\udc0c\ud835\udc1e\ud835\udc1d\ud835\udc22\ud835\udc1c\ud835\udc22\ud835\udc27\ud835\udc1a en <strong>Unifranz.<\/strong> No es casualidad: es consecuencia, es sentido de existencia.&nbsp;<\/p>\n\n\n\n<p>\u00c9l lo sabe. Por eso investiga. Por eso mide. Por eso cruza datos. Porque la evidencia salva cuando se convierte en pol\u00edtica p\u00fablica sanitaria, en prevenci\u00f3n, en cuidado cotidiano. Andr\u00e9 no investiga para publicar (aun cuando lo va a hacer en la reputada revista argentina de psiquiatr\u00eda Vertex); investiga para servir. \ud835\udc0f\ud835\udc1a\ud835\udc2b\ud835\udc1a \ud835\udc2a\ud835\udc2e\ud835\udc1e \ud835\udc25\ud835\udc1a \ud835\udc1c\ud835\udc22\ud835\udc1e\ud835\udc27\ud835\udc1c\ud835\udc22\ud835\udc1a \ud835\udc1d\ud835\udc1e\ud835\udc23\ud835\udc1e \ud835\udc1d\ud835\udc1e \ud835\udc2c\ud835\udc1e\ud835\udc2b \ud835\udc2d\ud835\udc28\ud835\udc2b\ud835\udc2b\ud835\udc1e \ud835\udc1d\ud835\udc1e \ud835\udc26\ud835\udc1a\ud835\udc2b\ud835\udc1f\ud835\udc22\ud835\udc25 \ud835\udc32 \ud835\udc2c\ud835\udc1e \ud835\udc2f\ud835\udc2e\ud835\udc1e\ud835\udc25\ud835\udc2f\ud835\udc1a \ud835\udc21\ud835\udc1e\ud835\udc2b\ud835\udc2b\ud835\udc1a\ud835\udc26\ud835\udc22\ud835\udc1e\ud835\udc27\ud835\udc2d\ud835\udc1a \ud835\udc1d\ud835\udc1e \ud835\udc2c\ud835\udc1a\ud835\udc27\ud835\udc1a\ud835\udc1c\ud835\udc22\u00f3\ud835\udc27 \ud835\udc2c\ud835\udc28\ud835\udc1c\ud835\udc22\ud835\udc1a\ud835\udc25.<\/p>\n\n\n\n<figure class=\"wp-block-image size-large\"><img loading=\"lazy\" decoding=\"async\" width=\"1024\" height=\"536\" src=\"https:\/\/unifranz.edu.bo\/wp-content\/uploads\/2025\/12\/0-1024x536.png\" alt=\"\" class=\"wp-image-710855\" srcset=\"https:\/\/unifranz.edu.bo\/wp-content\/uploads\/2025\/12\/0-1024x536.png 1024w, https:\/\/unifranz.edu.bo\/wp-content\/uploads\/2025\/12\/0-300x157.png 300w, https:\/\/unifranz.edu.bo\/wp-content\/uploads\/2025\/12\/0-768x402.png 768w, https:\/\/unifranz.edu.bo\/wp-content\/uploads\/2025\/12\/0-1536x804.png 1536w, https:\/\/unifranz.edu.bo\/wp-content\/uploads\/2025\/12\/0-2048x1072.png 2048w, https:\/\/unifranz.edu.bo\/wp-content\/uploads\/2025\/12\/0-18x9.png 18w\" sizes=\"auto, (max-width: 1024px) 100vw, 1024px\" \/><figcaption class=\"wp-element-caption\"><em>El vicerrector, Ing. Rolando L\u00f3pez, le entrega el reconocimiento por parte de Unifranz a Andr\u00e9 Vargas Aguilar. <\/em><\/figcaption><\/figure>\n\n\n\n<p><strong>\ud835\udc02\ud835\udc22\ud835\udc1e\ud835\udc27\ud835\udc1c\ud835\udc22\ud835\udc1a <\/strong><strong>\ud835\udc1d\ud835\udc1e <\/strong><strong>\ud835\udc1c\ud835\udc25\ud835\udc1a\ud835\udc2c\ud835\udc1e <\/strong><strong>\ud835\udc26\ud835\udc2e\ud835\udc27\ud835\udc1d\ud835\udc22\ud835\udc1a\ud835\udc25&nbsp;<\/strong><\/p>\n\n\n\n<p>A los padres que buscan un lugar donde sus hijos no solo obtengan un cart\u00f3n, sino que descubran su prop\u00f3sito, y a los j\u00f3venes que sue\u00f1an con cambiar el mundo: \ud835\udc26\ud835\udc22\ud835\udc2b\ud835\udc1e\ud835\udc27 \ud835\udc1a \ud835\udc00\ud835\udc27\ud835\udc1d\ud835\udc2b\u00e9. \u00c9l es la prueba de que \ud835\udc1e\ud835\udc27 \ud835\udc01\ud835\udc28\ud835\udc25\ud835\udc22\ud835\udc2f\ud835\udc22\ud835\udc1a \ud835\udc2c\ud835\udc1e \ud835\udc29\ud835\udc2e\ud835\udc1e\ud835\udc1d\ud835\udc1e \ud835\udc21\ud835\udc1a\ud835\udc1c\ud835\udc1e\ud835\udc2b \ud835\udc1c\ud835\udc22\ud835\udc1e\ud835\udc27\ud835\udc1c\ud835\udc22\ud835\udc1a \ud835\udc1d\ud835\udc1e \ud835\udc1c\ud835\udc25\ud835\udc1a\ud835\udc2c\ud835\udc1e \ud835\udc26\ud835\udc2e\ud835\udc27\ud835\udc1d\ud835\udc22\ud835\udc1a\ud835\udc25, con el coraz\u00f3n puesto en la gente. En <strong>\ud835\udc14\ud835\udc27\ud835\udc22\ud835\udc1f\ud835\udc2b\ud835\udc1a\ud835\udc27\ud835\udc33, <\/strong>la excelencia acad\u00e9mica no es una meta, es el camino para transformar cifras en salud y sue\u00f1os en realidades tangibles.<\/p>\n\n\n\n<p>\ud835\udc00\ud835\udc1c\u00e1, \ud835\udc00\ud835\udc27\ud835\udc1d\ud835\udc2b\u00e9 \ud835\udc27\ud835\udc28 \ud835\udc1e\ud835\udc2c \ud835\udc2c\ud835\udc28\ud835\udc25\ud835\udc28 \ud835\udc26\u00e9\ud835\udc1d\ud835\udc22\ud835\udc1c\ud835\udc28. \ud835\udc04\ud835\udc2c \ud835\udc2e\ud835\udc27 \ud835\udc1c\ud835\udc22\ud835\udc1e\ud835\udc27\ud835\udc2d\u00ed\ud835\udc1f\ud835\udc22\ud835\udc1c\ud835\udc28 \ud835\udc1d\ud835\udc1e \ud835\udc1d\ud835\udc1a\ud835\udc2d\ud835\udc28\ud835\udc2c, un investigador que entiende que detr\u00e1s de cada porcentaje hay una vida, una familia, un futuro de un pa\u00eds que puede salvarse. Le preocupa la salud p\u00fablica contempor\u00e1nea con la misma pasi\u00f3n con la que lee filosof\u00eda y teolog\u00eda en su tiempo libre, con la que pedalea su bicicleta por las calles de Cochabamba, con la que cuida a sus animalitos y disfruta quedarse en casa con su familia.<\/p>\n\n\n\n<p>\ud835\udc00\ud835\udc21\ud835\udc28\ud835\udc2b\ud835\udc1a \ud835\udc22\ud835\udc27\ud835\udc2d\ud835\udc1e\ud835\udc27\ud835\udc2d\ud835\udc1a \ud835\udc2a\ud835\udc2e\ud835\udc1e \ud835\udc25\ud835\udc1a \ud835\udc29\ud835\udc1e\ud835\udc2b\ud835\udc2d\ud835\udc22\ud835\udc27\ud835\udc1e\ud835\udc27\ud835\udc1c\ud835\udc22\ud835\udc1a \ud835\udc1c\ud835\udc22\ud835\udc1e\ud835\udc27\ud835\udc2d\u00ed\u0301\ud835\udc1f\ud835\udc22\ud835\udc1c\ud835\udc1a \ud835\udc2c\ud835\udc1e \ud835\udc2d\ud835\udc2b\ud835\udc1a\ud835\udc27\ud835\udc2c\ud835\udc1f\ud835\udc28\ud835\udc2b\ud835\udc26\ud835\udc1e \ud835\udc1e\ud835\udc27 \ud835\udc29\ud835\udc1e\ud835\udc2b\ud835\udc2d\ud835\udc22\ud835\udc27\ud835\udc1e\ud835\udc27\ud835\udc1c\ud835\udc22\ud835\udc1a \ud835\udc2c\ud835\udc28\ud835\udc1c\ud835\udc22\ud835\udc1a\ud835\udc25, \ud835\udc1c\ud835\udc28\ud835\udc2d\ud835\udc22\ud835\udc1d\ud835\udc22\ud835\udc1a\ud835\udc27\ud835\udc1a, \ud835\udc21\ud835\udc2e\ud835\udc26\ud835\udc1a\ud835\udc27\ud835\udc1a. <strong>\ud835\udc03\ud835\udc1e <\/strong><strong>\ud835\udc25\ud835\udc1a <\/strong><strong>\ud835\udc1e\ud835\udc2f\ud835\udc22\ud835\udc1d\ud835\udc1e\ud835\udc27\ud835\udc1c\ud835\udc22\ud835\udc1a <\/strong><strong>\ud835\udc1a <\/strong><strong>\ud835\udc25\ud835\udc1a <\/strong><strong>\ud835\udc1a\ud835\udc1c\ud835\udc1c\ud835\udc22\u00f3<\/strong><strong>\ud835\udc27. <\/strong><strong>\ud835\udc03\ud835\udc1e <\/strong><strong>\ud835\udc1e\ud835\udc2c\ud835\udc28 <\/strong><strong>\ud835\udc2c\ud835\udc1e <\/strong><strong>\ud835\udc2d\ud835\udc2b\ud835\udc1a\ud835\udc2d\ud835\udc1a. <\/strong>Una filosof\u00eda que est\u00e1 asumiendo <strong>\ud835\udc14\ud835\udc27\ud835\udc22\ud835\udc1f\ud835\udc2b\ud835\udc1a\ud835\udc27\ud835\udc33, <\/strong>una universidad que ense\u00f1a haciendo, que tiene esp\u00edritu humano, que educa con excelencia acad\u00e9mica y que entiende que el verdadero conocimiento es el que transforma vidas.<\/p>\n\n\n\n<p><\/p>","protected":false},"excerpt":{"rendered":"<p>Cuando \ud835\udc00\ud835\udc27\ud835\udc1d\ud835\udc2b\u00e9 \ud835\udc15\ud835\udc1a\ud835\udc2b\ud835\udc20\ud835\udc1a\ud835\udc2c se para frente a una pantalla llena de n\u00fameros, gr\u00e1ficos y tablas, ocurre algo extra\u00f1o y bonito: el silencio se vuelve respeto. No porque levante la voz \u2014de hecho, le cuesta hablar\u2014, sino porque ah\u00ed, entre cifras fr\u00edas, \u00e9l encuentra calor humano. \ud835\udc13\ud835\udc22\ud835\udc1e\ud835\udc27\ud835\udc1e \ud835\udc1a\ud835\udc29\ud835\udc1e\ud835\udc27\ud835\udc1a\ud835\udc2c \ud835\udfd0\ud835\udfd4 \ud835\udc1a\u00f1\ud835\udc28\ud835\udc2c, pero su pensamiento es el de &hellip; <a href=\"https:\/\/unifranz.edu.bo\/pt\/blog\/%f0%9d%90%80%f0%9d%90%a7%f0%9d%90%9d%f0%9d%90%abe-%f0%9d%90%95%f0%9d%90%9a%f0%9d%90%ab%f0%9d%90%a0%f0%9d%90%9a%f0%9d%90%ac-%f0%9d%90%9e%f0%9d%90%a5-%f0%9d%90%a6e%f0%9d%90%9d%f0%9d%90%a2%f0%9d%90%9co\/\">Continued<\/a><\/p>","protected":false},"author":54,"featured_media":710854,"comment_status":"open","ping_status":"open","sticky":false,"template":"","format":"standard","meta":{"_acf_changed":false,"footnotes":""},"categories":[60],"tags":[],"class_list":["post-710867","post","type-post","status-publish","format-standard","has-post-thumbnail","hentry","category-blog"],"acf":[],"_links":{"self":[{"href":"https:\/\/unifranz.edu.bo\/pt\/wp-json\/wp\/v2\/posts\/710867","targetHints":{"allow":["GET"]}}],"collection":[{"href":"https:\/\/unifranz.edu.bo\/pt\/wp-json\/wp\/v2\/posts"}],"about":[{"href":"https:\/\/unifranz.edu.bo\/pt\/wp-json\/wp\/v2\/types\/post"}],"author":[{"embeddable":true,"href":"https:\/\/unifranz.edu.bo\/pt\/wp-json\/wp\/v2\/users\/54"}],"replies":[{"embeddable":true,"href":"https:\/\/unifranz.edu.bo\/pt\/wp-json\/wp\/v2\/comments?post=710867"}],"version-history":[{"count":2,"href":"https:\/\/unifranz.edu.bo\/pt\/wp-json\/wp\/v2\/posts\/710867\/revisions"}],"predecessor-version":[{"id":711033,"href":"https:\/\/unifranz.edu.bo\/pt\/wp-json\/wp\/v2\/posts\/710867\/revisions\/711033"}],"wp:featuredmedia":[{"embeddable":true,"href":"https:\/\/unifranz.edu.bo\/pt\/wp-json\/wp\/v2\/media\/710854"}],"wp:attachment":[{"href":"https:\/\/unifranz.edu.bo\/pt\/wp-json\/wp\/v2\/media?parent=710867"}],"wp:term":[{"taxonomy":"category","embeddable":true,"href":"https:\/\/unifranz.edu.bo\/pt\/wp-json\/wp\/v2\/categories?post=710867"},{"taxonomy":"post_tag","embeddable":true,"href":"https:\/\/unifranz.edu.bo\/pt\/wp-json\/wp\/v2\/tags?post=710867"}],"curies":[{"name":"wp","href":"https:\/\/api.w.org\/{rel}","templated":true}]}}