{"id":710849,"date":"2025-12-31T14:51:02","date_gmt":"2025-12-31T18:51:02","guid":{"rendered":"https:\/\/unifranz.edu.bo\/?p=710849"},"modified":"2025-12-31T14:51:06","modified_gmt":"2025-12-31T18:51:06","slug":"nicole-guerrero-en-tedx-unifranz-2025-por-que-la-verdadera-ganancia-esta-en-el-proceso-y-no-en-la-meta","status":"publish","type":"post","link":"https:\/\/unifranz.edu.bo\/pt\/blog\/nicole-guerrero-en-tedx-unifranz-2025-por-que-la-verdadera-ganancia-esta-en-el-proceso-y-no-en-la-meta\/","title":{"rendered":"Nicole Guerrero en TEDx Unifranz 2025: por qu\u00e9 la verdadera ganancia est\u00e1 en el proceso y no en la meta"},"content":{"rendered":"<p>El \u00e9xito suele medirse en resultados visibles: cifras, metas cumplidas, expansi\u00f3n y reconocimiento. Sin embargo, detr\u00e1s de cada logro sostenible existe un trabajo silencioso que rara vez se celebra: el proceso. Entender que el crecimiento real no ocurre de forma inmediata, sino a trav\u00e9s de la constancia, la adaptaci\u00f3n y la capacidad de atravesar crisis, puede cambiar por completo la manera en que se emprende, se lidera y se construye impacto social.<\/p>\n\n\n\n<p>Esa fue la idea central de la ponencia de Nicole Guerrero durante TEDx Unifranz 2025, un espacio que reuni\u00f3 historias de ciencia aplicada, resiliencia, neurociencia, emprendimiento social y transformaci\u00f3n humana. En sinton\u00eda con el esp\u00edritu del evento \u2014que puso en di\u00e1logo conocimiento, tecnolog\u00eda y humanidad\u2014, Guerrero comparti\u00f3 una experiencia que combina datos duros con una profunda reflexi\u00f3n sobre liderazgo, frustraci\u00f3n y aprendizaje.<\/p>\n\n\n\n<blockquote class=\"wp-block-quote is-layout-flow wp-block-quote-is-layout-flow\">\n<p>A los 21 a\u00f1os, mientras cursaba el tercer a\u00f1o de universidad, Guerrero descubri\u00f3 el concepto de los bancos de alimentos y decidi\u00f3, junto a un compa\u00f1ero, fundar el primero del pa\u00eds.&nbsp;<\/p>\n\n\n\n<p>\u201cNo ten\u00edamos recursos, no ten\u00edamos experiencia, pero est\u00e1bamos decididos a hacerlo\u201d, record\u00f3 al explicar c\u00f3mo naci\u00f3 una iniciativa que hoy se ha convertido en una instituci\u00f3n consolidada. Siete a\u00f1os despu\u00e9s, el Banco de Alimentos que lidera redistribuye comida a m\u00e1s de 32.000 personas a nivel nacional, cuenta con sedes en Santa Cruz y Cochabamba, ha canalizado m\u00e1s de 400.000 d\u00f3lares en financiamiento internacional y ha redistribuido m\u00e1s de 2,5 millones de kilogramos de alimentos.<\/p>\n<\/blockquote>\n\n\n\n<p>Guerrero explic\u00f3 que un banco de alimentos funciona como un puente entre el exceso y la necesidad. Recolecta productos que ya no se vender\u00e1n \u2014pero que est\u00e1n en perfecto estado\u2014 y los distribuye a centros de acogida, comedores, refugios y asilos.&nbsp;<\/p>\n\n\n\n<blockquote class=\"wp-block-quote is-layout-flow wp-block-quote-is-layout-flow\">\n<p>\u201cConvertimos el desperdicio en alimentaci\u00f3n\u201d, resumi\u00f3, subrayando el impacto social y ambiental del modelo. La idea cobra mayor relevancia en un pa\u00eds donde, seg\u00fan datos de la FAO, el 19,4% de la poblaci\u00f3n est\u00e1 subalimentada, mientras el 20% de los alimentos producidos se desechan.<\/p>\n<\/blockquote>\n\n\n\n<p>El crecimiento, sin embargo, no fue lineal. Tras a\u00f1os de voluntariado y colectas realizadas con recursos m\u00ednimos \u2014\u201c87 kilos en nuestra primera colecta, que para nosotros fue enorme\u201d\u2014, la pandemia marc\u00f3 un punto de inflexi\u00f3n. En pocas semanas, el Banco de Alimentos pas\u00f3 de distribuir 20.000 kilos al a\u00f1o a 170.000 kilos en solo un mes, convirti\u00e9ndose en un actor clave durante la emergencia sanitaria. Ese crecimiento acelerado permiti\u00f3 contratar personal y profesionalizar la operaci\u00f3n, pero tambi\u00e9n sembr\u00f3 una crisis silenciosa.<\/p>\n\n\n\n<figure class=\"wp-block-embed is-type-video is-provider-youtube wp-block-embed-youtube wp-embed-aspect-16-9 wp-has-aspect-ratio\"><div class=\"wp-block-embed__wrapper\">\n<iframe loading=\"lazy\" title=\"Nicole Guerrero: por qu\u00e9 la verdadera ganancia est\u00e1 en el proceso y no en la meta\" width=\"500\" height=\"281\" src=\"https:\/\/www.youtube.com\/embed\/ZuPZa2v2UMI?feature=oembed\" frameborder=\"0\" allow=\"accelerometer; autoplay; clipboard-write; encrypted-media; gyroscope; picture-in-picture; web-share\" referrerpolicy=\"strict-origin-when-cross-origin\" allowfullscreen><\/iframe>\n<\/div><\/figure>\n\n\n\n<p>En 2021, Guerrero se enfrent\u00f3 a uno de los momentos m\u00e1s dif\u00edciles de su liderazgo: una estructura que hab\u00eda crecido m\u00e1s r\u00e1pido que su capacidad de sostenerla. \u201cAl ritmo al que \u00edbamos, nos quedaban tres o cuatro meses antes de colapsar\u201d, confes\u00f3, recordando el impacto emocional de darse cuenta de que el proyecto pod\u00eda desaparecer. Buscar una soluci\u00f3n r\u00e1pida parec\u00eda tentador, pero fue justamente ese impulso el que la llev\u00f3 a una reflexi\u00f3n m\u00e1s profunda.<\/p>\n\n\n\n<p>El punto de quiebre lleg\u00f3 cuando comprendi\u00f3 que su enfoque estaba puesto \u00fanicamente en las metas y no en los procesos.&nbsp;<\/p>\n\n\n\n<blockquote class=\"wp-block-quote is-layout-flow wp-block-quote-is-layout-flow\">\n<p>\u201cLas metas no son indicadores confiables del progreso real\u201d, afirm\u00f3, explicando c\u00f3mo la frustraci\u00f3n por no cumplir plazos imaginados terminaba drenando energ\u00eda y tiempo valioso. A partir de esa crisis, decidi\u00f3 cambiar la pregunta central de su liderazgo: dejar de preguntarse cu\u00e1ndo se alcanzar\u00eda un resultado y empezar a enfocarse en qu\u00e9 procesos deb\u00edan sostenerse cada d\u00eda.<\/p>\n<\/blockquote>\n\n\n\n<p>Ese cambio transform\u00f3 al Banco de Alimentos. En lugar de perseguir cifras, el equipo comenz\u00f3 a enfocarse en acciones concretas y repetibles: contactar aliados, recorrer mercados, visitar agricultores, fortalecer la log\u00edstica y distribuir alimentos.&nbsp;<\/p>\n\n\n\n<blockquote class=\"wp-block-quote is-layout-flow wp-block-quote-is-layout-flow\">\n<p>\u201cCon los procesos correctos, sostenidos, el resultado se vuelve inevitable\u201d, sostuvo Guerrero, aclarando que no siempre se puede controlar el tiempo, pero s\u00ed la consistencia.<\/p>\n<\/blockquote>\n\n\n\n<p>La ponencia de Nicole Guerrero dialog\u00f3 con las dem\u00e1s voces de TEDx Unifranz 2025, como Rigo Bellot-Machi, que invit\u00f3 a redise\u00f1ar la identidad desde la neurociencia y la narrativa; Luis Eduardo Hinojosa, que conmovi\u00f3 con su historia de reinvenci\u00f3n tras quedar cuadripl\u00e9jico; Khalil Garc\u00eda-Tornel, que defendi\u00f3 la ciencia aplicada a la vida cotidiana; y Valeria Rivero, que propuso soluciones energ\u00e9ticas frente a la crisis clim\u00e1tica. En conjunto, las charlas coincidieron en un mensaje compartido: el cambio profundo no ocurre de forma instant\u00e1nea, sino a trav\u00e9s de procesos sostenidos.<\/p>\n\n\n\n<p>Al cerrar su intervenci\u00f3n, Guerrero sintetiz\u00f3 su aprendizaje en una frase que resume su recorrido: \u201cCumplir una meta, nos da alivio, pero el proceso nos da poder\u201d. Una reflexi\u00f3n que, m\u00e1s all\u00e1 del emprendimiento social, interpela a cualquiera que est\u00e9 construyendo algo a largo plazo.<\/p>","protected":false},"excerpt":{"rendered":"<p>Liderazgo, impacto social y aprendizaje: Nicole Guerrero reflexiona en TEDx Unifranz 2025 sobre el valor del proceso.<\/p>","protected":false},"author":49,"featured_media":710853,"comment_status":"open","ping_status":"open","sticky":false,"template":"","format":"standard","meta":{"_acf_changed":false,"footnotes":""},"categories":[60],"tags":[11783,10930,11395,1422,248,184,4142,11678,8452,242],"class_list":["post-710849","post","type-post","status-publish","format-standard","has-post-thumbnail","hentry","category-blog","tag-banco-de-alimentos","tag-crecimiento","tag-fao","tag-innovacion-en-educacion","tag-internacionalizacion","tag-solidaridad","tag-tedx-unifranz","tag-tedx-unifranz-2025","tag-transformando-vidas","tag-unifranz"],"acf":[],"_links":{"self":[{"href":"https:\/\/unifranz.edu.bo\/pt\/wp-json\/wp\/v2\/posts\/710849","targetHints":{"allow":["GET"]}}],"collection":[{"href":"https:\/\/unifranz.edu.bo\/pt\/wp-json\/wp\/v2\/posts"}],"about":[{"href":"https:\/\/unifranz.edu.bo\/pt\/wp-json\/wp\/v2\/types\/post"}],"author":[{"embeddable":true,"href":"https:\/\/unifranz.edu.bo\/pt\/wp-json\/wp\/v2\/users\/49"}],"replies":[{"embeddable":true,"href":"https:\/\/unifranz.edu.bo\/pt\/wp-json\/wp\/v2\/comments?post=710849"}],"version-history":[{"count":1,"href":"https:\/\/unifranz.edu.bo\/pt\/wp-json\/wp\/v2\/posts\/710849\/revisions"}],"predecessor-version":[{"id":710862,"href":"https:\/\/unifranz.edu.bo\/pt\/wp-json\/wp\/v2\/posts\/710849\/revisions\/710862"}],"wp:featuredmedia":[{"embeddable":true,"href":"https:\/\/unifranz.edu.bo\/pt\/wp-json\/wp\/v2\/media\/710853"}],"wp:attachment":[{"href":"https:\/\/unifranz.edu.bo\/pt\/wp-json\/wp\/v2\/media?parent=710849"}],"wp:term":[{"taxonomy":"category","embeddable":true,"href":"https:\/\/unifranz.edu.bo\/pt\/wp-json\/wp\/v2\/categories?post=710849"},{"taxonomy":"post_tag","embeddable":true,"href":"https:\/\/unifranz.edu.bo\/pt\/wp-json\/wp\/v2\/tags?post=710849"}],"curies":[{"name":"wp","href":"https:\/\/api.w.org\/{rel}","templated":true}]}}