{"id":710818,"date":"2025-12-30T18:20:04","date_gmt":"2025-12-30T22:20:04","guid":{"rendered":"https:\/\/unifranz.edu.bo\/?p=710818"},"modified":"2025-12-30T18:20:07","modified_gmt":"2025-12-30T22:20:07","slug":"por-que-oir-no-basta-y-como-entrenar-una-habilidad-clave-para-comunicarnos-mejor","status":"publish","type":"post","link":"https:\/\/unifranz.edu.bo\/pt\/blog\/por-que-oir-no-basta-y-como-entrenar-una-habilidad-clave-para-comunicarnos-mejor\/","title":{"rendered":"\u00bfPor qu\u00e9 o\u00edr no basta y c\u00f3mo entrenar una habilidad clave para comunicarnos mejor?"},"content":{"rendered":"<p>En un mundo acelerado, donde las conversaciones suelen reducirse a intercambios breves y respuestas autom\u00e1ticas, muchas personas confunden el acto de o\u00edr con el de escuchar. Sin embargo, ambos procesos distan mucho entre s\u00ed. Mientras o\u00edr es una funci\u00f3n fisiol\u00f3gica, escuchar implica conciencia, intenci\u00f3n y presencia. Y ese matiz marca la diferencia en la calidad de nuestras relaciones personales y profesionales.<\/p>\n\n\n\n<blockquote class=\"wp-block-quote is-layout-flow wp-block-quote-is-layout-flow\">\n<p>\u201cEl no saber escuchar disminuye la confianza y provoca distorsiones en las relaciones, provocando una falta de claridad en la transmisi\u00f3n de ideas, sentimientos o intenciones\u201d, advierte Consuelo Medina, docente en la carrera de Psicolog\u00eda de la Universidad Franz Tamayo (Unifranz).<\/p>\n<\/blockquote>\n\n\n\n<p>Seg\u00fan la especialista, esta carencia puede \u201cmenoscabar el respeto que deber\u00edan establecer las personas al momento de la interacci\u00f3n, lo que deriva en un distanciamiento\u201d .<\/p>\n\n\n\n<p><strong>Comprender para conectar<\/strong><\/p>\n\n\n\n<p>La psic\u00f3loga subraya que escuchar activamente es una habilidad que se cultiva: requiere pr\u00e1ctica, paciencia y un compromiso real de estar presentes. Su explicaci\u00f3n coincide con los aportes del psic\u00f3logo Carl Rogers, quien promovi\u00f3 la escucha emp\u00e1tica como eje de una comunicaci\u00f3n efectiva. En ese sentido, Medina se\u00f1ala que \u201caunque pueda parecer sencillo, la escucha activa requiere un esfuerzo considerable de nuestras capacidades cognitivas y emp\u00e1ticas\u201d.<\/p>\n\n\n\n<p>Ese esfuerzo es doble: por un lado, implica la dimensi\u00f3n interna de procesar con atenci\u00f3n lo que se nos dice, y por otro, la dimensi\u00f3n externa de transmitir, mediante gestos y expresiones, que realmente estamos comprendiendo al interlocutor. La escucha activa no es pasiva: es un proceso que integra empat\u00eda, validaci\u00f3n emocional y retroalimentaci\u00f3n clara.<\/p>\n\n\n\n<p><strong>O\u00edr no es suficiente<\/strong><\/p>\n\n\n\n<blockquote class=\"wp-block-quote is-layout-flow wp-block-quote-is-layout-flow\">\n<p>La diferencia entre o\u00edr y escuchar radica en la intenci\u00f3n. Escuchar demanda suspender juicios, evitar interrupciones y conectar con lo que la otra persona dice y siente. Medina enfatiza que la comunicaci\u00f3n es un puente emocional y psicol\u00f3gico: \u201cLas palabras y su uso correcto influyen en las personas, pueden elevar el \u00e1nimo, fortalecer la autoestima y generar bienestar emocional\u201d.<\/p>\n<\/blockquote>\n\n\n\n<p>Cuando escuchamos activamente, no solo comprendemos mejor los mensajes, sino que generamos espacios seguros donde otros se sienten valorados. Por ello, la experta destaca los beneficios de esta pr\u00e1ctica: favorece la asertividad, mejora la comprensi\u00f3n mutua y fortalece los v\u00ednculos.<\/p>\n\n\n\n<p><strong>Las ocho claves para escuchar activamente<\/strong><\/p>\n\n\n\n<p><strong>1. Presta atenci\u00f3n con todo tu ser<\/strong><\/p>\n\n\n\n<p>Evita distracciones, mira a los ojos y enf\u00f3cate en comprender, no solo en o\u00edr.<\/p>\n\n\n\n<p><strong>2. Suspende el juicio<\/strong><\/p>\n\n\n\n<p>Escuchar no es evaluar, sino permitir que el otro se exprese sin miedo a ser etiquetado.<\/p>\n\n\n\n<p><strong>3. Calma tu di\u00e1logo interno<\/strong><\/p>\n\n\n\n<p>Si tu mente divaga, respira y vuelve al presente; la presencia es la base de la escucha.<\/p>\n\n\n\n<p><strong>4. Evita dar consejos prematuros<\/strong><\/p>\n\n\n\n<p>Antes de ofrecer soluciones, valida emociones. A veces acompa\u00f1ar es m\u00e1s necesario que intervenir.<\/p>\n\n\n\n<p><strong>5. Respeta los silencios del otro<\/strong><\/p>\n\n\n\n<p>No completes ni apresures las frases ajenas. Las pausas tambi\u00e9n comunican.<\/p>\n\n\n\n<p><strong>6. Abraza el silencio como puente<\/strong><\/p>\n\n\n\n<p>El silencio atento transmite respeto y apertura, sin presi\u00f3n.<\/p>\n\n\n\n<p><strong>7. Lee el cuerpo, no solo las palabras<\/strong><\/p>\n\n\n\n<p>El lenguaje no verbal \u2014miradas, postura, gestos\u2014 revela informaci\u00f3n clave.<\/p>\n\n\n\n<p><strong>8. Verifica con humildad<\/strong><\/p>\n\n\n\n<p>Preguntar \u201c\u00bfTe entend\u00ed bien cuando dijiste\u2026?\u201d evita malentendidos y fortalece la conexi\u00f3n.<\/p>\n\n\n\n<p><strong>M\u00e1s all\u00e1 de las palabras<\/strong><\/p>\n\n\n\n<p>La escucha activa se aplica en m\u00faltiples contextos: desde conversaciones personales hasta debates, clases, entrevistas o reuniones laborales. Como muestran los estudios citados por Medina, existen distintos tipos \u2014emp\u00e1tica, apreciativa, comprensiva y cr\u00edtica\u2014 que permiten profundizar en la comunicaci\u00f3n seg\u00fan la situaci\u00f3n.<\/p>\n\n\n\n<blockquote class=\"wp-block-quote is-layout-flow wp-block-quote-is-layout-flow\">\n<p>En un entorno cada vez m\u00e1s mediado por pantallas y notificaciones, cultivar esta habilidad se vuelve urgente. Escuchar activamente no solo mejora la comunicaci\u00f3n: transforma la manera en que nos relacionamos con los dem\u00e1s y con nosotros mismos. Y, como recuerda una de las especialistas consultadas, \u201cla verdadera escucha activa nos permite conectar y entender mejor a quienes nos hablan\u201d.<\/p>\n<\/blockquote>","protected":false},"excerpt":{"rendered":"<p>La escucha activa mejora la comunicaci\u00f3n, la empat\u00eda y los v\u00ednculos. Conoce por qu\u00e9 o\u00edr no basta y c\u00f3mo desarrollar esta habilidad.<\/p>","protected":false},"author":49,"featured_media":710819,"comment_status":"open","ping_status":"open","sticky":false,"template":"","format":"standard","meta":{"_acf_changed":false,"footnotes":""},"categories":[60],"tags":[10341,53,11201,11776,386,1422,11774,11775,240,242],"class_list":["post-710818","post","type-post","status-publish","format-standard","has-post-thumbnail","hentry","category-blog","tag-conciencia","tag-educacion","tag-escucha-activa","tag-escuchar","tag-estudiantes","tag-innovacion-en-educacion","tag-intencion","tag-presencia","tag-psicologia","tag-unifranz"],"acf":[],"_links":{"self":[{"href":"https:\/\/unifranz.edu.bo\/pt\/wp-json\/wp\/v2\/posts\/710818","targetHints":{"allow":["GET"]}}],"collection":[{"href":"https:\/\/unifranz.edu.bo\/pt\/wp-json\/wp\/v2\/posts"}],"about":[{"href":"https:\/\/unifranz.edu.bo\/pt\/wp-json\/wp\/v2\/types\/post"}],"author":[{"embeddable":true,"href":"https:\/\/unifranz.edu.bo\/pt\/wp-json\/wp\/v2\/users\/49"}],"replies":[{"embeddable":true,"href":"https:\/\/unifranz.edu.bo\/pt\/wp-json\/wp\/v2\/comments?post=710818"}],"version-history":[{"count":1,"href":"https:\/\/unifranz.edu.bo\/pt\/wp-json\/wp\/v2\/posts\/710818\/revisions"}],"predecessor-version":[{"id":710820,"href":"https:\/\/unifranz.edu.bo\/pt\/wp-json\/wp\/v2\/posts\/710818\/revisions\/710820"}],"wp:featuredmedia":[{"embeddable":true,"href":"https:\/\/unifranz.edu.bo\/pt\/wp-json\/wp\/v2\/media\/710819"}],"wp:attachment":[{"href":"https:\/\/unifranz.edu.bo\/pt\/wp-json\/wp\/v2\/media?parent=710818"}],"wp:term":[{"taxonomy":"category","embeddable":true,"href":"https:\/\/unifranz.edu.bo\/pt\/wp-json\/wp\/v2\/categories?post=710818"},{"taxonomy":"post_tag","embeddable":true,"href":"https:\/\/unifranz.edu.bo\/pt\/wp-json\/wp\/v2\/tags?post=710818"}],"curies":[{"name":"wp","href":"https:\/\/api.w.org\/{rel}","templated":true}]}}