{"id":710814,"date":"2025-12-30T18:16:16","date_gmt":"2025-12-30T22:16:16","guid":{"rendered":"https:\/\/unifranz.edu.bo\/?p=710814"},"modified":"2025-12-30T18:16:20","modified_gmt":"2025-12-30T22:16:20","slug":"cinco-senales-de-alarma-que-indican-una-posible-emergencia-respiratoria-y-cuando-buscar-ayuda-medica-urgente","status":"publish","type":"post","link":"https:\/\/unifranz.edu.bo\/pt\/blog\/cinco-senales-de-alarma-que-indican-una-posible-emergencia-respiratoria-y-cuando-buscar-ayuda-medica-urgente\/","title":{"rendered":"Cinco se\u00f1ales de alarma que indican una posible emergencia respiratoria y cu\u00e1ndo buscar ayuda m\u00e9dica urgente"},"content":{"rendered":"<p>La dificultad para respirar es uno de los s\u00edntomas que con mayor frecuencia moviliza a la poblaci\u00f3n hacia los servicios de salud, especialmente durante los cambios bruscos de temperatura. En Bolivia, donde las enfermedades respiratorias contin\u00faan entre las principales amenazas sanitarias, reconocer oportunamente los signos de alarma puede marcar la diferencia entre una atenci\u00f3n eficaz y una complicaci\u00f3n grave.\u00a0<\/p>\n\n\n\n<blockquote class=\"wp-block-quote is-layout-flow wp-block-quote-is-layout-flow\">\n<p>\u201cLos pulmones son \u00f3rganos silenciosos: no duelen, y muchas veces no dan se\u00f1ales hasta que el da\u00f1o ya es avanzado\u201d, advierte Laura Mar\u00edn, m\u00e9dica general y docente de la carrera de Medicina de la Universidad Franz Tamayo (Unifranz).<\/p>\n<\/blockquote>\n\n\n\n<p>Mar\u00edn recuerda que en el pa\u00eds los pulmones se ven afectados principalmente por cinco grupos de enfermedades \u2014tuberculosis, EPOC, asma, infecciones respiratorias agudas y c\u00e1ncer de pulm\u00f3n\u2014, afecciones que pueden desencadenar episodios de emergencia si no se detectan a tiempo.&nbsp;<\/p>\n\n\n\n<blockquote class=\"wp-block-quote is-layout-flow wp-block-quote-is-layout-flow\">\n<p>\u201cEs fundamental no esperar a tener s\u00edntomas graves para consultar con un m\u00e9dico\u201d, subraya la doctora.<\/p>\n<\/blockquote>\n\n\n\n<p>Seg\u00fan un art\u00edculo publicado por The Independent, el Reino Unido registr\u00f3 m\u00e1s de 2,2 millones de ingresos de urgencia por causas respiratorias entre abril de 2024 y marzo de 2025, una cifra que refleja el aumento de episodios cr\u00edticos que requieren atenci\u00f3n inmediata. En ese contexto, Andy Whittamore, m\u00e9dico y director cl\u00ednico de Asthma + Lung UK, identific\u00f3 cinco se\u00f1ales clave que deben motivar una consulta de emergencia, se\u00f1ales que coinciden con los criterios cl\u00ednicos que tambi\u00e9n eval\u00faan especialistas bolivianos.<\/p>\n\n\n\n<figure class=\"wp-block-image size-large\"><img loading=\"lazy\" decoding=\"async\" width=\"1024\" height=\"1024\" src=\"https:\/\/unifranz.edu.bo\/wp-content\/uploads\/2025\/12\/INFOGRAFIA-BLOG-EMERGENCIA-RESPIRATORIA-1024x1024.png\" alt=\"\" class=\"wp-image-710816\" srcset=\"https:\/\/unifranz.edu.bo\/wp-content\/uploads\/2025\/12\/INFOGRAFIA-BLOG-EMERGENCIA-RESPIRATORIA-1024x1024.png 1024w, https:\/\/unifranz.edu.bo\/wp-content\/uploads\/2025\/12\/INFOGRAFIA-BLOG-EMERGENCIA-RESPIRATORIA-300x300.png 300w, https:\/\/unifranz.edu.bo\/wp-content\/uploads\/2025\/12\/INFOGRAFIA-BLOG-EMERGENCIA-RESPIRATORIA-768x768.png 768w, https:\/\/unifranz.edu.bo\/wp-content\/uploads\/2025\/12\/INFOGRAFIA-BLOG-EMERGENCIA-RESPIRATORIA-12x12.png 12w, https:\/\/unifranz.edu.bo\/wp-content\/uploads\/2025\/12\/INFOGRAFIA-BLOG-EMERGENCIA-RESPIRATORIA.png 1333w\" sizes=\"auto, (max-width: 1024px) 100vw, 1024px\" \/><\/figure>\n\n\n\n<p>A continuaci\u00f3n, se detallan las cinco se\u00f1ales de alarma ante una posible emergencia respiratoria:<\/p>\n\n\n\n<ol class=\"wp-block-list\">\n<li><strong>Disnea grave<\/strong><br>La incapacidad para completar frases o la aparici\u00f3n repentina de falta de aire constituye un s\u00edntoma cr\u00edtico. Whittamore advierte que esta manifestaci\u00f3n puede indicar un ataque respiratorio potencialmente mortal, por lo que la valoraci\u00f3n m\u00e9dica debe ser inmediata .<\/li>\n\n\n\n<li><strong>Opresi\u00f3n o dolor en el pecho<\/strong><br>La presi\u00f3n tor\u00e1cica puede relacionarse con crisis de asma, neumon\u00eda o incluso afecciones card\u00edacas. Si el s\u00edntoma aparece de forma s\u00fabita o se intensifica r\u00e1pidamente, debe considerarse una urgencia.<\/li>\n\n\n\n<li><strong>Coloraci\u00f3n azulada en labios o dedos (cianosis)<\/strong><br>Esta tonalidad azulada indica un descenso peligroso en los niveles de ox\u00edgeno. El especialista explica que, acompa\u00f1ada de dificultad respiratoria, constituye una emergencia que requiere intervenci\u00f3n inmediata.<\/li>\n\n\n\n<li><strong>Respiraci\u00f3n acelerada o ruidosa, con sibilancias<\/strong><br>La aparici\u00f3n repentina de silbidos o una respiraci\u00f3n r\u00e1pida puede se\u00f1alar un estrechamiento de las v\u00edas respiratorias, t\u00edpico de crisis asm\u00e1ticas o infecciones severas.<\/li>\n\n\n\n<li><strong>Confusi\u00f3n, mareos o fatiga extrema<\/strong><br>Estos s\u00edntomas neurol\u00f3gicos son una se\u00f1al de que el cuerpo no est\u00e1 distribuyendo ox\u00edgeno adecuadamente. La falta de atenci\u00f3n oportuna podr\u00eda desencadenar complicaciones en el coraz\u00f3n y el cerebro.<\/li>\n<\/ol>\n\n\n\n<p>Por su parte, Mar\u00edn destaca que, ante cualquiera de estas se\u00f1ales, mantener la calma es crucial, as\u00ed como seguir las indicaciones m\u00e9dicas previas en caso de pacientes con asma o EPOC.&nbsp;<\/p>\n\n\n\n<blockquote class=\"wp-block-quote is-layout-flow wp-block-quote-is-layout-flow\">\n<p>\u201cComo ciudadanos, debemos exigir aire limpio en nuestras ciudades; como individuos, debemos tomar decisiones saludables todos los d\u00edas\u201d, reflexiona, remarcando la responsabilidad compartida en la prevenci\u00f3n de riesgos respiratorios.<\/p>\n<\/blockquote>\n\n\n\n<p>Tambi\u00e9n recuerda la importancia de la vacunaci\u00f3n contra influenza y neumococo, del ejercicio regular y de evitar la exposici\u00f3n al humo de tabaco o le\u00f1a. Estas recomendaciones coinciden con las medidas se\u00f1aladas por Whittamore, quien insiste en que retrasar la consulta puede agravar cualquier afecci\u00f3n subyacente, incluso provocar da\u00f1os card\u00edacos y consecuencias irreversibles.<\/p>\n\n\n\n<p>En un pa\u00eds donde la exposici\u00f3n a contaminantes y la falta de diagn\u00f3stico temprano a\u00fan representan desaf\u00edos, reconocer estas cinco se\u00f1ales de alarma puede salvar vidas. Los especialistas coinciden: si la respiraci\u00f3n cambia de forma repentina, si el pecho duele o si el cuerpo parece quedarse sin ox\u00edgeno, la acci\u00f3n m\u00e9dica inmediata es la \u00fanica respuesta segura.<\/p>","protected":false},"excerpt":{"rendered":"<p>Falta de aire, cianosis y confusi\u00f3n: identifica las cinco se\u00f1ales de alarma de una posible emergencia respiratoria.<\/p>","protected":false},"author":49,"featured_media":710815,"comment_status":"open","ping_status":"open","sticky":false,"template":"","format":"standard","meta":{"_acf_changed":false,"footnotes":""},"categories":[60],"tags":[11770,11773,11771,10639,11716,1422,49,11772,124,242],"class_list":["post-710814","post","type-post","status-publish","format-standard","has-post-thumbnail","hentry","category-blog","tag-cianosis","tag-confusion","tag-disnea","tag-emergencias-medicas","tag-enfermedades-respiratorias","tag-innovacion-en-educacion","tag-medicina","tag-opresion-en-el-pecho","tag-salud","tag-unifranz"],"acf":[],"_links":{"self":[{"href":"https:\/\/unifranz.edu.bo\/pt\/wp-json\/wp\/v2\/posts\/710814","targetHints":{"allow":["GET"]}}],"collection":[{"href":"https:\/\/unifranz.edu.bo\/pt\/wp-json\/wp\/v2\/posts"}],"about":[{"href":"https:\/\/unifranz.edu.bo\/pt\/wp-json\/wp\/v2\/types\/post"}],"author":[{"embeddable":true,"href":"https:\/\/unifranz.edu.bo\/pt\/wp-json\/wp\/v2\/users\/49"}],"replies":[{"embeddable":true,"href":"https:\/\/unifranz.edu.bo\/pt\/wp-json\/wp\/v2\/comments?post=710814"}],"version-history":[{"count":1,"href":"https:\/\/unifranz.edu.bo\/pt\/wp-json\/wp\/v2\/posts\/710814\/revisions"}],"predecessor-version":[{"id":710817,"href":"https:\/\/unifranz.edu.bo\/pt\/wp-json\/wp\/v2\/posts\/710814\/revisions\/710817"}],"wp:featuredmedia":[{"embeddable":true,"href":"https:\/\/unifranz.edu.bo\/pt\/wp-json\/wp\/v2\/media\/710815"}],"wp:attachment":[{"href":"https:\/\/unifranz.edu.bo\/pt\/wp-json\/wp\/v2\/media?parent=710814"}],"wp:term":[{"taxonomy":"category","embeddable":true,"href":"https:\/\/unifranz.edu.bo\/pt\/wp-json\/wp\/v2\/categories?post=710814"},{"taxonomy":"post_tag","embeddable":true,"href":"https:\/\/unifranz.edu.bo\/pt\/wp-json\/wp\/v2\/tags?post=710814"}],"curies":[{"name":"wp","href":"https:\/\/api.w.org\/{rel}","templated":true}]}}