{"id":710791,"date":"2025-12-30T09:16:35","date_gmt":"2025-12-30T13:16:35","guid":{"rendered":"https:\/\/unifranz.edu.bo\/?p=710791"},"modified":"2026-01-04T10:46:45","modified_gmt":"2026-01-04T14:46:45","slug":"asi-se-forman-los-profesionales-del-futuro-estudiantes-de-unifranz-crean-cuero-vegetal-ecologico","status":"publish","type":"post","link":"https:\/\/unifranz.edu.bo\/pt\/blog\/asi-se-forman-los-profesionales-del-futuro-estudiantes-de-unifranz-crean-cuero-vegetal-ecologico\/","title":{"rendered":"As\u00ed se forman los profesionales del futuro: estudiantes de Unifranz crean cuero vegetal ecol\u00f3gico"},"content":{"rendered":"<p>Desde la investigaci\u00f3n universitaria y con un fuerte compromiso ambiental, estudiantes de Bioqu\u00edmica y Farmacia de la Universidad Franz Tamayo, Unifranz, desarrollaron cuero vegetal biodegradable como alternativa sostenible al cuero animal y sint\u00e9tico. El proyecto demuestra c\u00f3mo la ciencia aplicada puede responder a desaf\u00edos ambientales reales a partir del modelo de aprender haciendo.<\/p>\n\n\n\n<p>La iniciativa fue liderada por Mayli Cervantes Chileno, quien enfoc\u00f3 su investigaci\u00f3n en la b\u00fasqueda de materiales ecoamigables que reduzcan el impacto ambiental de la industria tradicional del cuero. Para ello, junto a su grupo de compa\u00f1eras parti\u00f3 del an\u00e1lisis de residuos org\u00e1nicos comunes en Bolivia, como c\u00e1scaras de fruta, hojas de pi\u00f1a y restos de yerba mate.<\/p>\n\n\n\n<blockquote class=\"wp-block-quote is-layout-flow wp-block-quote-is-layout-flow\">\n<p>\u201cLa idea naci\u00f3 al investigar una alternativa sostenible al cuero animal y sint\u00e9tico, identificando residuos org\u00e1nicos que se desechan a diario y que pod\u00edan transformarse en un biomaterial. A partir de ese an\u00e1lisis, desarrollamos un cuero vegetal biodegradable y org\u00e1nico mediante procesos experimentales en laboratorio\u201d, explic\u00f3 la estudiante.&nbsp;<\/p>\n<\/blockquote>\n\n\n\n<p>El biomaterial destaca por su bajo impacto ambiental, ya que no requiere un alto consumo de agua ni el uso de sustancias qu\u00edmicas t\u00f3xicas durante su elaboraci\u00f3n. A diferencia del cuero animal, este cuero vegetal es biodegradable y, al finalizar su ciclo de vida, puede convertirse en abono y ayudar a la fertilizaci\u00f3n de la tierra.<\/p>\n\n\n\n<figure class=\"wp-block-image size-large\"><img loading=\"lazy\" decoding=\"async\" width=\"1024\" height=\"527\" src=\"https:\/\/unifranz.edu.bo\/wp-content\/uploads\/2025\/12\/IMG_5388-1024x527.jpeg\" alt=\"\" class=\"wp-image-710796\" srcset=\"https:\/\/unifranz.edu.bo\/wp-content\/uploads\/2025\/12\/IMG_5388-1024x527.jpeg 1024w, https:\/\/unifranz.edu.bo\/wp-content\/uploads\/2025\/12\/IMG_5388-300x154.jpeg 300w, https:\/\/unifranz.edu.bo\/wp-content\/uploads\/2025\/12\/IMG_5388-768x395.jpeg 768w, https:\/\/unifranz.edu.bo\/wp-content\/uploads\/2025\/12\/IMG_5388-18x9.jpeg 18w, https:\/\/unifranz.edu.bo\/wp-content\/uploads\/2025\/12\/IMG_5388.JPEG 1536w\" sizes=\"auto, (max-width: 1024px) 100vw, 1024px\" \/><figcaption class=\"wp-element-caption\">Futuros profesionales comprometidos con el medio ambiente<\/figcaption><\/figure>\n\n\n\n<p>El proceso de investigaci\u00f3n implic\u00f3 m\u00faltiples etapas de experimentaci\u00f3n, ensayo y error, fundamentales para lograr un material funcional y resistente. En las primeras pruebas, el cuero vegetal presentaba rigidez y fragilidad, lo que motiv\u00f3 nuevas formulaciones hasta alcanzar mayor flexibilidad y durabilidad.<\/p>\n\n\n\n<blockquote class=\"wp-block-quote is-layout-flow wp-block-quote-is-layout-flow\">\n<p>El proyecto cont\u00f3 con la mentor\u00eda acad\u00e9mica de Mary Cruz Mart\u00ednez, docente de la carrera de Bioqu\u00edmica y Farmacia de Unifranz, quien destac\u00f3 el valor formativo de la experiencia. \u201cEste proyecto surge de la preocupaci\u00f3n por el impacto ambiental del cuero tradicional y de la necesidad de promover alternativas sostenibles desde la ciencia, integrando conocimientos de bioqu\u00edmica, biotecnolog\u00eda y farmacia\u201d, se\u00f1al\u00f3.<\/p>\n<\/blockquote>\n\n\n\n<figure class=\"wp-block-embed is-type-video is-provider-youtube wp-block-embed-youtube wp-embed-aspect-16-9 wp-has-aspect-ratio\"><div class=\"wp-block-embed__wrapper\">\n<iframe loading=\"lazy\" title=\"Estudiantes de Unifranz (Santa Cruz) crean cuero vegetal ecol\u00f3gico\" width=\"500\" height=\"281\" src=\"https:\/\/www.youtube.com\/embed\/5ScsGCHhJMA?feature=oembed\" frameborder=\"0\" allow=\"accelerometer; autoplay; clipboard-write; encrypted-media; gyroscope; picture-in-picture; web-share\" referrerpolicy=\"strict-origin-when-cross-origin\" allowfullscreen><\/iframe>\n<\/div><\/figure>\n\n\n\n<p>Desde la perspectiva acad\u00e9mica, la docente resalt\u00f3 que el desarrollo del cuero vegetal permiti\u00f3 a los estudiantes aplicar conocimientos t\u00e9cnicos en un contexto real. \u201cAdem\u00e1s de los procesos bioqu\u00edmicos y el an\u00e1lisis de materiales, fortalecieron habilidades como el pensamiento cr\u00edtico, el trabajo en equipo y la resoluci\u00f3n de problemas\u201d, afirm\u00f3 Mart\u00ednez.<\/p>\n\n\n\n<p>La versatilidad del cuero vegetal ampl\u00eda su proyecci\u00f3n hacia distintos sectores productivos, especialmente el dise\u00f1o y la moda sostenible. Con este material es posible elaborar bolsos, carteras, billeteras, prendas de vestir e incluso zapatos, dependiendo del grosor y tratamiento del biomaterial.<\/p>\n\n\n\n<p>Este proyecto refleja el enfoque educativo de Unifranz, que promueve una formaci\u00f3n integral orientada a la innovaci\u00f3n, la sostenibilidad y la responsabilidad social. A trav\u00e9s de la investigaci\u00f3n aplicada, la universidad impulsa a sus estudiantes a convertirse en profesionales capaces de generar soluciones creativas y con impacto positivo en la sociedad y el medioambiente.<\/p>","protected":false},"excerpt":{"rendered":"<p>Desde la investigaci\u00f3n universitaria y con un fuerte compromiso ambiental, estudiantes de Bioqu\u00edmica y Farmacia de la Universidad Franz Tamayo, Unifranz, desarrollaron cuero vegetal biodegradable como alternativa sostenible al cuero animal y sint\u00e9tico. El proyecto demuestra c\u00f3mo la ciencia aplicada puede responder a desaf\u00edos ambientales reales a partir del modelo de aprender haciendo. La iniciativa &hellip; <a href=\"https:\/\/unifranz.edu.bo\/pt\/blog\/asi-se-forman-los-profesionales-del-futuro-estudiantes-de-unifranz-crean-cuero-vegetal-ecologico\/\">Continued<\/a><\/p>","protected":false},"author":33,"featured_media":710795,"comment_status":"open","ping_status":"open","sticky":false,"template":"","format":"standard","meta":{"_acf_changed":false,"footnotes":""},"categories":[2576,1948,60],"tags":[833,1422,218,242,3624],"class_list":["post-710791","post","type-post","status-publish","format-standard","has-post-thumbnail","hentry","category-unifranz-santa-cruz","category-bioquimica-y-farmacia","category-blog","tag-bioquimica-y-farmacia","tag-innovacion-en-educacion","tag-tecnologia","tag-unifranz","tag-unifranz-santa-cruz"],"acf":[],"_links":{"self":[{"href":"https:\/\/unifranz.edu.bo\/pt\/wp-json\/wp\/v2\/posts\/710791","targetHints":{"allow":["GET"]}}],"collection":[{"href":"https:\/\/unifranz.edu.bo\/pt\/wp-json\/wp\/v2\/posts"}],"about":[{"href":"https:\/\/unifranz.edu.bo\/pt\/wp-json\/wp\/v2\/types\/post"}],"author":[{"embeddable":true,"href":"https:\/\/unifranz.edu.bo\/pt\/wp-json\/wp\/v2\/users\/33"}],"replies":[{"embeddable":true,"href":"https:\/\/unifranz.edu.bo\/pt\/wp-json\/wp\/v2\/comments?post=710791"}],"version-history":[{"count":2,"href":"https:\/\/unifranz.edu.bo\/pt\/wp-json\/wp\/v2\/posts\/710791\/revisions"}],"predecessor-version":[{"id":710893,"href":"https:\/\/unifranz.edu.bo\/pt\/wp-json\/wp\/v2\/posts\/710791\/revisions\/710893"}],"wp:featuredmedia":[{"embeddable":true,"href":"https:\/\/unifranz.edu.bo\/pt\/wp-json\/wp\/v2\/media\/710795"}],"wp:attachment":[{"href":"https:\/\/unifranz.edu.bo\/pt\/wp-json\/wp\/v2\/media?parent=710791"}],"wp:term":[{"taxonomy":"category","embeddable":true,"href":"https:\/\/unifranz.edu.bo\/pt\/wp-json\/wp\/v2\/categories?post=710791"},{"taxonomy":"post_tag","embeddable":true,"href":"https:\/\/unifranz.edu.bo\/pt\/wp-json\/wp\/v2\/tags?post=710791"}],"curies":[{"name":"wp","href":"https:\/\/api.w.org\/{rel}","templated":true}]}}